{"id":595652,"date":"2023-09-14T00:01:33","date_gmt":"2023-09-14T06:01:33","guid":{"rendered":"https:\/\/www.diarioimagen.net\/?p=595652"},"modified":"2023-09-14T02:00:09","modified_gmt":"2023-09-14T08:00:09","slug":"aprueba-el-congreso-del-estado-de-mexico-ley-de-proteccion-laboral-david-parra-sanchez","status":"publish","type":"post","link":"https:\/\/www.diarioimagen.net\/?p=595652","title":{"rendered":"Aprueba el Congreso del Estado de M\u00e9xico ley de protecci\u00f3n laboral: David Parra S\u00e1nchez"},"content":{"rendered":"<p>&nbsp;<\/p>\n<ul>\n<li><em><strong>Urge armonizar legislaci\u00f3n local con la federal<\/strong><\/em><\/li>\n<\/ul>\n<p><strong>\u00a0<\/strong><\/p>\n<h6>Arturo Baena<\/h6>\n<p>&nbsp;<\/p>\n<div id=\"attachment_595715\" style=\"width: 470px\" class=\"wp-caption aligncenter\"><a href=\"https:\/\/www.diarioimagen.net\/?attachment_id=595715\" rel=\"attachment wp-att-595715\"><img loading=\"lazy\" decoding=\"async\" aria-describedby=\"caption-attachment-595715\" class=\"size-full wp-image-595715\" src=\"https:\/\/www.diarioimagen.net\/wp-content\/uploads\/2023\/09\/aprueba-congreso.jpg\" alt=\"\" width=\"460\" height=\"270\" \/><\/a><p id=\"caption-attachment-595715\" class=\"wp-caption-text\">David Parra propuso ampliar a dos meses el plazo para la prescripci\u00f3n de las acciones para exigir la reinstalaci\u00f3n en caso de suspensi\u00f3n o despido injustificado.<\/p><\/div>\n<p>&nbsp;<\/p>\n<p><strong>Toluca, Estado de M\u00e9xico.\u2014<\/strong> El Congreso del Estado de M\u00e9xico aprob\u00f3 por unanimidad reformas que buscan proteger derechos laborales de servidores p\u00fablicos y que fue propuesta por el diputado David Parra S\u00e1nchez.<\/p>\n<p>El Legislador priista propuso ampliar a dos meses el plazo para la prescripci\u00f3n de las acciones para exigir la reinstalaci\u00f3n en caso de suspensi\u00f3n o despido injustificado.<\/p>\n<p>David Parra S\u00e1nchez dijo que las reformas a la Ley de Trabajo de los Servidores P\u00fablicos del Estado de M\u00e9xico y Municipios, buscan que las personas trabajadoras ejerzan sus derechos de igualdad de circunstancias con lo se\u00f1alado por la Ley Federal del Trabajo que establece un plazo de dos meses para iniciar las citadas acciones<\/p>\n<p>El diputado David Parra expuso en el pleno el dictamen elaborado por la Comisi\u00f3n del Trabajo y Previsi\u00f3n Social y subray\u00f3 la urgencia de armonizar la legislaci\u00f3n federal con la estatal a fin de contribuir a la justicia social y a la seguridad laboral de las personas servidoras p\u00fablicas al evitar sanciones o despidos injustificados en los diferentes niveles de gobierno.<\/p>\n<p>Sobre el particular, la clase trabajadora del Estado de M\u00e9xico, a trav\u00e9s de diversos l\u00edderes, agradecieron y aplaudieron la iniciativa presentada por el legislador David Parra S\u00e1nchez.<\/p>\n","protected":false},"excerpt":{"rendered":"<p>El Congreso del Estado de M\u00e9xico aprob\u00f3 por unanimidad reformas que buscan proteger derechos laborales de servidores p\u00fablicos y que fue propuesta por el diputado David Parra S\u00e1nchez.<\/p>\n","protected":false},"author":3,"featured_media":595715,"comment_status":"open","ping_status":"open","sticky":false,"template":"","format":"standard","meta":{"_monsterinsights_skip_tracking":false,"_monsterinsights_sitenote_active":false,"_monsterinsights_sitenote_note":"","_monsterinsights_sitenote_category":0,"footnotes":""},"categories":[5],"tags":[29035,43675,452],"class_list":["post-595652","post","type-post","status-publish","format-standard","has-post-thumbnail","hentry","category-estado-de-mexico","tag-david-parra-sanchez","tag-estado-de-mexico","tag-toluca"],"_links":{"self":[{"href":"https:\/\/www.diarioimagen.net\/index.php?rest_route=\/wp\/v2\/posts\/595652","targetHints":{"allow":["GET"]}}],"collection":[{"href":"https:\/\/www.diarioimagen.net\/index.php?rest_route=\/wp\/v2\/posts"}],"about":[{"href":"https:\/\/www.diarioimagen.net\/index.php?rest_route=\/wp\/v2\/types\/post"}],"author":[{"embeddable":true,"href":"https:\/\/www.diarioimagen.net\/index.php?rest_route=\/wp\/v2\/users\/3"}],"replies":[{"embeddable":true,"href":"https:\/\/www.diarioimagen.net\/index.php?rest_route=%2Fwp%2Fv2%2Fcomments&post=595652"}],"version-history":[{"count":0,"href":"https:\/\/www.diarioimagen.net\/index.php?rest_route=\/wp\/v2\/posts\/595652\/revisions"}],"wp:featuredmedia":[{"embeddable":true,"href":"https:\/\/www.diarioimagen.net\/index.php?rest_route=\/wp\/v2\/media\/595715"}],"wp:attachment":[{"href":"https:\/\/www.diarioimagen.net\/index.php?rest_route=%2Fwp%2Fv2%2Fmedia&parent=595652"}],"wp:term":[{"taxonomy":"category","embeddable":true,"href":"https:\/\/www.diarioimagen.net\/index.php?rest_route=%2Fwp%2Fv2%2Fcategories&post=595652"},{"taxonomy":"post_tag","embeddable":true,"href":"https:\/\/www.diarioimagen.net\/index.php?rest_route=%2Fwp%2Fv2%2Ftags&post=595652"}],"curies":[{"name":"wp","href":"https:\/\/api.w.org\/{rel}","templated":true}]}}