{"id":595722,"date":"2023-09-14T00:04:52","date_gmt":"2023-09-14T06:04:52","guid":{"rendered":"https:\/\/www.diarioimagen.net\/?p=595722"},"modified":"2023-09-14T02:06:42","modified_gmt":"2023-09-14T08:06:42","slug":"congruencia-en-politica","status":"publish","type":"post","link":"https:\/\/www.diarioimagen.net\/?p=595722","title":{"rendered":"Congruencia en pol\u00edtica"},"content":{"rendered":"<h2>Desde el portal<\/h2>\n<h5>\u00c1ngel Soriano<\/h5>\n<p>&nbsp;<\/p>\n<p>No se puede gobernar este pa\u00eds de gente creativa sin autoridad moral ni falta de congruencia estableci\u00f3 el presidente Andr\u00e9s Manuel L\u00f3pez Obrador al criticar, sin mencionar su nombre, a la abanderada presidencial del Frente Amplio por M\u00e9xico, senadora X\u00f3chitl G\u00e1lvez, que antes arremet\u00eda \u2014como pi\u00f1ata\u2014, al PRI, y ahora representa sus siglas en la contienda de 2024.<\/p>\n<p>Es exactamente lo mismo lo que hacen sus l\u00edderes: El PAN fue creado para combatir las acciones y\u00a0 postulados nacionalistas de los sucesivos gobiernos revolucionarios y crear una alternativa para el pueblo de M\u00e9xico, apegado a la doctrina conservadora en la religi\u00f3n, educaci\u00f3n, empresa, social, abanderando las causas de ese sector.<\/p>\n<p>Lo mismo ocurri\u00f3 con el PRD, fundado por Cuauht\u00e9moc C\u00e1rdenas: Una izquierda nacionalista contra un PRI o un PAN en manos de sectores que se hab\u00edan apoderado del aparato administrativo para satisfacer intereses familiares y de facciones, descartando a los sectores democr\u00e1ticos, m\u00e1s apegados a los grupos vulnerables y partidarios de la democracia.<\/p>\n<p>Hoy ya no hay ideolog\u00eda ni convicciones: Hay una mezcla de intereses personales para arrebatar al actual grupo en el poder del aparato administrativo y seguir, como en el pasado, en el uso de las facultades legales para utilizarlas en beneficio de una sola clase, al margen de los sectores mayoritarios. No hay congruencia ni autoridad moral, hay inter\u00e9s faccioso, mercantil.<\/p>\n<p style=\"text-align: center;\"><strong>TURBULENCIAS<br \/>\nVan contra propiedades de X\u00f3chitl G\u00e1lvez<\/strong><\/p>\n<p>\u00a0Y al arreciar la lucha pol\u00edtica, a la senadora del PAN X\u00f3chitl G\u00e1lvez le sacan sus trapitos al sol cuando fue delegada en la Miguel Hidalgo. Y habr\u00e1 de reconocer que el manejo de las demarcaciones -como de cualquier municipio del pa\u00eds-, es una lucrativa empresa en donde se trafica con todo en un inmenso mercado como es la ciudad de M\u00e9xico. Nadie puede negar la inmensa corrupci\u00f3n que existe en las ahora flamantes alcald\u00edas donde hasta los m\u00e1s modestos empleados est\u00e1n involucrados en acciones de corrupci\u00f3n administrativa, y no de ahora, sino de d\u00e9cadas y de todos los partidos, no s\u00f3lo de uno, por lo que lo que se encontrar\u00e1 en la Miguel Hidalgo, una de las m\u00e1s ricas de la capital del pa\u00eds, ser\u00e1 suficiente para exhibir a la hasta ahora adelantada candidata presidencial\u2026 La integraci\u00f3n del senador zacatecano Ricardo Monreal como coordinador de enlace territorial de la campa\u00f1a de la cient\u00edfica Claudia Sheinbaum, ataja la profundizaci\u00f3n de la ruptura en Morena e integra a un valioso cuadro a la contienda morenista por el Palacio Nacional, lo mismo ocurrir\u00e1 con Ad\u00e1n Augusto L\u00f3pez Hern\u00e1ndez, por quienes muchos apostaron dada la cercan\u00eda que tiene con el presidente L\u00f3pez Obrador. El notario tabasque\u00f1o tambi\u00e9n pens\u00f3 que eso era suficiente para ser encumbrado candidato\u2026Y Omar Garc\u00eda Harfuch se estrena como flamante asesor de la doctora Sheinbaum, aparece sonriente en una de las fotos distribuidas por la oficina de la responsable de los comit\u00e9s de defensa de la Cuarta Transformaci\u00f3n al lado del l\u00edder nacional de Morena, Mario Delgado Carrillo\u2026 A Alfonso Durazo Monta\u00f1o sus coterr\u00e1neos le reclamaban que regrese a Sonora a cumplir con el deber para el que fue electo y deje la grilla en Morena para cuando termine su mandato. El mandatario sonorense afirma que son sus d\u00edas de vacaciones los que aprovecha para labores partidistas\u2026 A partir de este lunes se iniciar\u00e1 la actividad prelectoral para renovar 8 gubernaturas y la jefatura de gobierno de la CDMX, por lo que ya est\u00e1n m\u00e1s que apuntados los cercanos a la ex jefa de Gobierno y los integrantes de los equipos de los 5 contendientes a la nominaci\u00f3n presidencial, reclamando espacios en pago por sus servicios. Y sin duda que se los pagar\u00e1n, para detener una posible ruptura morenista.<\/p>\n<p><u><\/u><u><a href=\"mailto:asorianocarrasco@yahoo.com\" target=\"_blank\" rel=\"noopener noreferrer\"><em>asorianocarrasco@yahoo.com<\/em><\/a><br \/>\n<em><a href=\"https:\/\/revistabrecha.com\" target=\"_blank\" rel=\"noopener noreferrer\">www.revistabrecha.com<\/a><br \/>\n<\/em><\/u><em>facebook oficial <a href=\"https:\/\/es-la.facebook.com\/RevistaBrecha.Oficial\" target=\"_blank\" rel=\"noopener\">@BrechaRevista<\/a><\/em><\/p>\n","protected":false},"excerpt":{"rendered":"<p><span style=\"color: #005497;\"><strong>\u00c1ngel Soriano<\/strong><\/span><\/p>\n","protected":false},"author":3,"featured_media":0,"comment_status":"open","ping_status":"open","sticky":false,"template":"","format":"standard","meta":{"_monsterinsights_skip_tracking":false,"_monsterinsights_sitenote_active":false,"_monsterinsights_sitenote_note":"","_monsterinsights_sitenote_category":0,"footnotes":""},"categories":[135],"tags":[85,86,43674],"class_list":["post-595722","post","type-post","status-publish","format-standard","hentry","category-angel-soriano-opinion","tag-angel-soriano","tag-desde-el-portal","tag-opinion"],"_links":{"self":[{"href":"https:\/\/www.diarioimagen.net\/index.php?rest_route=\/wp\/v2\/posts\/595722","targetHints":{"allow":["GET"]}}],"collection":[{"href":"https:\/\/www.diarioimagen.net\/index.php?rest_route=\/wp\/v2\/posts"}],"about":[{"href":"https:\/\/www.diarioimagen.net\/index.php?rest_route=\/wp\/v2\/types\/post"}],"author":[{"embeddable":true,"href":"https:\/\/www.diarioimagen.net\/index.php?rest_route=\/wp\/v2\/users\/3"}],"replies":[{"embeddable":true,"href":"https:\/\/www.diarioimagen.net\/index.php?rest_route=%2Fwp%2Fv2%2Fcomments&post=595722"}],"version-history":[{"count":0,"href":"https:\/\/www.diarioimagen.net\/index.php?rest_route=\/wp\/v2\/posts\/595722\/revisions"}],"wp:attachment":[{"href":"https:\/\/www.diarioimagen.net\/index.php?rest_route=%2Fwp%2Fv2%2Fmedia&parent=595722"}],"wp:term":[{"taxonomy":"category","embeddable":true,"href":"https:\/\/www.diarioimagen.net\/index.php?rest_route=%2Fwp%2Fv2%2Fcategories&post=595722"},{"taxonomy":"post_tag","embeddable":true,"href":"https:\/\/www.diarioimagen.net\/index.php?rest_route=%2Fwp%2Fv2%2Ftags&post=595722"}],"curies":[{"name":"wp","href":"https:\/\/api.w.org\/{rel}","templated":true}]}}