{"id":595730,"date":"2023-09-14T00:03:09","date_gmt":"2023-09-14T06:03:09","guid":{"rendered":"https:\/\/www.diarioimagen.net\/?p=595730"},"modified":"2023-09-14T02:15:28","modified_gmt":"2023-09-14T08:15:28","slug":"ejecutivo-sin-poder-judicial-pero-si-con-militares","status":"publish","type":"post","link":"https:\/\/www.diarioimagen.net\/?p=595730","title":{"rendered":"Ejecutivo sin Poder Judicial, pero s\u00ed con militares"},"content":{"rendered":"<h2>Espacio Electoral<\/h2>\n<h5>Eleazar Flores<\/h5>\n<p>&nbsp;<\/p>\n<p><strong>ES FONDO, NO FORMA-.<\/strong> Contra lo que pudiera pensarse, la presencia de los TRES PODERES de la UNI\u00d3N en las ceremonias oficiales no se reduce a la FORMA, sino al FONDO, pues tomas y fotos en los medios de comunicaci\u00f3n llegan a todas partes del mundo, apreciando televidentes y lectores, que el pa\u00eds est\u00e1 integrado por los poderes EJECUTIVO, LEGISLATIVO Y JUDICIAL.<\/p>\n<p>Estos integran la tr\u00edpode legal y pol\u00edtica, tal como lo se\u00f1ala la Constituci\u00f3n General de los Estados Unidos Mexicanos, que todos, empezando por quienes los integran y\/o presiden, y tambi\u00e9n con la observancia obligatoria de todos quienes presumimos nuestra nacionalidad siempre, no s\u00f3lo cuando gana la selecci\u00f3n de futbol y no tanto cuando pierde.<\/p>\n<p>Sin exagerar, el CRITERIO SEPARATISTA del presidente Andr\u00e9s Manuel L\u00f3pez Obrador viene de varias fechas atr\u00e1s, justamente en d\u00edas hist\u00f3ricos para el pa\u00eds por lo que las ausencias, y tambi\u00e9n las presencias, se notan m\u00e1s que en cualquier d\u00eda menos importante del calendario civico, ese que antes, los docentes inculcaban a sus alumnos de educaci\u00f3n b\u00e1sica.<\/p>\n<p><strong>DOS Y SER\u00c1N TRES-.<\/strong> Ausencias de la presidenta de la Suprema Corte de Justicia de la Naci\u00f3n inician a \u00faltimas fechas, en la lectura del en\u00e9simo informe del Presidente de la Rep\u00fablica el pasado primero de septiembre en el sureste mexicano, eso s\u00ed, resaltaron la PRESENCIA de los secretarios, tanto de la Defensa Nacional como de la Marina Armada de M\u00e9xico, pero no los culpe, ellos obedecen \u00f3rdenes como cabezas del PUEBLO UNIFORMADO.<\/p>\n<p>La segunda ausencia fue apenas ayer en la ceremonia oficial en honor a los NI\u00d1OS H\u00c9ROES, ahora que, en busca de sensibilizar a la poblaci\u00f3n para no olvidar fechas tan importantes, hasta se estrena una pel\u00edcula acerca del tema, aportando la comunidad del cine nacional su granito de arena, industria cinematogr\u00e1fica tan castigada por la Cuarta Transformaci\u00f3n, v\u00eda desapoyos presupuestales cada a\u00f1o menos que el anterior.<\/p>\n<p>LA TERCERA ausencia seguro que no ser\u00e1 la \u00faltima y la ha anunciado el mismo Presidente de la Rep\u00fablica, con el \u00bfS\u00d3LIDO ARGUMENTO? del evidente distanciamiento con el Poder Judicial, que con sus decisiones jur\u00eddicas contra propuestas del Ejecutivo, \u00e9ste ve como rival a todos los integrantes de la Suprema Corte, con el agregado que protegen a los delincuente de cuello blanco.<\/p>\n<p>Con tomas televisivas y fotograf\u00edas period\u00edsticas que llegan las primeras hasta otros pa\u00edses y las segundas a quienes leemos la prensa, en el extranjero llegar\u00e1 \u00bfo ya lleg\u00f3?, el tiempo en que el mandatario aparezca flanqueado solamente por militares y marinos.<\/p>\n<p>Pensar\u00e1 usted que es exagerado pero ceremonias con predominio de presencia militar s\u00f3lo nos llegan de otras naciones donde los gobiernos son militares, ejemplos sobran.<\/p>\n<p><em><a href=\"mailto:elefa44@gmail.com\" target=\"_blank\" rel=\"noopener noreferrer\">elefa44@gmail.com<\/a><\/em><\/p>\n","protected":false},"excerpt":{"rendered":"<p><span style=\"color: #005497;\"><strong>Eleazar Flores<\/strong><\/span><\/p>\n","protected":false},"author":3,"featured_media":0,"comment_status":"open","ping_status":"open","sticky":false,"template":"","format":"standard","meta":{"_monsterinsights_skip_tracking":false,"_monsterinsights_sitenote_active":false,"_monsterinsights_sitenote_note":"","_monsterinsights_sitenote_category":0,"footnotes":""},"categories":[81743],"tags":[81744,81776,43674],"class_list":["post-595730","post","type-post","status-publish","format-standard","hentry","category-eleazar-flores","tag-eleazar-flores","tag-espacio-electoral","tag-opinion"],"_links":{"self":[{"href":"https:\/\/www.diarioimagen.net\/index.php?rest_route=\/wp\/v2\/posts\/595730","targetHints":{"allow":["GET"]}}],"collection":[{"href":"https:\/\/www.diarioimagen.net\/index.php?rest_route=\/wp\/v2\/posts"}],"about":[{"href":"https:\/\/www.diarioimagen.net\/index.php?rest_route=\/wp\/v2\/types\/post"}],"author":[{"embeddable":true,"href":"https:\/\/www.diarioimagen.net\/index.php?rest_route=\/wp\/v2\/users\/3"}],"replies":[{"embeddable":true,"href":"https:\/\/www.diarioimagen.net\/index.php?rest_route=%2Fwp%2Fv2%2Fcomments&post=595730"}],"version-history":[{"count":0,"href":"https:\/\/www.diarioimagen.net\/index.php?rest_route=\/wp\/v2\/posts\/595730\/revisions"}],"wp:attachment":[{"href":"https:\/\/www.diarioimagen.net\/index.php?rest_route=%2Fwp%2Fv2%2Fmedia&parent=595730"}],"wp:term":[{"taxonomy":"category","embeddable":true,"href":"https:\/\/www.diarioimagen.net\/index.php?rest_route=%2Fwp%2Fv2%2Fcategories&post=595730"},{"taxonomy":"post_tag","embeddable":true,"href":"https:\/\/www.diarioimagen.net\/index.php?rest_route=%2Fwp%2Fv2%2Ftags&post=595730"}],"curies":[{"name":"wp","href":"https:\/\/api.w.org\/{rel}","templated":true}]}}