{"id":595737,"date":"2023-09-14T00:06:54","date_gmt":"2023-09-14T06:06:54","guid":{"rendered":"https:\/\/www.diarioimagen.net\/?p=595737"},"modified":"2023-09-14T02:20:31","modified_gmt":"2023-09-14T08:20:31","slug":"marcelo-alarga-su-salida","status":"publish","type":"post","link":"https:\/\/www.diarioimagen.net\/?p=595737","title":{"rendered":"Marcelo alarga su salida"},"content":{"rendered":"<h2>As\u00ed las cosas&#8230;<\/h2>\n<h5>Humberto Mares N.<\/h5>\n<p>&nbsp;<\/p>\n<p>Marcelo Ebrard ha mostrado que ha aprendido a moverse dentro de los hilos finos de la pol\u00edtica. Ha sido muy cuidadoso en su discurso para no mostrar furia, sino se ha ido por los argumentos legales y no personales. Est\u00e1 bien, cuida las formas. Ebrard ha aprendido de sus vivencias junto a Manuel Camacho Sol\u00eds, que vaya que vivieron momentos dif\u00edciles y muy similares a lo que vive el ex canciller.<\/p>\n<p>Definitivamente, Morena no da muestra de que vaya a darle la raz\u00f3n. La Comisi\u00f3n Nacional de Honestidad y Justicia de Morena dar\u00e1 su resoluci\u00f3n ante la impugnaci\u00f3n presentada y documentada por Marcelo, tomando el tiempo necesario y, seguramente, ser\u00e1 negativa, dado que todas las se\u00f1ales as\u00ed lo dicen.<\/p>\n<p>Marcelo lo sabe y es claro desde el primer momento que su equipo fue agredido en el World Trade Center en la CDMX, donde se llevaba a cabo el conteo y despu\u00e9s en conferencia de prensa Ebrard dijo claramente, su actitud lo dice, \u201cya no tenemos espacio en Morena\u201d. Concluy\u00f3 diciendo: \u201cPresentamos esta impugnaci\u00f3n y va a depender, la respuesta que tenga Morena, el curso de acci\u00f3n que nosotros vamos a seguir. Considero que si esas diferentes circunstancias que se dieron, incidencias en el proceso, se quedan igual, pues yo ya no tendr\u00e9 inter\u00e9s en estar en Morena\u201d.<\/p>\n<p>Durante su mensaje en reuni\u00f3n con cientos de seguidores entre pol\u00edticos, legisladores, estructura y simpatizantes, Ebrard anunci\u00f3 una gira por todo el pa\u00eds, pr\u00e1cticamente anunci\u00f3 la creaci\u00f3n de un movimiento pol\u00edtico nacional , con los integrantes de la estructura que desarroll\u00f3, pero cuid\u00f3 aclarar que no se trata de un nuevo partido pol\u00edtico. Ser\u00e1 el sereno, pero Marcelo est\u00e1 listo para seguir, porque le aseguro que har\u00e1 todo por estar en la boleta de 2024.<\/p>\n<p>Amag\u00f3 con salir de Morena si la dirigencia nacional rechaza su impugnaci\u00f3n para reponer el proceso interno. Tras un acuerdo con senadores y diputados federales que lo respaldan, que son decenas,\u00a0 Ebrard ofreci\u00f3 un mensaje en solitario para anunciar que se mantiene en Morena hasta que la Comisi\u00f3n Nacional de Honor y Justicia del partido desahogue la impugnaci\u00f3n que interpuso el pasado domingo, ya que present\u00f3 pruebas de supuestas \u00a1ilegalidades cometidas en el proceso interno. La respuesta de la Comisi\u00f3n de Honor y Justicia es clara, lo va a desechar y entonces Marcelo tendr\u00e1 los argumentos pol\u00edticos y de justicia para irse, sin que nadie le reclame.<\/p>\n<p>Marcelo est\u00e1 en el momento de lograr posiciones a su grupo. Varios legisladores, tanto senadores como diputados, quieren reelegirse o dar el brinco de chapulines de una c\u00e1mara a otra, y si renuncian con Marcelo lo perder\u00e1n y esa es la causa que Marcelo est\u00e1 alargando su salida, para dejar protegidos a sus seguidores, a su grupo pol\u00edtico.<\/p>\n<p>Este tema es importante para Morena, porque en total el grupo de legisladores que apoyan a Marcelo es grande, se habla de por lo menos 60 legisladores y podr\u00edan llegar a 120. Tan grande, que si salen del grupo parlamentario de Morena, el partido oficial perder\u00eda la mayor\u00eda absoluta en la c\u00e1mara de diputados y ese es la gran arma de Marcelo para lograr algo.<\/p>\n<p>El l\u00edder de la bancada de Morena en la C\u00e1mara de Diputados, Ignacio Mier, descart\u00f3 que haya presiones para que legisladores rompan con Marcelo Ebrard. Se\u00f1al\u00f3 que no permitir\u00e1 que se rompa la uni\u00f3n al interior de la bancada de Morena, ni tampoco en la coalici\u00f3n. Despu\u00e9s del proceso de elecci\u00f3n interna de Morena, la encomienda es sacar adelante el Paquete Econ\u00f3mico 2024. Le puedo adelantar, estimado lector, que Marcelo se ir\u00e1, pero se ir\u00e1 bien. La pregunta es: \u00bfa d\u00f3nde? S\u00f3lo le queda Movimiento Ciudadano. Esta es mi hip\u00f3tesis. Marcelo Ebrard es un buen pol\u00edtico y el ganador en esto ser\u00eda Movimiento Ciudadano.<\/p>\n<p style=\"text-align: center;\"><strong>Apuntes<\/strong><\/p>\n<p>Ricardo Monreal renunci\u00f3 a su lucha por la jefatura de gobierno de la CDMX. Se dio cuenta que su destino seguramente ser\u00e1 el gabinete si gana Claudia o el Legislativo. Monreal tiene en su haber la acusaci\u00f3n de haber apoyado con todo a Sandra Cuevas en la elecci\u00f3n del 21, en donde Morena perdi\u00f3 9 alcald\u00edas, entre ellas Cuauht\u00e9moc, que era la joya de la corona y tierra de los Bejaranos, que fueron derrotados. Esta en la lista de pendientes.<\/p>\n<p>Alfredo Del Mazo Maza, gobernador saliente del Estado de M\u00e9xico, entregar\u00e1 el gobierno a Delfina G\u00f3mez, gobernadora electa del estado, con lo que pone fin a la supremac\u00eda pol\u00edtica, historia y familiar. Tres miembros de la familia Del Mazo, llamados Alfredo, gobernaron el Estado de M\u00e9xico. Hijo de Alfredo del Mazo Gonz\u00e1lez, quien gobern\u00f3 de 1981-1986, nieto de Alfredo del Mazo V\u00e9lez, 1945-1951. Ambos fueron aspirantes a la Presidencia de la Rep\u00fablica por el PRI.<\/p>\n<p>Pero a ello se une el fin de la supremac\u00eda del Partido Revolucionario Institucional en el Estado de M\u00e9xico. El famoso grupo \u201cAtlacomulco\u201d tambi\u00e9n dej\u00f3 su papel de mandam\u00e1s en el estado. Alfredo Del Mazo Maza fue el gobernador n\u00famero 50 del Edomex. Pasar\u00e1 a la historia, pero no como hubiese querido la familia.<\/p>\n<p>Genera pol\u00e9mica el mayor d\u00e9ficit fiscal SHCP. Descarta la dependencia dejar \u2018bomba de tiempo\u2019 al pr\u00f3ximo gobierno, aunque los especialistas consideran que el deterioro de las finanzas p\u00fablicas planteado en el Paquete Econ\u00f3mico de 2024, llevar\u00eda a una degradaci\u00f3n de la calificaci\u00f3n crediticia y complicar\u00eda el trabajo del Banxico para abatir la inflaci\u00f3n.<\/p>\n<p>El economista en jefe de Hacienda, Rodrigo Mariscal, sali\u00f3 al paso de las cr\u00edticas por el mayor d\u00e9ficit y neg\u00f3 que dejaran una bomba de tiempo al siguiente gobierno, considerado el mayor nivel del d\u00e9ficit p\u00fablico para 2024, estimado en 4.9 por ciento. As\u00ed las cosas, hasta pronto.<\/p>\n<p><a href=\"mailto:hmares21@gmail.com\" target=\"_blank\" rel=\"noopener\"><em>hmares21@gmail.com<\/em><\/a><\/p>\n","protected":false},"excerpt":{"rendered":"<p><span style=\"color: #005497;\"><strong>Humberto Mares N.<\/strong><\/span><\/p>\n","protected":false},"author":3,"featured_media":0,"comment_status":"open","ping_status":"open","sticky":false,"template":"","format":"standard","meta":{"_monsterinsights_skip_tracking":false,"_monsterinsights_sitenote_active":false,"_monsterinsights_sitenote_note":"","_monsterinsights_sitenote_category":0,"footnotes":""},"categories":[15043],"tags":[92044,92045,43674],"class_list":["post-595737","post","type-post","status-publish","format-standard","hentry","category-humberto-mares-n","tag-asi-las-cosas","tag-humberto-mares-n","tag-opinion"],"_links":{"self":[{"href":"https:\/\/www.diarioimagen.net\/index.php?rest_route=\/wp\/v2\/posts\/595737","targetHints":{"allow":["GET"]}}],"collection":[{"href":"https:\/\/www.diarioimagen.net\/index.php?rest_route=\/wp\/v2\/posts"}],"about":[{"href":"https:\/\/www.diarioimagen.net\/index.php?rest_route=\/wp\/v2\/types\/post"}],"author":[{"embeddable":true,"href":"https:\/\/www.diarioimagen.net\/index.php?rest_route=\/wp\/v2\/users\/3"}],"replies":[{"embeddable":true,"href":"https:\/\/www.diarioimagen.net\/index.php?rest_route=%2Fwp%2Fv2%2Fcomments&post=595737"}],"version-history":[{"count":0,"href":"https:\/\/www.diarioimagen.net\/index.php?rest_route=\/wp\/v2\/posts\/595737\/revisions"}],"wp:attachment":[{"href":"https:\/\/www.diarioimagen.net\/index.php?rest_route=%2Fwp%2Fv2%2Fmedia&parent=595737"}],"wp:term":[{"taxonomy":"category","embeddable":true,"href":"https:\/\/www.diarioimagen.net\/index.php?rest_route=%2Fwp%2Fv2%2Fcategories&post=595737"},{"taxonomy":"post_tag","embeddable":true,"href":"https:\/\/www.diarioimagen.net\/index.php?rest_route=%2Fwp%2Fv2%2Ftags&post=595737"}],"curies":[{"name":"wp","href":"https:\/\/api.w.org\/{rel}","templated":true}]}}