{"id":595749,"date":"2023-09-14T00:06:58","date_gmt":"2023-09-14T06:06:58","guid":{"rendered":"https:\/\/www.diarioimagen.net\/?p=595749"},"modified":"2023-09-14T02:28:21","modified_gmt":"2023-09-14T08:28:21","slug":"en-linea-de-crecimiento","status":"publish","type":"post","link":"https:\/\/www.diarioimagen.net\/?p=595749","title":{"rendered":"En l\u00ednea de crecimiento"},"content":{"rendered":"<h2>Aunque pese<\/h2>\n<h5>Salvador Mart\u00ednez Garc\u00eda<\/h5>\n<p><strong>\u00a0<\/strong><\/p>\n<p>La estimaci\u00f3n de crecimiento econ\u00f3mico para 2024 planteada en el paquete econ\u00f3mico que la Secretar\u00eda de Hacienda entreg\u00f3 al Congreso de la Uni\u00f3n es entre 2.5 y 3.5 por ciento que, de alcanzarse, permitir\u00eda que M\u00e9xico tuviera un crecimiento mayor al de Estados Unidos por cuarto a\u00f1o consecutivo.<\/p>\n<p>Despu\u00e9s de la severa contracci\u00f3n de 8.8 por ciento en el a\u00f1o 2020 como consecuencia de la obligada par\u00e1lisis productiva por la pandemia de la Covid-19, no se ha dejado de crecer, incluso por arriba de lo que lo ha hecho el vecino pa\u00eds del norte.<\/p>\n<p>Actualmente, M\u00e9xico ocupa el lugar 14 en el mundo por el tama\u00f1o de su econom\u00eda estimada, con un Producto Interno Bruto (PIB) de 1 bill\u00f3n 291 mil millones de d\u00f3lares, con lo que se ubica tambi\u00e9n como la segunda econom\u00eda m\u00e1s grande de Am\u00e9rica Latina.<\/p>\n<p>En 2021, el PIB nacional creci\u00f3 6.1 por ciento, mientras que el de Estados Unidos lo hizo con 5.9 por ciento; en 2022 crecimos 3.9 por ciento y el vecino del norte lo hizo en 2.1 por ciento; para este a\u00f1o la estimaci\u00f3n es de 3 por ciento para M\u00e9xico y 2 por ciento para EUA y para 2024 la proyecci\u00f3n es del 3 por ciento aqu\u00ed y 1.8 por ciento all\u00e1.<\/p>\n<p>Nuestro pa\u00eds se ver\u00e1 estimulado en su recuperaci\u00f3n por el avance registrado en el consumo, el nearshoring y las crecientes remesas recibidas principalmente del norte.<\/p>\n<p>En tanto, Allende el Bravo ver\u00e1n dificultades para el crecimiento por el mantenimiento de elevadas tasas de inter\u00e9s que justamente buscan disminuir el crecimiento para combatir la inflaci\u00f3n.<\/p>\n<p>En general, las expectativas son buenas.<\/p>\n<p style=\"text-align: center;\"><strong>Susurros<\/strong><\/p>\n<p>Los reacomodos pol\u00edticos en medio oficial y la oposici\u00f3n registrados en las \u00faltimas semanas nos han alterado la confianza de los sectores productivos en la econom\u00eda nacional.<\/p>\n<p>Ni siquiera el disenso en Morena generado por Marcelo Ebrard ha impactado negativamente el \u00e1mbito econ\u00f3mico y, a menos que haya un verdadero cataclismo pol\u00edtico, todo mantendr\u00e1 la buena marcha.<\/p>\n<p>Por cierto, que para la Ciudad de M\u00e9xico y los ocho estados en los que habr\u00e1 renovaci\u00f3n de gobierno se anunci\u00f3 que este lunes 18 de septiembre se abrir\u00e1 la convocatoria para los aspirantes a candidatos a gobernador, cuyo registro ser\u00e1n los d\u00edas 25 y 26 de los corrientes.<\/p>\n<p>Para la capital de la Rep\u00fablica crece la figura de Omar Garc\u00eda Harfuch, pero a\u00fan no est\u00e1 definido si el candidato tuviese que ser hombre o mujer.<\/p>\n<p><a href=\"mailto:salvadormartinez@visionmx.com\" target=\"_blank\" rel=\"noopener\"><em>salvadormartinez@visionmx.com<\/em><\/a><br \/>\n<em>Twitter: <a href=\"https:\/\/twitter.com\/salvador_mtz\" target=\"_blank\" rel=\"noopener\">@salvador_mtz<\/a><\/em><\/p>\n","protected":false},"excerpt":{"rendered":"<p><span style=\"color: #005497;\"><strong>Salvador Mart\u00ednez Garc\u00eda<\/strong><\/span><\/p>\n","protected":false},"author":3,"featured_media":0,"comment_status":"open","ping_status":"open","sticky":false,"template":"","format":"standard","meta":{"_monsterinsights_skip_tracking":false,"_monsterinsights_sitenote_active":false,"_monsterinsights_sitenote_note":"","_monsterinsights_sitenote_category":0,"footnotes":""},"categories":[96743],"tags":[96744,43674,96745],"class_list":["post-595749","post","type-post","status-publish","format-standard","hentry","category-salvador-martinez-garcia","tag-aunque-pese","tag-opinion","tag-salvador-martinez-garcia"],"_links":{"self":[{"href":"https:\/\/www.diarioimagen.net\/index.php?rest_route=\/wp\/v2\/posts\/595749","targetHints":{"allow":["GET"]}}],"collection":[{"href":"https:\/\/www.diarioimagen.net\/index.php?rest_route=\/wp\/v2\/posts"}],"about":[{"href":"https:\/\/www.diarioimagen.net\/index.php?rest_route=\/wp\/v2\/types\/post"}],"author":[{"embeddable":true,"href":"https:\/\/www.diarioimagen.net\/index.php?rest_route=\/wp\/v2\/users\/3"}],"replies":[{"embeddable":true,"href":"https:\/\/www.diarioimagen.net\/index.php?rest_route=%2Fwp%2Fv2%2Fcomments&post=595749"}],"version-history":[{"count":0,"href":"https:\/\/www.diarioimagen.net\/index.php?rest_route=\/wp\/v2\/posts\/595749\/revisions"}],"wp:attachment":[{"href":"https:\/\/www.diarioimagen.net\/index.php?rest_route=%2Fwp%2Fv2%2Fmedia&parent=595749"}],"wp:term":[{"taxonomy":"category","embeddable":true,"href":"https:\/\/www.diarioimagen.net\/index.php?rest_route=%2Fwp%2Fv2%2Fcategories&post=595749"},{"taxonomy":"post_tag","embeddable":true,"href":"https:\/\/www.diarioimagen.net\/index.php?rest_route=%2Fwp%2Fv2%2Ftags&post=595749"}],"curies":[{"name":"wp","href":"https:\/\/api.w.org\/{rel}","templated":true}]}}