{"id":595777,"date":"2023-09-15T00:01:17","date_gmt":"2023-09-15T06:01:17","guid":{"rendered":"https:\/\/www.diarioimagen.net\/?p=595777"},"modified":"2023-09-15T01:03:09","modified_gmt":"2023-09-15T07:03:09","slug":"lopez-obrador-pide-evitar-campana-de-linchamiento-contra-xochitl-galvez","status":"publish","type":"post","link":"https:\/\/www.diarioimagen.net\/?p=595777","title":{"rendered":"L\u00f3pez Obrador pide evitar campa\u00f1a de linchamiento contra X\u00f3chitl G\u00e1lvez"},"content":{"rendered":"<p>&nbsp;<\/p>\n<h3 style=\"text-align: center;\">Llama a no utilizar la picota ni el marro<\/h3>\n<p>&nbsp;<\/p>\n<ul>\n<li><strong><em>Conmin\u00f3 a \u201cverlos como adversarios a vencer, no como enemigos a destruir\u201d<\/em><\/strong><\/li>\n<\/ul>\n<p>&nbsp;<\/p>\n<div id=\"attachment_595835\" style=\"width: 470px\" class=\"wp-caption aligncenter\"><a href=\"https:\/\/www.diarioimagen.net\/?attachment_id=595835\" rel=\"attachment wp-att-595835\"><img loading=\"lazy\" decoding=\"async\" aria-describedby=\"caption-attachment-595835\" class=\"size-full wp-image-595835\" src=\"https:\/\/www.diarioimagen.net\/wp-content\/uploads\/2023\/09\/amlo-5.jpg\" alt=\"\" width=\"460\" height=\"270\" \/><\/a><p id=\"caption-attachment-595835\" class=\"wp-caption-text\">El presidente Andr\u00e9s Manuel L\u00f3pez Obrador conmin\u00f3 a ver a integrantes de la oposici\u00f3n como adversarios a vencer, no como enemigos a destruir.<\/p><\/div>\n<p>&nbsp;<\/p>\n<p>Ante la exigencia de Morena en la Ciudad de M\u00e9xico de demoler el departamento de la candidata presidencial del Frente Amplio por M\u00e9xico, X\u00f3chitl G\u00e1lvez, ante supuestas irregularidades, el presidente Andr\u00e9s Manuel L\u00f3pez Obrador exhort\u00f3 a no replicar las pr\u00e1cticas de las campa\u00f1as de \u201clinchamiento\u201d como las que \u00e9l padeci\u00f3, por lo que pidi\u00f3 no usar el marro para destruir nada.<\/p>\n<p>Sin mencionar directamente a la senadora panista, expres\u00f3 que \u201cest\u00e1n hablando de la destrucci\u00f3n de la casa que se construy\u00f3 supuestamente sin papeles, sin permisos y que hay que destruir la casa de quien es representante (del frente opositor). No, ni quemar libros, ni utilizar la picota ni el marro para destruir nada\u201d.<\/p>\n<p>La polarizaci\u00f3n en el pa\u00eds se presenta en el llamado \u201cc\u00edrculo rojo\u201d, donde hay confrontaci\u00f3n debido a los procesos electorales, pero la poblaci\u00f3n \u201cest\u00e1 en otra cosa\u201d y tiene buen humor, sostuvo este jueves el presidente en su ma\u00f1anera en Palacio Nacional.<\/p>\n<p>Conmin\u00f3 a \u201cverlos como adversarios a vencer, no como enemigos a destruir\u201d. Y al recordar que en distintas televisoras llegaron a compararlo con Hitler y Stalin, agreg\u00f3: \u201cNosotros no debemos, ser\u00eda ir en contra de nuestros principios, hacer lo mismo. No debe haber campa\u00f1as de linchamiento porque nosotros padecimos eso\u201d.<\/p>\n<p>L\u00f3pez Obrador refrend\u00f3 que no es partidario de la ley de diente por diente y ojo por ojo, \u201cporque as\u00ed no se resuelven las cosas, y siempre digo que nos quedar\u00edamos chimuelos o tuertos todos, creo m\u00e1s en el amor al pr\u00f3jimo\u201d.<\/p>\n<p>El jefe del Ejecutivo federal asegur\u00f3 que la poblaci\u00f3n \u201cest\u00e1 contenta, hay un buen humor colectivo, social, no hay un mal humor en el pueblo. La gente est\u00e1 contenta, esperanzada, feliz en M\u00e9xico. Lo constato casi a diario\u201d.<\/p>\n<p>Como muestra, pidi\u00f3 presentar un breve video grabado ayer, a su llegada al poblado de China, Nuevo Le\u00f3n, donde est\u00e1 la presa El Cuchillo. En las im\u00e1genes se aprecia el momento en que camina al lado de una escuela, donde los estudiantes se acercan a la malla perimetral, desde la que comienza a corear \u201cpresidente, presidente\u201d.<\/p>\n<p>Insisti\u00f3 que es un ejemplo de \u201clo que hay en los pueblos de M\u00e9xico\u201d, mientras que \u201cen lo que llaman la clase pol\u00edtica, que es otro mundo, es distinto, lo que es el llamado c\u00edrculo rojo, es otra cosa. Ah\u00ed es donde hay confrontaci\u00f3n\u201d.<\/p>\n<p>Al vincular dicha efervescencia con los procesos electorales y la democracia, apunt\u00f3 que \u201cno hay que alarmarnos\u201d y \u201cno generalizar cuando se dice que se polariza. No, es arriba\u201d en cambio \u201cel pueblo est\u00e1 en otras cosas\u201d.<\/p>\n<p>En el c\u00edrculo pol\u00edtico es donde, \u201ccomo es natural, hay confrontaci\u00f3n, pero todo se va a ir serenando\u201d. Pese a la cercan\u00eda con las pr\u00f3ximas elecciones, reiter\u00f3 que hay que serenar los \u00e1nimos y no enrarecer la vida pol\u00edtica.<\/p>\n<p style=\"text-align: center;\"><strong>AMLO asiste a la toma de protesta de Delfina G\u00f3mez en Edomex<\/strong><\/p>\n<p>El presidente L\u00f3pez Obrador reiter\u00f3 este jueves la invitaci\u00f3n a la poblaci\u00f3n para que acuda este viernes 15 de septiembre, al Z\u00f3calo de la Ciudad de M\u00e9xico para los festejos patrios.<\/p>\n<p>Record\u00f3, adem\u00e1s, que acudir\u00eda a la toma de protesta de Delfina G\u00f3mez como gobernadora del estado de M\u00e9xico.<\/p>\n<p>Al inicio de su conferencia de prensa matutina, invit\u00f3 nuevamente a la poblaci\u00f3n a asistir al grito de independencia y \u201cgrita viva M\u00e9xico, nuestro M\u00e9xico lindo y querido\u201d, al que convoc\u00f3 a que acudan con toda su familia.<\/p>\n<p>\u201cHay tranquilidad y seguridad, puede venir toda la familia. Es muy bueno que vengan los ni\u00f1os para que no dejen de asimilar, de internalizar la importancia de nuestra independencia como pa\u00eds, nuestra soberan\u00eda\u201d, expres\u00f3.<\/p>\n<p>A la vez, detall\u00f3 que la fiesta c\u00edvica iniciar\u00e1 por la tarde con la presentaci\u00f3n de cerca de mil ni\u00f1as y ni\u00f1os de todo el pa\u00eds, de semilleros creativos que representante todo M\u00e9xico y vienen desde los pueblos m\u00e1s apartados. Detall\u00f3 que ser\u00e1 durante esta presentaci\u00f3n cuando se incorpore Yahritza y Su Esencia. Enseguida, pidi\u00f3 que se proyectara en la pantalla uno de los videos de la agrupaci\u00f3n.<\/p>\n<p>Estar\u00e1n de las 7 de la noche hasta las 22:00 horas, continuar con Grupo Frontera de 10 a 11 de la noche.<\/p>\n<p>En tanto, la ceremonia del grito de independencia ser\u00e1 a las 11 de la noche, tras lo cual seguir\u00e1 la fiesta\u201d y la presentaci\u00f3n del grupo<\/p>\n<p>L\u00f3pez Obrador apunt\u00f3 que, adem\u00e1s, la Loter\u00eda Nacional realizar\u00e1 ma\u00f1ana la rifa de la casa oficial en Canc\u00fan, cuyos recursos se usar\u00e1n para la construcci\u00f3n de un hospital del IMSS Bienestar. Como parte del sorteo tambi\u00e9n se rifar\u00e1 un palco en el estadio Azteca.<\/p>\n","protected":false},"excerpt":{"rendered":"<p>Ante la exigencia de Morena en la Ciudad de M\u00e9xico de demoler el departamento de la candidata presidencial del Frente Amplio por M\u00e9xico, X\u00f3chitl G\u00e1lvez, ante supuestas irregularidades, el presidente Andr\u00e9s Manuel L\u00f3pez Obrador exhort\u00f3 a no replicar las pr\u00e1cticas de las campa\u00f1as de \u201clinchamiento\u201d como las que \u00e9l padeci\u00f3, por lo que pidi\u00f3 no usar el marro para destruir nada.<\/p>\n","protected":false},"author":3,"featured_media":595835,"comment_status":"open","ping_status":"open","sticky":false,"template":"","format":"standard","meta":{"_monsterinsights_skip_tracking":false,"_monsterinsights_sitenote_active":false,"_monsterinsights_sitenote_note":"","_monsterinsights_sitenote_category":0,"footnotes":""},"categories":[3],"tags":[6185,43673,4787],"class_list":["post-595777","post","type-post","status-publish","format-standard","has-post-thumbnail","hentry","category-nacional","tag-campana","tag-nacional","tag-xochitl-galvez-ruiz"],"_links":{"self":[{"href":"https:\/\/www.diarioimagen.net\/index.php?rest_route=\/wp\/v2\/posts\/595777","targetHints":{"allow":["GET"]}}],"collection":[{"href":"https:\/\/www.diarioimagen.net\/index.php?rest_route=\/wp\/v2\/posts"}],"about":[{"href":"https:\/\/www.diarioimagen.net\/index.php?rest_route=\/wp\/v2\/types\/post"}],"author":[{"embeddable":true,"href":"https:\/\/www.diarioimagen.net\/index.php?rest_route=\/wp\/v2\/users\/3"}],"replies":[{"embeddable":true,"href":"https:\/\/www.diarioimagen.net\/index.php?rest_route=%2Fwp%2Fv2%2Fcomments&post=595777"}],"version-history":[{"count":0,"href":"https:\/\/www.diarioimagen.net\/index.php?rest_route=\/wp\/v2\/posts\/595777\/revisions"}],"wp:featuredmedia":[{"embeddable":true,"href":"https:\/\/www.diarioimagen.net\/index.php?rest_route=\/wp\/v2\/media\/595835"}],"wp:attachment":[{"href":"https:\/\/www.diarioimagen.net\/index.php?rest_route=%2Fwp%2Fv2%2Fmedia&parent=595777"}],"wp:term":[{"taxonomy":"category","embeddable":true,"href":"https:\/\/www.diarioimagen.net\/index.php?rest_route=%2Fwp%2Fv2%2Fcategories&post=595777"},{"taxonomy":"post_tag","embeddable":true,"href":"https:\/\/www.diarioimagen.net\/index.php?rest_route=%2Fwp%2Fv2%2Ftags&post=595777"}],"curies":[{"name":"wp","href":"https:\/\/api.w.org\/{rel}","templated":true}]}}