{"id":595785,"date":"2023-09-15T00:02:51","date_gmt":"2023-09-15T06:02:51","guid":{"rendered":"https:\/\/www.diarioimagen.net\/?p=595785"},"modified":"2023-09-15T01:14:56","modified_gmt":"2023-09-15T07:14:56","slug":"conmemoran-en-cuautitlan-izcalli-el-176-aniversario-de-la-gesta-de-ninos-heroes","status":"publish","type":"post","link":"https:\/\/www.diarioimagen.net\/?p=595785","title":{"rendered":"Conmemoran en Cuautitl\u00e1n Izcalli el 176 aniversario de la Gesta de Ni\u00f1os H\u00e9roes"},"content":{"rendered":"<p>&nbsp;<\/p>\n<ul>\n<li><em><strong>Encabez\u00f3 Karla Fiesco ceremonia<\/strong><\/em><\/li>\n<\/ul>\n<p>&nbsp;<\/p>\n<div id=\"attachment_595854\" style=\"width: 470px\" class=\"wp-caption aligncenter\"><a href=\"https:\/\/www.diarioimagen.net\/?attachment_id=595854\" rel=\"attachment wp-att-595854\"><img loading=\"lazy\" decoding=\"async\" aria-describedby=\"caption-attachment-595854\" class=\"size-full wp-image-595854\" src=\"https:\/\/www.diarioimagen.net\/wp-content\/uploads\/2023\/09\/conmemoran-cuautitlan.jpg\" alt=\"\" width=\"460\" height=\"270\" \/><\/a><p id=\"caption-attachment-595854\" class=\"wp-caption-text\">Karla Fiesco, en compa\u00f1\u00eda de integrantes del Cabildo y directores de \u00e1rea, asisti\u00f3 a la ceremonia c\u00edvica en la primaria \u201cPatria y Libertad\u201d en la Unidad Habitacional Ni\u00f1os H\u00e9roes.<\/p><\/div>\n<p>&nbsp;<\/p>\n<p><strong>Cuautitl\u00e1n Izcalli, Estado de M\u00e9xico.\u2014<\/strong> Con motivo del CLXXVI Aniversario de la Gesta Heroica de los Ni\u00f1os H\u00e9roes, la presidenta municipal Karla Fiesco, en compa\u00f1\u00eda de integrantes del Cabildo y directores de \u00e1rea, asisti\u00f3 a la ceremonia c\u00edvica en la escuela primaria \u201cPatria y Libertad\u201d en la Unidad Habitacional Ni\u00f1os H\u00e9roes.<\/p>\n<p>La presidenta municipal Karla Fiesco mencion\u00f3 que la patria es el hogar que se lleva en el alma y hace sentir a cada persona orgullosa de pertenecer y de haber nacido en un lugar donde nos hace llamarnos mexicanas y mexicanos.<\/p>\n<p>Adem\u00e1s, coment\u00f3 que las ni\u00f1as y ni\u00f1os son lo m\u00e1s importante que tiene M\u00e9xico y dijo:\u00a0 \u201cAs\u00ed como los Ni\u00f1os H\u00e9roes, ustedes deben defender con amor, pasi\u00f3n, valent\u00eda y con orgullo sus sue\u00f1os y metas. Es por ello que debemos seguir dando a conocer y hacer presente el compromiso que tenemos con la ni\u00f1ez y con la juventud izcallense, somos un municipio que ama su origen, que ama su porvenir, pero, sobre todo, que abraza su futuro.\u201d<\/p>\n<p>En este acto c\u00edvico, la banda de guerra de la Escuela Secundaria General No. 21 Jos\u00e9 Mar\u00eda Velasco tuvo a cargo la entonaci\u00f3n del Himno Nacional Mexicano.<\/p>\n<p>Finalmente, el director de la escuela primaria \u201cPatria y Libertad\u201d, Ren\u00e9 Hidalgo Fragoz, coment\u00f3: \u201cEs un honor recibir a una de las 100 mujeres m\u00e1s influyentes de la pol\u00edtica mexicana y que mejor que sea de nuestro municipio, la alcaldesa de Cuautitl\u00e1n Izcalli la maestra Karla Leticia Fiesco Garc\u00eda\u201d.<\/p>\n","protected":false},"excerpt":{"rendered":"<p>Con motivo del CLXXVI Aniversario de la Gesta Heroica de los Ni\u00f1os H\u00e9roes, la presidenta municipal Karla Fiesco, en compa\u00f1\u00eda de integrantes del Cabildo y directores de \u00e1rea, asisti\u00f3 a la ceremonia c\u00edvica en la escuela primaria \u201cPatria y Libertad\u201d en la Unidad Habitacional Ni\u00f1os H\u00e9roes.<\/p>\n","protected":false},"author":3,"featured_media":595854,"comment_status":"open","ping_status":"open","sticky":false,"template":"","format":"standard","meta":{"_monsterinsights_skip_tracking":false,"_monsterinsights_sitenote_active":false,"_monsterinsights_sitenote_note":"","_monsterinsights_sitenote_category":0,"footnotes":""},"categories":[5],"tags":[971,43675,98606],"class_list":["post-595785","post","type-post","status-publish","format-standard","has-post-thumbnail","hentry","category-estado-de-mexico","tag-cuautitlan-izcalli","tag-estado-de-mexico","tag-gesta-de-ninos-heroes"],"_links":{"self":[{"href":"https:\/\/www.diarioimagen.net\/index.php?rest_route=\/wp\/v2\/posts\/595785","targetHints":{"allow":["GET"]}}],"collection":[{"href":"https:\/\/www.diarioimagen.net\/index.php?rest_route=\/wp\/v2\/posts"}],"about":[{"href":"https:\/\/www.diarioimagen.net\/index.php?rest_route=\/wp\/v2\/types\/post"}],"author":[{"embeddable":true,"href":"https:\/\/www.diarioimagen.net\/index.php?rest_route=\/wp\/v2\/users\/3"}],"replies":[{"embeddable":true,"href":"https:\/\/www.diarioimagen.net\/index.php?rest_route=%2Fwp%2Fv2%2Fcomments&post=595785"}],"version-history":[{"count":0,"href":"https:\/\/www.diarioimagen.net\/index.php?rest_route=\/wp\/v2\/posts\/595785\/revisions"}],"wp:featuredmedia":[{"embeddable":true,"href":"https:\/\/www.diarioimagen.net\/index.php?rest_route=\/wp\/v2\/media\/595854"}],"wp:attachment":[{"href":"https:\/\/www.diarioimagen.net\/index.php?rest_route=%2Fwp%2Fv2%2Fmedia&parent=595785"}],"wp:term":[{"taxonomy":"category","embeddable":true,"href":"https:\/\/www.diarioimagen.net\/index.php?rest_route=%2Fwp%2Fv2%2Fcategories&post=595785"},{"taxonomy":"post_tag","embeddable":true,"href":"https:\/\/www.diarioimagen.net\/index.php?rest_route=%2Fwp%2Fv2%2Ftags&post=595785"}],"curies":[{"name":"wp","href":"https:\/\/api.w.org\/{rel}","templated":true}]}}