{"id":595808,"date":"2023-09-15T00:08:28","date_gmt":"2023-09-15T06:08:28","guid":{"rendered":"https:\/\/www.diarioimagen.net\/?p=595808"},"modified":"2023-09-14T23:52:24","modified_gmt":"2023-09-15T05:52:24","slug":"cuauhtemoc-delgado-y-garcia-harfuch","status":"publish","type":"post","link":"https:\/\/www.diarioimagen.net\/?p=595808","title":{"rendered":"Cuauht\u00e9moc, Delgado y Garc\u00eda Harfuch"},"content":{"rendered":"<h2>Punto por punto<\/h2>\n<h5>Augusto Corro<\/h5>\n<p>&nbsp;<\/p>\n<p>El pr\u00f3ximo 18 de septiembre, en Morena, lanzar\u00e1n la convocatoria para que se registren aquellos que aspiran a gobernar la Ciudad de M\u00e9xico (CDMX).<\/p>\n<p>Entre los pol\u00edticos que se manejan como posibles precandidatos morenistas se encuentran cinco, no todos con los m\u00e9ritos suficientes para competir.<\/p>\n<p>Ellos son Cuauht\u00e9moc Blanco, Mario Delgado, Clara Brugada, Gerardo Fern\u00e1ndez Noro\u00f1a y Omar Garc\u00eda Harfuch.<\/p>\n<p>Por ejemplo, Cuauht\u00e9moc Blanco, el gobernador de Morelos, s\u00f3lo tiene en su historial pol\u00edtico una lista de esc\u00e1ndalos.<\/p>\n<p>Ya fue presidente municipal de Cuernavaca, con resultados negativos. No pudo erradicar la violencia.\u00a0 Se acentu\u00f3 aquello de que Cuernavaca ya no es la \u201cCiudad de la Eterna Primavera\u201d, sino la \u201cCiudad de la eterna balacera\u201d.<\/p>\n<p>Tras presumir sus or\u00edgenes chilangos, el ex futbolista dijo saber c\u00f3mo gobernar la CDMX.<\/p>\n<p>Luego del cargo de edil, Cuauht\u00e9moc se alquil\u00f3 para participar como candidato al gobierno morelense. Gan\u00f3. La que perdi\u00f3 fue la ciudadan\u00eda que sigue sumida en la inseguridad.<\/p>\n<p>Alguien aconsej\u00f3 mal al futbolista y \u00e9ste escuch\u00f3 el canto de las sirenas y derivado de su insensatez quiere gobernar la CDMX.<\/p>\n<p>Las vaciladas pol\u00edticas le funcionaron bien a Cuauht\u00e9moc, pero parece que en esta \u00faltima no obtendr\u00e1 los beneficios que espera.<\/p>\n<p>Quien se encuentra en el rengl\u00f3n de la incertidumbre es el l\u00edder de Morena, Mario Delgado. En medio de la agitaci\u00f3n pol\u00edtica se refleja su pasividad.<\/p>\n<p>Sus seguidores cada vez que pueden le lanzan elogios por ganar las gubernaturas en los estados. No as\u00ed en la CDMX, donde la oposici\u00f3n le dio un coscorr\u00f3n al arrebatarle la mitad de las alcald\u00edas.<\/p>\n<p>Las ambiciones pol\u00edticas de Delgado se vieron afectadas por la realidad que se vive en Morena. Se pens\u00f3 que el l\u00edder se sumar\u00eda a la causa de Marcelo Ebrard.<\/p>\n<p>No ocurri\u00f3 as\u00ed. El dirigente morenista se aline\u00f3 con el equipo del lopezobradorismo y desatendi\u00f3 a su amigo Ebrard, quien fuera su mentor.<\/p>\n<p>En el presente, Delgado es se\u00f1alado como uno de los aspirantes fuertes para buscar la jefatura de Gobierno capitalino.<\/p>\n<p>Faltan pocos d\u00edas para saber cu\u00e1l ser\u00e1 el destino pol\u00edtico de Delgado, que ya estuvo a punto de lograrlo, cuando Ebrard era el gobernador de la CDMX.<\/p>\n<p>En esa ocasi\u00f3n lo derrot\u00f3 el senador Miguel \u00c1ngel Mancera.<\/p>\n<p>Otro que lucha por la candidatura morenista es Gerardo Fern\u00e1ndez Noro\u00f1a, quien logr\u00f3 aumentar su n\u00famero su n\u00famero de seguidores, a diferencia de las otras \u201ccorcholatas\u201d, que no pudieron crecer.<\/p>\n<p>Es importante se\u00f1alar que Fern\u00e1ndez Noro\u00f1a es militante del Partido del Trabajo (PT), que forma parte de la alianza con Morena y Partido Verde.<\/p>\n<p>Quiz\u00e1s qued\u00f3 atr\u00e1s la idea de Hern\u00e1ndez Noro\u00f1a de competir por el gobierno capitalino, pues recientemente, la doctora Claudia Sheinbaum lo convirti\u00f3 en su vocero.<\/p>\n<p>La alcaldesa de Iztapalapa, Clara Brugada, tambi\u00e9n quiere gobernar la CDMX. Ser la alcaldesa de Iztapalapa, sin duda es un gran m\u00e9rito: \u00bfCon lo anterior tendr\u00e1 suficiente para que la tomen en cuenta a la hora de las encuestas?<\/p>\n<p>El\u00a0 jefe de la polic\u00eda, Omar Garc\u00eda Harfuch, es el aspirante al gobierno capitalino mejor posicionado en las encuestas.<\/p>\n<p>En los c\u00edrculos pol\u00edticos ya dan a Garc\u00eda Harfuch como candidato morenista rumbo a los comicios capitalinos en 2024.<\/p>\n<p>Por otra parte, en la oposici\u00f3n se construye el m\u00e9todo para la selecci\u00f3n de la candidatura a la jefatura de Gobierno en la capital.<\/p>\n<p>El trabajo pol\u00edtico lo realizan los dirigentes partidistas de PRI, PAN y PRD, Andr\u00e9s Atayde, Israel Betanzos y Nora Arias, respectivamente.<\/p>\n<p>Dijeron los l\u00edderes que el 5 de noviembre presentar\u00e1n el documento de Gobierno de Coalici\u00f3n electoral ante las autoridades correspondientes.<\/p>\n<p>Tambi\u00e9n declararon que \u201cexiste una comunicaci\u00f3n permanente con la sociedad civil organizada, militantes y simpatizantes de los distintos partidos pol\u00edticos\u201d.<\/p>\n<p>\u00bfUsted qu\u00e9 opina amable lector?<\/p>\n<p><a href=\"mailto:augustocorro2742@gmail.com\" target=\"_blank\" rel=\"noopener\"><em>augustocorro2742@gmail.com<\/em><\/a><\/p>\n","protected":false},"excerpt":{"rendered":"<p><span style=\"color: #005497;\"><strong>Augusto Corro<\/strong><\/span><\/p>\n","protected":false},"author":3,"featured_media":0,"comment_status":"open","ping_status":"open","sticky":false,"template":"","format":"standard","meta":{"_monsterinsights_skip_tracking":false,"_monsterinsights_sitenote_active":false,"_monsterinsights_sitenote_note":"","_monsterinsights_sitenote_category":0,"footnotes":""},"categories":[157],"tags":[43686,43674,11515],"class_list":["post-595808","post","type-post","status-publish","format-standard","hentry","category-augusto-corro","tag-augusto-corro","tag-opinion","tag-punto-por-punto"],"_links":{"self":[{"href":"https:\/\/www.diarioimagen.net\/index.php?rest_route=\/wp\/v2\/posts\/595808","targetHints":{"allow":["GET"]}}],"collection":[{"href":"https:\/\/www.diarioimagen.net\/index.php?rest_route=\/wp\/v2\/posts"}],"about":[{"href":"https:\/\/www.diarioimagen.net\/index.php?rest_route=\/wp\/v2\/types\/post"}],"author":[{"embeddable":true,"href":"https:\/\/www.diarioimagen.net\/index.php?rest_route=\/wp\/v2\/users\/3"}],"replies":[{"embeddable":true,"href":"https:\/\/www.diarioimagen.net\/index.php?rest_route=%2Fwp%2Fv2%2Fcomments&post=595808"}],"version-history":[{"count":0,"href":"https:\/\/www.diarioimagen.net\/index.php?rest_route=\/wp\/v2\/posts\/595808\/revisions"}],"wp:attachment":[{"href":"https:\/\/www.diarioimagen.net\/index.php?rest_route=%2Fwp%2Fv2%2Fmedia&parent=595808"}],"wp:term":[{"taxonomy":"category","embeddable":true,"href":"https:\/\/www.diarioimagen.net\/index.php?rest_route=%2Fwp%2Fv2%2Fcategories&post=595808"},{"taxonomy":"post_tag","embeddable":true,"href":"https:\/\/www.diarioimagen.net\/index.php?rest_route=%2Fwp%2Fv2%2Ftags&post=595808"}],"curies":[{"name":"wp","href":"https:\/\/api.w.org\/{rel}","templated":true}]}}