{"id":595880,"date":"2023-09-18T00:02:47","date_gmt":"2023-09-18T06:02:47","guid":{"rendered":"https:\/\/www.diarioimagen.net\/?p=595880"},"modified":"2023-09-18T01:05:04","modified_gmt":"2023-09-18T07:05:04","slug":"vendran-cambios-importantes-para-el-estado-de-mexico-afirman-morenistas","status":"publish","type":"post","link":"https:\/\/www.diarioimagen.net\/?p=595880","title":{"rendered":"Vendr\u00e1n cambios importantes para el Estado de M\u00e9xico, afirman morenistas"},"content":{"rendered":"<p>&nbsp;<\/p>\n<ul>\n<li><em><strong>Bajo el gobierno de Delfina G\u00f3mez<\/strong><\/em><\/li>\n<\/ul>\n<p>&nbsp;<\/p>\n<div id=\"attachment_595946\" style=\"width: 470px\" class=\"wp-caption aligncenter\"><a href=\"https:\/\/www.diarioimagen.net\/?attachment_id=595946\" rel=\"attachment wp-att-595946\"><img loading=\"lazy\" decoding=\"async\" aria-describedby=\"caption-attachment-595946\" class=\"size-full wp-image-595946\" src=\"https:\/\/www.diarioimagen.net\/wp-content\/uploads\/2023\/09\/vendran-cambios.jpg\" alt=\"\" width=\"460\" height=\"270\" \/><\/a><p id=\"caption-attachment-595946\" class=\"wp-caption-text\">Una vez iniciado el gobierno de Delfina G\u00f3mez, diputados, s\u00edndicos y regidores de Morena afirmaron que vendr\u00e1n cambios importantes en el Estado de M\u00e9xico.<\/p><\/div>\n<p>&nbsp;<\/p>\n<p><strong>Valle de M\u00e9xico.\u2014<\/strong> Diputados, s\u00edndicos y regidores de Morena afirmaron que vendr\u00e1n cambios importantes en el Estado de M\u00e9xico, una vez iniciado el gobierno de Delfina G\u00f3mez en la entidad. \u201cCon la voluntad de la maestra, con la fuerza que le ha dado la gente y con el apoyo del presidente de la Rep\u00fablica, vamos a percibir la diferencia y el cambio\u201d, dijeron. Aseguraron por separado, el s\u00edndico de Naucalpan, Carlos Trujillo, la regidora Alexis Santos Garc\u00eda y los empresarios Juan Olivas y Miguel \u00c1ngel Rub\u00edn, en el marco de la toma de protesta de Delfina G\u00f3mez como gobernadora del Estado de M\u00e9xico.<\/p>\n<p>Ah\u00ed, los entrevistados coincidieron en se\u00f1alar que el Estado de M\u00e9xico es la vig\u00e9sima tercera entidad que gobierna Morena y reiteraron la importancia del triunfo de la Maestra al sacar al PRI del gobierno.<\/p>\n<p>En ese sentido, Mario Delgado, dirigente nacional de Morena, destac\u00f3 que \u201cpor fin, a lograr el cambio que parec\u00eda imposible. Un estado que se dec\u00eda que no pod\u00edamos ganar porque aqu\u00ed estaba uno de los grupos priistas m\u00e1s fuertes en la historia del pa\u00eds. Pero no hay mal que dure 100 a\u00f1os y por fin inicia hoy el gobierno\u201d.<\/p>\n<p>Asegur\u00f3 que el equipo que conformar\u00e1 el gobierno de la maestra est\u00e1 muy preparado y le dese\u00f3 \u00e9xito en su nueva tarea como gobernadora. \u201cYo veo un equipo muy completo y sobre todo con valores, con el valor de la honestidad que es fundamental para los gobiernos de la Cuarta Transformaci\u00f3n. Y \u00e9xito para la maestra Delfina. Aqu\u00ed est\u00e1 su partido, Morena, para apoyarla con todo\u201d.<\/p>\n","protected":false},"excerpt":{"rendered":"<p>Diputados, s\u00edndicos y regidores de Morena afirmaron que vendr\u00e1n cambios importantes en el Estado de M\u00e9xico, una vez iniciado el gobierno de Delfina G\u00f3mez en la entidad. \u201cCon la voluntad de la maestra, con la fuerza que le ha dado la gente y con el apoyo del presidente de la Rep\u00fablica, vamos a percibir la diferencia y el cambio\u201d, dijeron. Aseguraron por separado, el s\u00edndico de Naucalpan, Carlos Trujillo, la regidora Alexis Santos Garc\u00eda y los empresarios Juan Olivas y Miguel \u00c1ngel Rub\u00edn, en el marco de la toma de protesta de Delfina G\u00f3mez como gobernadora del Estado de M\u00e9xico.<\/p>\n","protected":false},"author":3,"featured_media":595946,"comment_status":"open","ping_status":"open","sticky":false,"template":"","format":"standard","meta":{"_monsterinsights_skip_tracking":false,"_monsterinsights_sitenote_active":false,"_monsterinsights_sitenote_note":"","_monsterinsights_sitenote_category":0,"footnotes":""},"categories":[5],"tags":[9887,77235,34],"class_list":["post-595880","post","type-post","status-publish","format-standard","has-post-thumbnail","hentry","category-estado-de-mexico","tag-cambios","tag-morenista","tag-valle-de-mexico"],"_links":{"self":[{"href":"https:\/\/www.diarioimagen.net\/index.php?rest_route=\/wp\/v2\/posts\/595880","targetHints":{"allow":["GET"]}}],"collection":[{"href":"https:\/\/www.diarioimagen.net\/index.php?rest_route=\/wp\/v2\/posts"}],"about":[{"href":"https:\/\/www.diarioimagen.net\/index.php?rest_route=\/wp\/v2\/types\/post"}],"author":[{"embeddable":true,"href":"https:\/\/www.diarioimagen.net\/index.php?rest_route=\/wp\/v2\/users\/3"}],"replies":[{"embeddable":true,"href":"https:\/\/www.diarioimagen.net\/index.php?rest_route=%2Fwp%2Fv2%2Fcomments&post=595880"}],"version-history":[{"count":0,"href":"https:\/\/www.diarioimagen.net\/index.php?rest_route=\/wp\/v2\/posts\/595880\/revisions"}],"wp:featuredmedia":[{"embeddable":true,"href":"https:\/\/www.diarioimagen.net\/index.php?rest_route=\/wp\/v2\/media\/595946"}],"wp:attachment":[{"href":"https:\/\/www.diarioimagen.net\/index.php?rest_route=%2Fwp%2Fv2%2Fmedia&parent=595880"}],"wp:term":[{"taxonomy":"category","embeddable":true,"href":"https:\/\/www.diarioimagen.net\/index.php?rest_route=%2Fwp%2Fv2%2Fcategories&post=595880"},{"taxonomy":"post_tag","embeddable":true,"href":"https:\/\/www.diarioimagen.net\/index.php?rest_route=%2Fwp%2Fv2%2Ftags&post=595880"}],"curies":[{"name":"wp","href":"https:\/\/api.w.org\/{rel}","templated":true}]}}