{"id":595993,"date":"2023-09-19T00:01:02","date_gmt":"2023-09-19T06:01:02","guid":{"rendered":"https:\/\/www.diarioimagen.net\/?p=595993"},"modified":"2023-09-20T23:01:58","modified_gmt":"2023-09-21T05:01:58","slug":"2o-simulacro-nacional-tendra-escenarios-de-dos-sismos-y-dos-huracanes","status":"publish","type":"post","link":"https:\/\/www.diarioimagen.net\/?p=595993","title":{"rendered":"2\u00ba Simulacro Nacional tendr\u00e1 escenarios de dos sismos y dos huracanes"},"content":{"rendered":"<p>&nbsp;<\/p>\n<h3 style=\"text-align: center;\">Sonar\u00e1 la alerta este martes<\/h3>\n<p>&nbsp;<\/p>\n<ul>\n<li><strong><em>Llamado a participar en las acciones preventivas<\/em><\/strong><\/li>\n<\/ul>\n<p>&nbsp;<\/p>\n<div id=\"attachment_596073\" style=\"width: 470px\" class=\"wp-caption aligncenter\"><a href=\"https:\/\/www.diarioimagen.net\/?attachment_id=596073\" rel=\"attachment wp-att-596073\"><img loading=\"lazy\" decoding=\"async\" aria-describedby=\"caption-attachment-596073\" class=\"size-full wp-image-596073\" src=\"https:\/\/www.diarioimagen.net\/wp-content\/uploads\/2023\/09\/SIMULACRO.jpg\" alt=\"\" width=\"460\" height=\"270\" \/><\/a><p id=\"caption-attachment-596073\" class=\"wp-caption-text\">Este martes 19 de septiembre se tendr\u00e1n escenarios de dos sismos y dos huracanes en el segundo simulacro nacional.<\/p><\/div>\n<p>&nbsp;<\/p>\n<p>En el segundo macro simulacro nacional de este martes 19 de septiembre, por primera vez, la Coordinaci\u00f3n Nacional de Protecci\u00f3n Civil (CNPC) tendr\u00e1 escenarios de dos sismos y dos huracanes para prevenir a la poblaci\u00f3n ante una situaci\u00f3n de emergencia por desastres naturales.<\/p>\n<p>El simulacro tendr\u00e1 como escenario un sismo de magnitud 8 en escala de Richter, con epicentro en Acapulco, Guerrero.<\/p>\n<p>Otro de los escenarios es un segundo sismo de 7.9 en Sonora y Chihuahua, as\u00ed como un hurac\u00e1n categor\u00eda 3 que afectar\u00eda Quintana Roo, Tabasco o Veracruz, y otro hurac\u00e1n categor\u00eda 4 en Baja California.<\/p>\n<p>Laura Vel\u00e1zquez Alz\u00faa, titular de la CNPC, detall\u00f3 que los cuatro escenarios que impactan distintas entidades es con el fin de que la poblaci\u00f3n participe y pueda ubicar, tanto las zonas de refugio como las actividades a realizar en caso de verse en una situaci\u00f3n de emergencia.<\/p>\n<p>Se\u00f1al\u00f3 que se requiere de la participaci\u00f3n tanto de autoridades de gobierno como de la iniciativa privada, adem\u00e1s de la poblaci\u00f3n en general, para conocer cu\u00e1les son los puntos que debe reforzar la CNPC ante una eventual emergencia.<\/p>\n<p>Adem\u00e1s, convoc\u00f3 a inscribir los inmuebles como sitios que participar\u00e1n en el simulacro.<\/p>\n<p>La meta es superar la participaci\u00f3n del primer simulacro realizado en abril, cuando se registraron m\u00e1s de 109 mil inmuebles.<\/p>\n<p>Para registrar los inmuebles se activ\u00f3 el sitio<\/p>\n<p style=\"text-align: center;\"><strong>Objetivos del simulacro<\/strong><\/p>\n<p>Las autoridades de la CNPC convocaron a que toda la poblaci\u00f3n participe en el simulacro a realizarse este 19 de septiembre a las 11:00 horas, tiempo del centro de M\u00e9xico, para tener claridad de c\u00f3mo actuar ante un posible sismo o hurac\u00e1n.<\/p>\n<p>Asimismo, enlistaron los objetivos del simulacro:<\/p>\n<p>\u00ac Fortalecer las capacidades de prevenci\u00f3n, preparaci\u00f3n y respuesta.<\/p>\n<p>\u00ac Generar conciencia sobre el impacto potencial de un evento de gran magnitud por sismo o hurac\u00e1n.<\/p>\n<p>\u00ac Generar un plan de respuesta familiar e individual en caso de emergencia<\/p>\n<p>\u00ac Identificar los documentos e insumos necesarios a trav\u00e9s de la mochila de emergencia<\/p>\n<p>\u00ac Identificar las rutas de evacuaci\u00f3n.<\/p>\n<p style=\"text-align: center;\"><strong>Sonar\u00e1 la alerta s\u00edsmica<\/strong><\/p>\n<p>Tras destacar que es la primera ocasi\u00f3n en que se contemplan 4 escenarios durante un simulacro, Laura Vel\u00e1zquez confirm\u00f3 que sonar\u00e1 la alerta s\u00edsmica, por lo que pidi\u00f3 atender el llamado. Se trata de que esto nos permita a las autoridades revisar todo: presas, arroyos, refugios, avenidas, condiciones vulnerables en los municipios, para poder vigilar, supervisar y advertir a la poblaci\u00f3n (ante posibles riesgos).<\/p>\n<p>La funcionaria federal dijo que es importante que la poblaci\u00f3n est\u00e9 inmersa y participe, \u201clo importante es tener listo, desde la mochila hasta el conocimiento de los refugios\u201d.<\/p>\n<p>Por \u00faltimo, las autoridades de la CNPC detallaron que Chiapas Oaxaca y Guerrero tienen alrededor del 70% de la sismicidad del pa\u00eds e insistieron en que ante una situaci\u00f3n de emergencia lo mejor siempre ser\u00e1 \u201cresguardarse en casa, no salir; si se est\u00e1 en zona de riesgo salir con antelaci\u00f3n para moverse hacia un refugio\u201d.<\/p>\n","protected":false},"excerpt":{"rendered":"<p>En el segundo macro simulacro nacional de este martes 19 de septiembre, por primera vez, la Coordinaci\u00f3n Nacional de Protecci\u00f3n Civil (CNPC) tendr\u00e1 escenarios de dos sismos y dos huracanes para prevenir a la poblaci\u00f3n ante una situaci\u00f3n de emergencia por desastres naturales.<\/p>\n","protected":false},"author":3,"featured_media":596073,"comment_status":"open","ping_status":"open","sticky":false,"template":"","format":"standard","meta":{"_monsterinsights_skip_tracking":false,"_monsterinsights_sitenote_active":false,"_monsterinsights_sitenote_note":"","_monsterinsights_sitenote_category":0,"footnotes":""},"categories":[17,3],"tags":[9578,52993,4010,18043],"class_list":["post-595993","post","type-post","status-publish","format-standard","has-post-thumbnail","hentry","category-especiales","category-nacional","tag-huracanes","tag-naional","tag-simulacro","tag-sismos"],"_links":{"self":[{"href":"https:\/\/www.diarioimagen.net\/index.php?rest_route=\/wp\/v2\/posts\/595993","targetHints":{"allow":["GET"]}}],"collection":[{"href":"https:\/\/www.diarioimagen.net\/index.php?rest_route=\/wp\/v2\/posts"}],"about":[{"href":"https:\/\/www.diarioimagen.net\/index.php?rest_route=\/wp\/v2\/types\/post"}],"author":[{"embeddable":true,"href":"https:\/\/www.diarioimagen.net\/index.php?rest_route=\/wp\/v2\/users\/3"}],"replies":[{"embeddable":true,"href":"https:\/\/www.diarioimagen.net\/index.php?rest_route=%2Fwp%2Fv2%2Fcomments&post=595993"}],"version-history":[{"count":0,"href":"https:\/\/www.diarioimagen.net\/index.php?rest_route=\/wp\/v2\/posts\/595993\/revisions"}],"wp:featuredmedia":[{"embeddable":true,"href":"https:\/\/www.diarioimagen.net\/index.php?rest_route=\/wp\/v2\/media\/596073"}],"wp:attachment":[{"href":"https:\/\/www.diarioimagen.net\/index.php?rest_route=%2Fwp%2Fv2%2Fmedia&parent=595993"}],"wp:term":[{"taxonomy":"category","embeddable":true,"href":"https:\/\/www.diarioimagen.net\/index.php?rest_route=%2Fwp%2Fv2%2Fcategories&post=595993"},{"taxonomy":"post_tag","embeddable":true,"href":"https:\/\/www.diarioimagen.net\/index.php?rest_route=%2Fwp%2Fv2%2Ftags&post=595993"}],"curies":[{"name":"wp","href":"https:\/\/api.w.org\/{rel}","templated":true}]}}