{"id":596002,"date":"2023-09-19T00:04:22","date_gmt":"2023-09-19T06:04:22","guid":{"rendered":"https:\/\/www.diarioimagen.net\/?p=596002"},"modified":"2023-09-19T01:44:24","modified_gmt":"2023-09-19T07:44:24","slug":"el-pan-sera-oposicion-critica-y-exigira-resultados-anuar-azar","status":"publish","type":"post","link":"https:\/\/www.diarioimagen.net\/?p=596002","title":{"rendered":"El PAN ser\u00e1 oposici\u00f3n cr\u00edtica y exigir\u00e1 resultados: Anuar Azar"},"content":{"rendered":"<p>&nbsp;<\/p>\n<ul>\n<li><strong><em>Destaca transici\u00f3n democr\u00e1tica<\/em><\/strong><\/li>\n<\/ul>\n<p>&nbsp;<\/p>\n<div id=\"attachment_596094\" style=\"width: 470px\" class=\"wp-caption aligncenter\"><a href=\"https:\/\/www.diarioimagen.net\/?attachment_id=596094\" rel=\"attachment wp-att-596094\"><img loading=\"lazy\" decoding=\"async\" aria-describedby=\"caption-attachment-596094\" class=\"size-full wp-image-596094\" src=\"https:\/\/www.diarioimagen.net\/wp-content\/uploads\/2023\/09\/pan-sera-oposicion.jpg\" alt=\"\" width=\"460\" height=\"270\" \/><\/a><p id=\"caption-attachment-596094\" class=\"wp-caption-text\">El dirigente nacional del PAN en Edomex, Anuar Azar, se\u00f1al\u00f3 que van a estar atentos para que las promesas de campa\u00f1a de la maestra Delfina G\u00f3mez se cumplan.<\/p><\/div>\n<p>&nbsp;<\/p>\n<p><strong>Valle de M\u00e9xico.\u2014<\/strong> Anuar Azar Figueroa, presidente del Partido Acci\u00f3n Nacional (PAN) mexiquense, asisti\u00f3 a la toma de protesta de Delfina G\u00f3mez, como gobernadora del Estado de M\u00e9xico, y asegur\u00f3 que \u201cel PAN va a ser una oposici\u00f3n muy cr\u00edtica, en\u00e9rgica y que exigir\u00e1 buenos resultados\u201d.<\/p>\n<p>Azar Figueroa puntualiz\u00f3 que en pol\u00edtica para ganar hay que saber perder. \u201cDelfina es una gobernadora leg\u00edtima que gan\u00f3 un proceso hist\u00f3rico despu\u00e9s de 94 a\u00f1os de un partido hegem\u00f3nico. Se da esta transici\u00f3n por la v\u00eda democr\u00e1tica y pac\u00edfica\u201d, reiter\u00f3.<\/p>\n<p>El dirigente partidista expreso que \u201cen Acci\u00f3n Nacional hemos hablado siempre de respetar a las instituciones y vamos a trabajar de manera institucional, generando condiciones para que le vaya bien a todas y todos los mexiquenses\u201d, dijo. Anuar Azar se\u00f1al\u00f3 que van a estar atentos para que todas las promesas de campa\u00f1a de la maestra Delfina G\u00f3mez se cumplan.<\/p>\n<p>Finalmente, el tambi\u00e9n diputado federal manifest\u00f3 que \u201ctambi\u00e9n que la gobernadora escuche a la oposici\u00f3n de los reclamos de la sociedad como la seguridad y los empleos, entre otros\u201d.<\/p>\n","protected":false},"excerpt":{"rendered":"<p>Anuar Azar Figueroa, presidente del Partido Acci\u00f3n Nacional (PAN) mexiquense, asisti\u00f3 a la toma de protesta de Delfina G\u00f3mez, como gobernadora del Estado de M\u00e9xico, y asegur\u00f3 que \u201cel PAN va a ser una oposici\u00f3n muy cr\u00edtica, en\u00e9rgica y que exigir\u00e1 buenos resultados\u201d.<\/p>\n","protected":false},"author":3,"featured_media":596094,"comment_status":"open","ping_status":"open","sticky":false,"template":"","format":"standard","meta":{"_monsterinsights_skip_tracking":false,"_monsterinsights_sitenote_active":false,"_monsterinsights_sitenote_note":"","_monsterinsights_sitenote_category":0,"footnotes":""},"categories":[5],"tags":[80095,87934,34],"class_list":["post-596002","post","type-post","status-publish","format-standard","has-post-thumbnail","hentry","category-estado-de-mexico","tag-critica","tag-oposicion","tag-valle-de-mexico"],"_links":{"self":[{"href":"https:\/\/www.diarioimagen.net\/index.php?rest_route=\/wp\/v2\/posts\/596002","targetHints":{"allow":["GET"]}}],"collection":[{"href":"https:\/\/www.diarioimagen.net\/index.php?rest_route=\/wp\/v2\/posts"}],"about":[{"href":"https:\/\/www.diarioimagen.net\/index.php?rest_route=\/wp\/v2\/types\/post"}],"author":[{"embeddable":true,"href":"https:\/\/www.diarioimagen.net\/index.php?rest_route=\/wp\/v2\/users\/3"}],"replies":[{"embeddable":true,"href":"https:\/\/www.diarioimagen.net\/index.php?rest_route=%2Fwp%2Fv2%2Fcomments&post=596002"}],"version-history":[{"count":0,"href":"https:\/\/www.diarioimagen.net\/index.php?rest_route=\/wp\/v2\/posts\/596002\/revisions"}],"wp:featuredmedia":[{"embeddable":true,"href":"https:\/\/www.diarioimagen.net\/index.php?rest_route=\/wp\/v2\/media\/596094"}],"wp:attachment":[{"href":"https:\/\/www.diarioimagen.net\/index.php?rest_route=%2Fwp%2Fv2%2Fmedia&parent=596002"}],"wp:term":[{"taxonomy":"category","embeddable":true,"href":"https:\/\/www.diarioimagen.net\/index.php?rest_route=%2Fwp%2Fv2%2Fcategories&post=596002"},{"taxonomy":"post_tag","embeddable":true,"href":"https:\/\/www.diarioimagen.net\/index.php?rest_route=%2Fwp%2Fv2%2Ftags&post=596002"}],"curies":[{"name":"wp","href":"https:\/\/api.w.org\/{rel}","templated":true}]}}