{"id":596048,"date":"2023-09-19T00:06:55","date_gmt":"2023-09-19T06:06:55","guid":{"rendered":"https:\/\/www.diarioimagen.net\/?p=596048"},"modified":"2023-09-19T00:48:36","modified_gmt":"2023-09-19T06:48:36","slug":"de-nuevo-en-el-g77","status":"publish","type":"post","link":"https:\/\/www.diarioimagen.net\/?p=596048","title":{"rendered":"De nuevo, en el G77"},"content":{"rendered":"<h2>Aunque pese<\/h2>\n<h5>Salvador Mart\u00ednez Garc\u00eda<\/h5>\n<p>&nbsp;<\/p>\n<p>El denominado Grupo de los 77, ahora m\u00e1s China, es una agrupaci\u00f3n de pa\u00edses surgida en 1964, que actualmente cuenta con 134 naciones miembros de este foro multilateral.<\/p>\n<p>M\u00e9xico es fundador del G77, pero en 1994 lo abandon\u00f3 por la marcada pol\u00edtica neoliberal del r\u00e9gimen salinista, precisamente cuando M\u00e9xico ingres\u00f3 a la Organizaci\u00f3n para la Cooperaci\u00f3n y Desarrollo Econ\u00f3mico (OCDE), entonces dominada plenamente por la pol\u00edtica de Washington.<\/p>\n<p>Los pasados 15 y 16 de septiembre se llev\u00f3 a cabo la cumbre del G77+China con una declaraci\u00f3n conjunta en la que se aboga por una mayor cooperaci\u00f3n Sur-Sur para abordar desaf\u00edos globales como las asimetr\u00edas econ\u00f3micas y sociales que persisten en las naciones del mundo.<\/p>\n<p>En la misma cumbre, desarrollada en La Habana, Cuba, se aprob\u00f3 por aclamaci\u00f3n la reincorporaci\u00f3n de M\u00e9xico a este foro en el que ahora nuestro pa\u00eds busca participar activamente para contribuir a la creaci\u00f3n de un mundo nuevo con equilibrios pol\u00edticos entre las naciones, como lo expuso la canciller mexicana Alicia B\u00e1rcenas.<\/p>\n<p>Hoy, el G77 representa el 80 por ciento de la poblaci\u00f3n mundial radicada en Asia, \u00c1frica y Am\u00e9rica Latina, con lo que se establece un frente com\u00fan contra las pol\u00edticas hegem\u00f3nicas del Norte y de las naciones industrializadas, principalmente Estados Unidos y Europa.<\/p>\n<p>La Cumbre de La Habana determina un paso m\u00e1s en el rompimiento de la unipolaridad surgida en el mundo tras la ca\u00edda del muro de Berl\u00edn y la URSS. La esperanza es un planeta m\u00e1s equilibrado, de car\u00e1cter multilateral, en el que la voz de los peque\u00f1os se pueda tambi\u00e9n escuchar y tomar en cuenta.<\/p>\n<p style=\"text-align: center;\"><strong>Susurros<\/strong><\/p>\n<p>En la Ciudad de M\u00e9xico, el partido Morena emiti\u00f3 la convocatoria para designar qui\u00e9n va a coordinar a la 4T en la capital de la Rep\u00fablica y por ende sea el candidato a la jefatura de Gobierno.<\/p>\n<p>En este caso, la definici\u00f3n tambi\u00e9n surgir\u00e1 de una encuesta de la que a\u00fan no se define el cuestionario, pero que decidir\u00e1 sobre seis aspirantes, tres mujeres y tres hombres.<\/p>\n<p>A pesar de que no se han manejado oficialmente nombres, se conoce que los aspirantes son Omar Garc\u00eda Harfuch, Mario Delgado y Cuauht\u00e9moc Blanco, entre los hombres; entre las mujeres est\u00e1 la alcaldesa de Iztapalapa, Clara Brugada; la secretaria de Seguridad Ciudadana federal, Rosa \u00cdcela Rodr\u00edguez; y la actual secretaria de Gobernaci\u00f3n, Luisa Mar\u00eda Alcalde.<\/p>\n<p>Si hubiera otros nombres, ser\u00edan s\u00f3lo relleno. Veremos.<\/p>\n<p><a href=\"mailto:salvadormartinez@visionmx.com\" target=\"_blank\" rel=\"noopener\"><em>salvadormartinez@visionmx.com<\/em><\/a><br \/>\n<em>Twitter: <a href=\"https:\/\/twitter.com\/salvador_mtz\" target=\"_blank\" rel=\"noopener\">@salvador_mtz<\/a><\/em><\/p>\n","protected":false},"excerpt":{"rendered":"<p><span style=\"color: #005497;\"><strong>Salvador Mart\u00ednez Garc\u00eda<\/strong><\/span><\/p>\n","protected":false},"author":3,"featured_media":0,"comment_status":"open","ping_status":"open","sticky":false,"template":"","format":"standard","meta":{"_monsterinsights_skip_tracking":false,"_monsterinsights_sitenote_active":false,"_monsterinsights_sitenote_note":"","_monsterinsights_sitenote_category":0,"footnotes":""},"categories":[96743],"tags":[96744,43674,96745],"class_list":["post-596048","post","type-post","status-publish","format-standard","hentry","category-salvador-martinez-garcia","tag-aunque-pese","tag-opinion","tag-salvador-martinez-garcia"],"_links":{"self":[{"href":"https:\/\/www.diarioimagen.net\/index.php?rest_route=\/wp\/v2\/posts\/596048","targetHints":{"allow":["GET"]}}],"collection":[{"href":"https:\/\/www.diarioimagen.net\/index.php?rest_route=\/wp\/v2\/posts"}],"about":[{"href":"https:\/\/www.diarioimagen.net\/index.php?rest_route=\/wp\/v2\/types\/post"}],"author":[{"embeddable":true,"href":"https:\/\/www.diarioimagen.net\/index.php?rest_route=\/wp\/v2\/users\/3"}],"replies":[{"embeddable":true,"href":"https:\/\/www.diarioimagen.net\/index.php?rest_route=%2Fwp%2Fv2%2Fcomments&post=596048"}],"version-history":[{"count":0,"href":"https:\/\/www.diarioimagen.net\/index.php?rest_route=\/wp\/v2\/posts\/596048\/revisions"}],"wp:attachment":[{"href":"https:\/\/www.diarioimagen.net\/index.php?rest_route=%2Fwp%2Fv2%2Fmedia&parent=596048"}],"wp:term":[{"taxonomy":"category","embeddable":true,"href":"https:\/\/www.diarioimagen.net\/index.php?rest_route=%2Fwp%2Fv2%2Fcategories&post=596048"},{"taxonomy":"post_tag","embeddable":true,"href":"https:\/\/www.diarioimagen.net\/index.php?rest_route=%2Fwp%2Fv2%2Ftags&post=596048"}],"curies":[{"name":"wp","href":"https:\/\/api.w.org\/{rel}","templated":true}]}}