{"id":596148,"date":"2023-09-20T00:01:21","date_gmt":"2023-09-20T06:01:21","guid":{"rendered":"https:\/\/www.diarioimagen.net\/?p=596148"},"modified":"2023-09-20T01:52:59","modified_gmt":"2023-09-20T07:52:59","slug":"la-oficina-de-turismo-del-ayuntamiento-de-madrid-y-el-museo-chicote-otorgaron-reconocimiento-a-la-ciudad-de-mexico","status":"publish","type":"post","link":"https:\/\/www.diarioimagen.net\/?p=596148","title":{"rendered":"La oficina de Turismo del Ayuntamiento de Madrid y el Museo Chicote otorgaron reconocimiento a la Ciudad de M\u00e9xico"},"content":{"rendered":"<h2>De cinco estrellas<\/h2>\n<h5>Victoria Gonz\u00e1lez Prado<\/h5>\n<p>&nbsp;<\/p>\n<ul>\n<li><strong><em>El <\/em>Baja Culinary Fest<em> se llevar\u00e1 a cabo del 2 al 4 de noviembre pr\u00f3ximo<\/em><\/strong><\/li>\n<li><strong><em>Reconoce Grupo Aerom\u00e9xico a las autoridades por recuperar la Categor\u00eda 1 en seguridad a\u00e9rea<\/em><\/strong><\/li>\n<\/ul>\n<p>&nbsp;<\/p>\n<div id=\"attachment_596195\" style=\"width: 470px\" class=\"wp-caption aligncenter\"><a href=\"https:\/\/www.diarioimagen.net\/?attachment_id=596195\" rel=\"attachment wp-att-596195\"><img loading=\"lazy\" decoding=\"async\" aria-describedby=\"caption-attachment-596195\" class=\"size-full wp-image-596195\" src=\"https:\/\/www.diarioimagen.net\/wp-content\/uploads\/2023\/09\/turismo-estrellas-7.jpg\" alt=\"\" width=\"460\" height=\"270\" \/><\/a><p id=\"caption-attachment-596195\" class=\"wp-caption-text\">Nathalie Desplas recibe el premio.<\/p><\/div>\n<p>&nbsp;<\/p>\n<p><strong>Nathalie Desplas Puel<\/strong>, secretaria de Turismo de la Ciudad de M\u00e9xico recibi\u00f3 de manos de <strong>Rub\u00e9n G\u00f3mez<\/strong>, director del Museo Chicote y de <strong>Juan Duarte Cuadrado<\/strong>, embajador de Espa\u00f1a en M\u00e9xico, el premio Museo Chicote a la Ciudad de M\u00e9xico que otorgaron la oficina de Turismo del Ayuntamiento de Madrid y El Museo Chicote, en ceremonia que tuvo lugar en el Casino Espa\u00f1ol en el Centro Hist\u00f3rico capitalino.<\/p>\n<p><strong>Desplas Puel<\/strong> agradeci\u00f3 el reconocimiento y se\u00f1al\u00f3 la gran relaci\u00f3n e historia que existe entre ambas ciudades.<\/p>\n<p>En su oportunidad, <strong>Rub\u00e9n G\u00f3mez<\/strong> coment\u00f3: \u201clos Premios Museo Chicote siguen la tradici\u00f3n de su fundador, <strong>Perico Chicote<\/strong>, y los hemos rescatado para hacer de esta su novena edici\u00f3n moderna. Desde que se fund\u00f3 en 1931 el Museo Chicote ha recibido lo m\u00e1s granado de todos los \u00e1mbitos del mundo del arte, la literatura, el cine y un largo etc\u00e9tera\u201d.<\/p>\n<p>Asimismo, <strong>Consuelo S\u00e1nchez<\/strong>, responsable de Promoci\u00f3n Tur\u00edstica para el mercado Latinoamericano de la oficina de Turismo del Ayuntamiento de Madrid coment\u00f3: \u201cel turismo entre M\u00e9xico y Espa\u00f1a sigue creciendo y los n\u00fameros son cada vez mejores. Para Madrid los turistas mexicanos representan uno de los cinco mercados internacionales m\u00e1s importantes y la calurosa bienvenida que hemos tenido demuestran que Madrid es uno de los destinos favoritos para los mexicanos\u201d.<\/p>\n<p><strong>Consuelo<\/strong> aprovecho la oportunidad, para agradecer la presencia de Turespa\u00f1a con su director, <strong>Fernando Villalba<\/strong>, en la entrega del premio.<\/p>\n<p>En esta edici\u00f3n\u202fde septiembre 2023, este galard\u00f3n Museo Chicote fue concedido a M\u00e9xico coincidiendo con el 75 aniversario del famoso chotis \u201cMadrid\u201d y la uni\u00f3n que Museo Chicote ha tenido durante estos 92 a\u00f1os de historia con nuestro pa\u00eds.<\/p>\n<p>La gran sorpresa de la noche fue cuando, acompa\u00f1ada de mariachi, <strong>Sananda Dico<\/strong>, cantante espa\u00f1ola, enton\u00f3 la canci\u00f3n \u201cMadrid\u201d, versi\u00f3n actualizada de la canci\u00f3n\u00a0 que rompi\u00f3 r\u00e9cord de reproducciones en el viejo continente en el momento de su lanzamiento.<\/p>\n<p>La reuni\u00f3n cont\u00f3 con la presencia de Aerom\u00e9xico e Iberia, destacando la conectividad que hay entre M\u00e9xico y Espa\u00f1a, con vuelos diarios durante todo el a\u00f1o.<\/p>\n<p><strong>Caroline Tensi<\/strong>, responsable de Conectividad para Turismo del Ayuntamiento de Madrid, dijo sentirse afortunada con la presencia de las aerol\u00edneas bandera de M\u00e9xico y Espa\u00f1a y, destac\u00f3 la importante labor que tienen ambas compa\u00f1\u00edas al conectar las dos capitales: M\u00e9xico y Madrid por lo que invit\u00f3 a todos a seguir viajando a Madrid y disfrutar sus novedades en hoteles, gastronom\u00eda, oferta de musicales, museos y m\u00e1s.<\/p>\n<p>Al finalizar la velada, ambas aerol\u00edneas junto con <strong>I\u00f1igo S\u00e1nchez-Crespo<\/strong>, director del Hotel <em>Montera Madrid Curio Collection by Hilton<\/em> y la oficina de Turismo del Ayuntamiento de Madrid rifaron dos viajes a la capital espa\u00f1ola, incluyendo vuelos, hospedaje y experiencias.<\/p>\n<p>\u2730\u2730\u2730\u2730\u2730 <strong>Miguel Agu\u00ed\u00f1iga Rodr\u00edguez<\/strong>, secretario de Turismo de Baja California dio a conocer la d\u00e9cima edici\u00f3n del <em>Baja Culinary Fest,<\/em> festival gastron\u00f3mico m\u00e1s destacado del norte de M\u00e9xico que se llevar\u00e1 a cabo del 2 al 4 de noviembre pr\u00f3ximo y que promete ser un fest\u00edn de sabores, cultura y hospitalidad que ning\u00fan amante de la gastronom\u00eda querr\u00e1 perderse.<\/p>\n<p>Desde su creaci\u00f3n, <em>Baja Culinary Fest<\/em> se ha consolidado como un evento emblem\u00e1tico que celebra la riqueza culinaria y la diversidad de productos locales que hacen de Baja California el destino gastron\u00f3mico por excelencia de M\u00e9xico.<\/p>\n<p>Bajo el liderazgo de sus fundadores, <strong>Miguel \u00c1ngel Guerrero<\/strong>, <strong>Javier Plascencia<\/strong>, <strong>Javier Gonz\u00e1lez<\/strong>, <strong>Marina P\u00e9rez<\/strong>, y el coordinador del evento, <strong>Alan Bautista<\/strong>, el festival busca ser un escaparate para la cadena de valor de la industria gastron\u00f3mica.<\/p>\n<p>Al hacer uso de la palabra el titular de Turismo se\u00f1al\u00f3: \u201cel <em>Baja Culinary Fest<\/em> es una celebraci\u00f3n de la innovaci\u00f3n culinaria y la pasi\u00f3n de nuestra regi\u00f3n por la gastronom\u00eda. Esta d\u00e9cima edici\u00f3n es un testimonio del compromiso de Baja California para mantenerse a la vanguardia de la escena culinaria de M\u00e9xico y promover la diversidad y la calidad de nuestros productos, chefs y restaurantes\u201d.<\/p>\n<p>El programa incluye cenas exclusivas con chefs invitados el 2 y 3 de noviembre, seguidas por un emocionante concurso culinario estatal el 4 de noviembre en la <em>Culinary Art School<\/em> de Tijuana. Adem\u00e1s, habr\u00e1 una Expo Gastron\u00f3mica \u201cTierra Marina\u201d en el estacionamiento del Casino Caliente, donde se podr\u00e1n degustar los sabores aut\u00e9nticos de Baja California.<\/p>\n<p>Este a\u00f1o, el <em>Baja Culinary Fest<\/em> se enriquecer\u00e1 con la presencia del estado de Guanajuato como invitado especial. <strong>Juan Jos\u00e9 \u00c1lvarez Brunel<\/strong>, secretario de Turismo de Guanajuato, destac\u00f3 la importancia de esta colaboraci\u00f3n: \u201cestar presente en este importante festival gastron\u00f3mico representa una oportunidad para acompa\u00f1ar a un gran referente de la gastronom\u00eda, como lo es Baja California; hermanamiento con el cu\u00e1l se eleva el sentido de la gastronom\u00eda mexicana\u201d.<\/p>\n<p>Por su parte, <strong>Alan Bautista<\/strong> subray\u00f3: \u201c<em>Baja Culinary Fest 2023<\/em> es una oportunidad \u00fanica para experimentar la esencia de la gastronom\u00eda de Baja California y fortalecer los lazos culinarios entre regiones\u201d.<\/p>\n<p>El estado de Guanajuato tendr\u00e1 un pabell\u00f3n en el evento, donde los asistentes podr\u00e1n disfrutar destilados y vinos, apreciar artesan\u00edas, degustar la gastronom\u00eda y conocer la amplia variedad de productos Marca Guanajuato. Adem\u00e1s, se fomentar\u00e1 el turismo entre Baja California y Guanajuato a trav\u00e9s del vuelo directo que conecta Tijuana con el Aeropuerto Internacional del Baj\u00edo.<\/p>\n<p>Adem\u00e1s, Guanajuato ofrecer\u00e1 dos cenas, la primera el jueves 2 de noviembre a cargo de la chef <strong>Mayela C\u00e1rdenas<\/strong> del restaurante Casa Valadez. La segunda, ser\u00e1 el viernes 3 de noviembre con <strong>Domingo Mart\u00ednez<\/strong>, chef de <em>Amatxi,<\/em> ambos restaurantes ubicados en Guanajuato capital.<\/p>\n<p>La Secretar\u00eda de Turismo de Baja California invita a todos los visitantes a disfrutar de este festival, que no solo resalta la calidad gastron\u00f3mica de la regi\u00f3n, sino que tambi\u00e9n fortalece los lazos culinarios entre estados mexicanos.<\/p>\n<p>\u2730\u2730\u2730\u2730\u2730 Grupo Aerom\u00e9xico reconoci\u00f3 a las autoridades de la Secretar\u00eda de Infraestructura, Comunicaciones y Transportes (SICT), la Secretar\u00eda de Relaciones Exteriores (SRE), a las C\u00e1maras de Diputados y Senadores, as\u00ed como a la Agencia Federal de Aviaci\u00f3n Civil (AFAC), por lograr las adecuaciones necesarias que hoy nos permiten recuperar la Categor\u00eda 1 en seguridad a\u00e9rea, por parte de la Administraci\u00f3n Federal de Aviaci\u00f3n de Estados Unidos (FAA).<\/p>\n<p>Un comunicado emitido por la aerol\u00ednea asegura: \u201cpara Aerom\u00e9xico lo m\u00e1s importante es seguir conectando a M\u00e9xico con el mundo. El regreso a la Categor\u00eda 1 en seguridad a\u00e9rea nos brinda la posibilidad de reforzar la conectividad con uno de los mercados m\u00e1s importantes para el pa\u00eds, Estados Unidos; hacer uso m\u00e1s eficiente de los aviones que se han incorporado a nuestra flota y mejorar la \u00a0experiencia de nuestros clientes\u201d.<\/p>\n<p>&nbsp;<\/p>\n<blockquote>\n<p style=\"text-align: right;\">\u201c<strong>El<\/strong> <strong>\u00e1ngel de la fama tiene sus alas hechas de papel&#8230; peri\u00f3dico\u201d.<br \/>\n<\/strong><\/p>\n<\/blockquote>\n<p>&nbsp;<\/p>\n<p><em><span class=\"Apple-converted-space\"><a href=\"mailto:victoriagprado@gmail.com\" target=\"_blank\" rel=\"noopener noreferrer\">victoriagprado@gmail.com<\/a><br \/>\nTwitter: <a href=\"https:\/\/twitter.com\/victoriagprado\" target=\"_blank\" rel=\"noopener noreferrer\">@victoriagprado<\/a><\/span><\/em><\/p>\n","protected":false},"excerpt":{"rendered":"<p><strong>Nathalie Desplas Puel<\/strong>, secretaria de Turismo de la Ciudad de M\u00e9xico recibi\u00f3 de manos de <strong>Rub\u00e9n G\u00f3mez<\/strong>, director del Museo Chicote y de <strong>Juan Duarte Cuadrado<\/strong>, embajador de Espa\u00f1a en M\u00e9xico, el premio Museo Chicote a la Ciudad de M\u00e9xico que otorgaron la oficina de Turismo del Ayuntamiento de Madrid y El Museo Chicote, en ceremonia que tuvo lugar en el Casino Espa\u00f1ol en el Centro Hist\u00f3rico capitalino.<\/p>\n","protected":false},"author":3,"featured_media":596195,"comment_status":"open","ping_status":"open","sticky":false,"template":"","format":"standard","meta":{"_monsterinsights_skip_tracking":false,"_monsterinsights_sitenote_active":false,"_monsterinsights_sitenote_note":"","_monsterinsights_sitenote_category":0,"footnotes":""},"categories":[11],"tags":[107,43674,43681,106],"class_list":["post-596148","post","type-post","status-publish","format-standard","has-post-thumbnail","hentry","category-turismo","tag-de-cinco-estrellas","tag-opinion","tag-turismo","tag-victoria-gonzalez-prado"],"_links":{"self":[{"href":"https:\/\/www.diarioimagen.net\/index.php?rest_route=\/wp\/v2\/posts\/596148","targetHints":{"allow":["GET"]}}],"collection":[{"href":"https:\/\/www.diarioimagen.net\/index.php?rest_route=\/wp\/v2\/posts"}],"about":[{"href":"https:\/\/www.diarioimagen.net\/index.php?rest_route=\/wp\/v2\/types\/post"}],"author":[{"embeddable":true,"href":"https:\/\/www.diarioimagen.net\/index.php?rest_route=\/wp\/v2\/users\/3"}],"replies":[{"embeddable":true,"href":"https:\/\/www.diarioimagen.net\/index.php?rest_route=%2Fwp%2Fv2%2Fcomments&post=596148"}],"version-history":[{"count":0,"href":"https:\/\/www.diarioimagen.net\/index.php?rest_route=\/wp\/v2\/posts\/596148\/revisions"}],"wp:featuredmedia":[{"embeddable":true,"href":"https:\/\/www.diarioimagen.net\/index.php?rest_route=\/wp\/v2\/media\/596195"}],"wp:attachment":[{"href":"https:\/\/www.diarioimagen.net\/index.php?rest_route=%2Fwp%2Fv2%2Fmedia&parent=596148"}],"wp:term":[{"taxonomy":"category","embeddable":true,"href":"https:\/\/www.diarioimagen.net\/index.php?rest_route=%2Fwp%2Fv2%2Fcategories&post=596148"},{"taxonomy":"post_tag","embeddable":true,"href":"https:\/\/www.diarioimagen.net\/index.php?rest_route=%2Fwp%2Fv2%2Ftags&post=596148"}],"curies":[{"name":"wp","href":"https:\/\/api.w.org\/{rel}","templated":true}]}}