{"id":596406,"date":"2023-09-22T00:03:52","date_gmt":"2023-09-22T06:03:52","guid":{"rendered":"https:\/\/www.diarioimagen.net\/?p=596406"},"modified":"2023-09-22T02:11:28","modified_gmt":"2023-09-22T08:11:28","slug":"inaugura-angelica-moya-marin-taller-sobre-construccion-de-ciudadania","status":"publish","type":"post","link":"https:\/\/www.diarioimagen.net\/?p=596406","title":{"rendered":"Inaugura Ang\u00e9lica Moya Mar\u00edn taller sobre construcci\u00f3n de ciudadan\u00eda"},"content":{"rendered":"<p>&nbsp;<\/p>\n<p><a href=\"https:\/\/www.diarioimagen.net\/?attachment_id=596507\" rel=\"attachment wp-att-596507\"><img loading=\"lazy\" decoding=\"async\" class=\"aligncenter size-full wp-image-596507\" src=\"https:\/\/www.diarioimagen.net\/wp-content\/uploads\/2023\/09\/inaugura-angelica.jpg\" alt=\"\" width=\"460\" height=\"270\" \/><\/a><\/p>\n<p>&nbsp;<\/p>\n<p><strong>Naucalpan, Estado de M\u00e9xico.\u2014 <\/strong>Al inaugurar el taller \u201cHerramientas para la Construcci\u00f3n de Ciudadan\u00eda\u201d, la alcaldesa Ang\u00e9lica Moya Mar\u00edn afirm\u00f3, ante agrupaciones sociales y de colonos, que su gobierno \u201capuesta por las organizaciones civiles y si ustedes apuestan por la comunidad, estaremos apostando por la reconstrucci\u00f3n de Naucalpan\u201d.<\/p>\n<p>La presidenta municipal reconoci\u00f3 que en sus m\u00e1s de 34 a\u00f1os de carrera pol\u00edtica ha sido la sociedad civil la que impugna, exige y ha construido con sus manos la historia de Naucalpan a trav\u00e9s de faenas comunitarias y trabajo conjunto con el gobierno municipal, por ello \u201cestos espacios nos dan la oportunidad de profesionalizarnos, dialogar y discutir\u201d.<\/p>\n","protected":false},"excerpt":{"rendered":"<p>Al inaugurar el taller \u201cHerramientas para la Construcci\u00f3n de Ciudadan\u00eda\u201d, la alcaldesa Ang\u00e9lica Moya Mar\u00edn afirm\u00f3, ante agrupaciones sociales y de colonos, que su gobierno \u201capuesta por las organizaciones civiles y si ustedes apuestan por la comunidad, estaremos apostando por la reconstrucci\u00f3n de Naucalpan\u201d.<\/p>\n","protected":false},"author":3,"featured_media":596507,"comment_status":"open","ping_status":"open","sticky":false,"template":"","format":"standard","meta":{"_monsterinsights_skip_tracking":false,"_monsterinsights_sitenote_active":false,"_monsterinsights_sitenote_note":"","_monsterinsights_sitenote_category":0,"footnotes":""},"categories":[5],"tags":[79717,17625],"class_list":["post-596406","post","type-post","status-publish","format-standard","has-post-thumbnail","hentry","category-estado-de-mexico","tag-ciudadania","tag-construccion"],"_links":{"self":[{"href":"https:\/\/www.diarioimagen.net\/index.php?rest_route=\/wp\/v2\/posts\/596406","targetHints":{"allow":["GET"]}}],"collection":[{"href":"https:\/\/www.diarioimagen.net\/index.php?rest_route=\/wp\/v2\/posts"}],"about":[{"href":"https:\/\/www.diarioimagen.net\/index.php?rest_route=\/wp\/v2\/types\/post"}],"author":[{"embeddable":true,"href":"https:\/\/www.diarioimagen.net\/index.php?rest_route=\/wp\/v2\/users\/3"}],"replies":[{"embeddable":true,"href":"https:\/\/www.diarioimagen.net\/index.php?rest_route=%2Fwp%2Fv2%2Fcomments&post=596406"}],"version-history":[{"count":0,"href":"https:\/\/www.diarioimagen.net\/index.php?rest_route=\/wp\/v2\/posts\/596406\/revisions"}],"wp:featuredmedia":[{"embeddable":true,"href":"https:\/\/www.diarioimagen.net\/index.php?rest_route=\/wp\/v2\/media\/596507"}],"wp:attachment":[{"href":"https:\/\/www.diarioimagen.net\/index.php?rest_route=%2Fwp%2Fv2%2Fmedia&parent=596406"}],"wp:term":[{"taxonomy":"category","embeddable":true,"href":"https:\/\/www.diarioimagen.net\/index.php?rest_route=%2Fwp%2Fv2%2Fcategories&post=596406"},{"taxonomy":"post_tag","embeddable":true,"href":"https:\/\/www.diarioimagen.net\/index.php?rest_route=%2Fwp%2Fv2%2Ftags&post=596406"}],"curies":[{"name":"wp","href":"https:\/\/api.w.org\/{rel}","templated":true}]}}