{"id":596448,"date":"2023-09-22T00:05:49","date_gmt":"2023-09-22T06:05:49","guid":{"rendered":"https:\/\/www.diarioimagen.net\/?p=596448"},"modified":"2023-09-21T23:53:07","modified_gmt":"2023-09-22T05:53:07","slug":"mexicanos-vivimos-en-jauja","status":"publish","type":"post","link":"https:\/\/www.diarioimagen.net\/?p=596448","title":{"rendered":"Mexicanos: \u00a1vivimos en jauja!"},"content":{"rendered":"<h2>Perfil de M\u00e9xico<\/h2>\n<h5>Armando R\u00edos Ruiz<\/h5>\n<p>&nbsp;<\/p>\n<p>Una vez m\u00e1s, la periodista Rosa Icela Rodr\u00edguez, secretaria de Seguridad y Protecci\u00f3n Ciudadana, asegur\u00f3 que con la divina llegada de Morena al poder y con su propia presencia en los quehaceres policiacos, desde luego, la seguridad baj\u00f3 a niveles de competencia mundial: 75 por ciento los secuestros. Cincuenta el robo de veh\u00edculos. Treinta los feminicidios. Veinticinco los delitos federales y diecisiete los homicidios dolosos.<\/p>\n<p>Es para celebrar. Pero mejor seamos prudentes, porque otros datos afirman que estamos muy mal. Un informe de Iniciativa Global Contra el Crimen Organizado se\u00f1ala que, en el puntaje de criminalidad, M\u00e9xico tiene 7.57 puntos que a simple vista no significan nada. Pero si leemos m\u00e1s, entenderemos que dicho puntaje nos ubica nada menos que en el segundo lugar de los 35 pa\u00edses de Am\u00e9rica.<\/p>\n<p>Adem\u00e1s, el reporte asegura que ocupamos el honroso cuarto lugar entre las naciones del mundo con mayor crimen organizado. S\u00f3lo nos ganan Colombia, El Congo y Myanmar. Este \u00faltimo, un pa\u00eds perdido entre Bangladesh y la India, con menos de la mitad de habitantes que el nuestro. Como que ya no tenemos ninguna raz\u00f3n para presumir ni para festejar.<\/p>\n<p>Pero si de todos modos queremos algo para hacer fiesta, pues cre\u00e1mosle a nuestra flamante secretaria-periodista, quien recomienda tambi\u00e9n penalizar m\u00e1s los delitos de extorsi\u00f3n y cobro de piso. A ver qui\u00e9n es el valiente que impone las penas que resulten de su idea. \u00bfNo se le ocurre a esta se\u00f1ora que en lugar de una pena que nadie podr\u00eda imponer, ser\u00eda m\u00e1s conveniente perseguir a los delincuentes?<\/p>\n<p>Pero no para darles abrazos. Tendr\u00e1 que idear algo que no es posible avizorar en su cabeza: Operativos inteligentes, valientes, arriesgados, aunque ya no se sabe qui\u00e9n podr\u00eda llevarlos a efecto, ya que las fuerzas armadas est\u00e1n demasiado entretenidas con tanto trabajo que les ha dado el Presidente. Inclusive con los mismos delincuentes con quienes, se dice, ya tienen buenas relaciones. Bueno. Parece que siempre.<\/p>\n<p>El informe, elaborado con datos de 193 pa\u00edses, presenta un mapa en donde se identifican criminalidad y resiliencia ante el crimen organizado y dice adem\u00e1s que la principal raz\u00f3n por la que M\u00e9xico se ubica en la posici\u00f3n de referencia, es porque nuestros malosos son los m\u00e1s sofisticados del mundo.<\/p>\n<p>Parece que los informes que elabora la periodista-polic\u00eda, tienen que ver con cifras que le llegan a la mente para satisfacer al se\u00f1or de las ma\u00f1aneras. Para reafirmar a los enamorados que la t\u00e1ctica de abrazos arroja los frutos que se buscan. En estas conferencias, la se\u00f1ora ha le\u00eddo cuentas alegres que hablan siempre de la espectacular baja de la criminalidad.<\/p>\n<p>Se ve que jam\u00e1s ha estado en estados como Guerrero, en donde de plano es imposible confiarse. Los asesinatos y la violencia entre los diferentes grupos criminales se dejan sentir en todo el territorio, ante la complacencia de los dos gobernadores, padre e hija, que se limitan a decir que todo est\u00e1 bien y que gobiernan para el pueblo.<\/p>\n<p>Esta entidad es un ejemplo de lo mal que est\u00e1 todo M\u00e9xico. Las personas que diariamente mueren a manos de los criminales ni siquiera forman parte de las estad\u00edsticas y menos de las que elabora Rosa Icela. En todo el territorio nacional ocurre exactamente lo mismo. Vayan a Tamaulipas, a Sonora o a Michoac\u00e1n para comprobarlo. S\u00f3lo por mencionar lo menos.<\/p>\n<p>Los especialistas hablan de las herencias que habr\u00e1 de dejar el Presidente a quien lo sustituya, entre las cuales figura, desde luego, la ola criminal que en esta administraci\u00f3n se ha desbordado peor que en toda la historia o para ser m\u00e1s precisos, que el pasado al que se refiere todos los d\u00edas con desd\u00e9n, con sorna, con todo el desprecio de su verborrea.<\/p>\n<p>La herencia tendr\u00e1 que ser una carga demasiado pesada para quien ocupe el m\u00e1ximo cargo pol\u00edtico. M\u00e1s para un sustituto con escasa capacidad, como la ha mostrado la favorita y m\u00e1s a\u00fan, para un gabinete parecido al de hoy, con 10 por ciento de capacidad y 90 de honestidad, de ganar Morena las elecciones, como muchos piensan, gracias al fraude que dicen, ya est\u00e1 cocinado y s\u00f3lo hay que esperar para su debida ingesti\u00f3n.<\/p>\n<p><a href=\"mailto:ariosruiz@gmail.com\" target=\"_blank\" rel=\"noopener noreferrer\"><em>ariosruiz@gmail.com<\/em><\/a><\/p>\n","protected":false},"excerpt":{"rendered":"<p><span style=\"color: #005497;\"><strong>Armando R\u00edos Ruiz<\/strong><\/span><\/p>\n","protected":false},"author":3,"featured_media":0,"comment_status":"open","ping_status":"open","sticky":false,"template":"","format":"standard","meta":{"_monsterinsights_skip_tracking":false,"_monsterinsights_sitenote_active":false,"_monsterinsights_sitenote_note":"","_monsterinsights_sitenote_category":0,"footnotes":""},"categories":[88405],"tags":[88407,43674,91193],"class_list":["post-596448","post","type-post","status-publish","format-standard","hentry","category-armando-rios-ruiz","tag-armando-rios-ruiz","tag-opinion","tag-perfil-de-mexico"],"_links":{"self":[{"href":"https:\/\/www.diarioimagen.net\/index.php?rest_route=\/wp\/v2\/posts\/596448","targetHints":{"allow":["GET"]}}],"collection":[{"href":"https:\/\/www.diarioimagen.net\/index.php?rest_route=\/wp\/v2\/posts"}],"about":[{"href":"https:\/\/www.diarioimagen.net\/index.php?rest_route=\/wp\/v2\/types\/post"}],"author":[{"embeddable":true,"href":"https:\/\/www.diarioimagen.net\/index.php?rest_route=\/wp\/v2\/users\/3"}],"replies":[{"embeddable":true,"href":"https:\/\/www.diarioimagen.net\/index.php?rest_route=%2Fwp%2Fv2%2Fcomments&post=596448"}],"version-history":[{"count":0,"href":"https:\/\/www.diarioimagen.net\/index.php?rest_route=\/wp\/v2\/posts\/596448\/revisions"}],"wp:attachment":[{"href":"https:\/\/www.diarioimagen.net\/index.php?rest_route=%2Fwp%2Fv2%2Fmedia&parent=596448"}],"wp:term":[{"taxonomy":"category","embeddable":true,"href":"https:\/\/www.diarioimagen.net\/index.php?rest_route=%2Fwp%2Fv2%2Fcategories&post=596448"},{"taxonomy":"post_tag","embeddable":true,"href":"https:\/\/www.diarioimagen.net\/index.php?rest_route=%2Fwp%2Fv2%2Ftags&post=596448"}],"curies":[{"name":"wp","href":"https:\/\/api.w.org\/{rel}","templated":true}]}}