{"id":596451,"date":"2023-09-22T00:08:10","date_gmt":"2023-09-22T06:08:10","guid":{"rendered":"https:\/\/www.diarioimagen.net\/?p=596451"},"modified":"2023-09-21T23:56:53","modified_gmt":"2023-09-22T05:56:53","slug":"migracion-y-sus-derivados","status":"publish","type":"post","link":"https:\/\/www.diarioimagen.net\/?p=596451","title":{"rendered":"Migraci\u00f3n y sus derivados"},"content":{"rendered":"<h2>Punto por punto<\/h2>\n<h5>Augusto Corro<\/h5>\n<p>&nbsp;<\/p>\n<p>El problema de la migraci\u00f3n seguir\u00e1 presente en Latinoam\u00e9rica sin soluci\u00f3n alguna. Los gobiernos de los diferentes pa\u00edses s\u00f3lo en discursos tratan el tema. Mientras los indocumentados nacionales y extranjeros recorren las peligrosas rutas para llegar a la frontera de M\u00e9xico con Estados Unidos.<\/p>\n<p>Alcanzar esa meta representa una verdadera victoria contra la adversidad. Miles de personas huyen de sus pa\u00edses de origen para buscar mejores condiciones de vida en otras regiones. Ante los riesgos que amenazan sus vidas, los centroamericanos, caribe\u00f1os, sudamericanos, etc., se lanzan a la aventura.<\/p>\n<p>Depende del lugar que parten, los sin papeles tienen que cruzar zonas \u00e1ridas, selvas y someterse a los climas extremos. A los obst\u00e1culos naturales de esos viajeros debe sumarse la participaci\u00f3n de las autoridades migratorias y delincuencia organizada para extorsionarlos y, como ocurri\u00f3 en varios casos, asesinarlos.<\/p>\n<p>Los indocumentados tienen que recorrer miles de kil\u00f3metros para llegar a su meta. El transporte que est\u00e9 a la mano es el que se utiliza para el viaje. Recientemente, miles de ilegales, muchos con su familia, tuvieron que enfrentar la paralizaci\u00f3n de los trenes de carga, principalmente en el norte de pa\u00eds. Los empresarios decidieron frenar la migraci\u00f3n que cada d\u00eda crece, incontenible.<\/p>\n<p>Se reanud\u00f3 el movimiento de trenes y los indocumentados siguieron su viaje, con la esperanza de llegar a Estados Unidos; mientras el problema migratorio en los diferentes pa\u00edses latinoamericanos. Los gobiernos de esos pa\u00edses ya se acostumbraron a vivir con el problema que desean erradicar, pero con discursos.<\/p>\n<p>Algunas veces las autoridades mexicanas y estadounidenses se refieren a la necesidad de invertir recursos econ\u00f3micos para la creaci\u00f3n de empresas y la l\u00f3gica creaci\u00f3n de fuentes de empleo. Sin embargo, eso no ocurre y el asunto de la migraci\u00f3n resurge en las campa\u00f1as pol\u00edticas.<\/p>\n<p>Si bien es cierto que el problema del desempleo golpea a los pa\u00edses latinoamericanos, no es lo \u00fanico que presiona a las personas a dejar sus pueblos. Tambi\u00e9n la pobreza es otro de los factores que obligan a la gente a buscar nuevas formas de vida. Adem\u00e1s, los migrantes huyen de la violencia, derivada de las luchas entre los grupos de la delincuencia organizada.<\/p>\n<p>En M\u00e9xico, el fen\u00f3meno migratorio es tratado con indiferencia. Es err\u00e1tica su pol\u00edtica para manejar la crisis de los indocumentados. En las oficinas del Instituto Nacional de Migraci\u00f3n (INM) es exagerada la tardanza en la atenci\u00f3n a los indocumentados, que cansados de esperar optan por iniciar su viaje en condici\u00f3n de ilegales en el territorio nacional.<\/p>\n<p>Recientemente, en Ciudad Ju\u00e1rez, Chihuahua, 40 indocumentados que iban a ser deportados perecieron en un incendio en un inmueble del INM. Por otra parte, los ilegales perecen en accidentes en la carretera o son secuestrados y asesinados. Son m\u00faltiples los casos en los que las autoridades participan en las agresiones a los migrantes.<\/p>\n<p>Hace varios d\u00edas, un juez declar\u00f3 culpables a 11 ex polic\u00edas de Tamaulipas por el asesinato de 19 personas, 17 de ellas migrantes centroamericanos y dos de origen mexicano. La agresi\u00f3n a los extranjeros ocurri\u00f3 en enero de 2021.<\/p>\n<p>El tejido social es afectado cuando los j\u00f3venes, ni\u00f1os, etc., deciden vivir la aventura de llegar a Estados Unidos.\u00a0 Los menores de edad corren la misma suerte que los adultos, sin medios para defenderse son v\u00edctimas, igual que los adultos, de la delincuencia, concretamente de los llamados \u201ccoyotes\u201d.<\/p>\n<p>Contin\u00faa, pues, pendiente, la soluci\u00f3n del problema migratorio. No ser\u00e1 con buenas intenciones como se resolver\u00e1. Erradicar las causas que lo originan es una idea positiva, pero insuficiente, debido a la lentitud en la obtenci\u00f3n de resultados.<\/p>\n<p>\u00bfUsted qu\u00e9 opina amable lector?<\/p>\n<p><a href=\"mailto:augustocorro2742@gmail.com\" target=\"_blank\" rel=\"noopener\"><em>augustocorro2742@gmail.com<\/em><\/a><\/p>\n","protected":false},"excerpt":{"rendered":"<p><span style=\"color: #005497;\"><strong>Augusto Corro<\/strong><\/span><\/p>\n","protected":false},"author":3,"featured_media":0,"comment_status":"open","ping_status":"open","sticky":false,"template":"","format":"standard","meta":{"_monsterinsights_skip_tracking":false,"_monsterinsights_sitenote_active":false,"_monsterinsights_sitenote_note":"","_monsterinsights_sitenote_category":0,"footnotes":""},"categories":[157],"tags":[43686,43674,11515],"class_list":["post-596451","post","type-post","status-publish","format-standard","hentry","category-augusto-corro","tag-augusto-corro","tag-opinion","tag-punto-por-punto"],"_links":{"self":[{"href":"https:\/\/www.diarioimagen.net\/index.php?rest_route=\/wp\/v2\/posts\/596451","targetHints":{"allow":["GET"]}}],"collection":[{"href":"https:\/\/www.diarioimagen.net\/index.php?rest_route=\/wp\/v2\/posts"}],"about":[{"href":"https:\/\/www.diarioimagen.net\/index.php?rest_route=\/wp\/v2\/types\/post"}],"author":[{"embeddable":true,"href":"https:\/\/www.diarioimagen.net\/index.php?rest_route=\/wp\/v2\/users\/3"}],"replies":[{"embeddable":true,"href":"https:\/\/www.diarioimagen.net\/index.php?rest_route=%2Fwp%2Fv2%2Fcomments&post=596451"}],"version-history":[{"count":0,"href":"https:\/\/www.diarioimagen.net\/index.php?rest_route=\/wp\/v2\/posts\/596451\/revisions"}],"wp:attachment":[{"href":"https:\/\/www.diarioimagen.net\/index.php?rest_route=%2Fwp%2Fv2%2Fmedia&parent=596451"}],"wp:term":[{"taxonomy":"category","embeddable":true,"href":"https:\/\/www.diarioimagen.net\/index.php?rest_route=%2Fwp%2Fv2%2Fcategories&post=596451"},{"taxonomy":"post_tag","embeddable":true,"href":"https:\/\/www.diarioimagen.net\/index.php?rest_route=%2Fwp%2Fv2%2Ftags&post=596451"}],"curies":[{"name":"wp","href":"https:\/\/api.w.org\/{rel}","templated":true}]}}