{"id":596470,"date":"2023-09-22T00:12:45","date_gmt":"2023-09-22T06:12:45","guid":{"rendered":"https:\/\/www.diarioimagen.net\/?p=596470"},"modified":"2023-09-22T00:46:31","modified_gmt":"2023-09-22T06:46:31","slug":"morena-y-amlo-los-mejores-aliados-de-xochitl-galvez","status":"publish","type":"post","link":"https:\/\/www.diarioimagen.net\/?p=596470","title":{"rendered":"Morena y AMLO, los mejores aliados de X\u00f3chitl G\u00e1lvez"},"content":{"rendered":"<h2>Tras la puerta del poder<\/h2>\n<h5>Roberto Vizca\u00edno<\/h5>\n<p>&nbsp;<\/p>\n<p>Cada nuevo ataque del oficialismo lanzado hacia <strong>X\u00f3chitl G\u00e1lvez Ruiz<\/strong> le suma adeptos y simpatizantes, muy posibles votos en la presidencial del pr\u00f3ximo a\u00f1o, a la candidata del Frente Amplio Opositor.<\/p>\n<p>Es la opini\u00f3n de expertos y asesores en imagen y operaci\u00f3n pol\u00edtica en un reporte que corre semanalmente entre empresarios de las diferentes ramas del Consejo Coordinador Empresarial, cuyos ejecutivos buscan una gu\u00eda para intentar comprender lo que ocurre en la adelantad\u00edsima sucesi\u00f3n presidencial.<\/p>\n<p>Con 8 meses y medio (255 d\u00edas) de distancia para las elecciones generales y la presidencial del 2 de junio de 2024, afirman, atacar tan insistente y ampliamente en medios y redes sociales a un opositor provoca un efecto expansivo entre la poblaci\u00f3n que hasta ahora no conoc\u00eda a la senadora <strong>G\u00e1lvez<\/strong>.<\/p>\n<p>De acuerdo a levantamientos de opini\u00f3n internos realizados hace apenas mes y medio, un 80 por ciento de los mexicanos no hab\u00edan escuchado hablar ni sab\u00edan nada de X\u00f3chitl G\u00e1lvez.<\/p>\n<p>Hoy, gracias a los golpes medi\u00e1ticos lanzados por el presidente <strong>Andr\u00e9s Manuel L\u00f3pez Obrador<\/strong> desde sus ma\u00f1aneras en Palacio Nacional, y los embates de diversos personajes y sectores de Morena, y por la interna del Frente Amplio Va por M\u00e9xico, la hidalguense se ha posicionado en casi un 50 por ciento de la poblaci\u00f3n.<\/p>\n<p>Todo eso ha creado ya una expectaci\u00f3n consistente. Y a cada nuevo ataque o descalificaci\u00f3n, como este \u00faltimo respecto de un supuesto plagio de su tesis \u2014que ya fue explicado que no hubo tesis, sino un reporte t\u00e9cnico\u2014 el conocimiento de los ciudadanos sobre la senadore crece.<\/p>\n<p>A este ritmo de ataques medi\u00e1ticos del oficialismo hacia la hidalguense en menos de 2 meses, <strong>AMLO<\/strong> y Morena habr\u00e1n logrado que antes de que concluya el a\u00f1o, el 80 o 90 por ciento de los mexicanos en edad de votar sabr\u00e1n que la senadora es la candidata presidencial opositora.<\/p>\n<p>El reporte advierte que en este contexto de un golpeteo medi\u00e1tico \u201cloco\u201d, basado en ocurrencias, sin bases ni pruebas suficientemente importantes, y sin una estrategia dentro de los tiempos de campa\u00f1a, todo contribuye a victimizar a la senadora y a crear un efecto de simpat\u00eda y apoyo popular hacia ella.<\/p>\n<p>A una mayor\u00eda no le importa realmente si es posible que la autoridad le tire su casa por errores legales en su construcci\u00f3n, o si haya cometido plagio en su tesis, sino que los ciudadanos perciben y tienden a creer que le quieren hacer da\u00f1o.<\/p>\n<p>Quienes la denuncian y atacan pasan a ser los malos.<\/p>\n<p>Esa percepci\u00f3n crece ante el desparpajo y buen humor, hasta cinismo, con que <strong>X\u00f3chitl G\u00e1lvez<\/strong> hace frente a los embates medi\u00e1ticos de <strong>AMLO<\/strong> y sus colaboradores.<\/p>\n<p>La atracci\u00f3n y simpat\u00eda popular levantada a su alrededor por el contexto de ese ataque sistem\u00e1tico y persistente en su contra desde el poder, hace que su historia personal, profesional, pol\u00edtica, impacte r\u00e1pidamente entre los ciudadanos quienes le encuentran en muchos de los casos similitud con la propia.<\/p>\n<p style=\"text-align: center;\"><strong>Acatar\u00e9 lo que determine la UNAM: G\u00e1lvez<\/strong><\/p>\n<p>En medio de esta din\u00e1mica sucesoria at\u00edpica, basada hasta ahora en dimes y diretes dentro de una campa\u00f1a que todav\u00eda ni siquiera comienza, no pocos ciudadanos comienzan a interesarse en el proceso de cambio presidencial y sus efectos en la empresa y el futuro del pa\u00eds.<\/p>\n<p>Y mientras esto ocurre, la candidata presidencial de la oposici\u00f3n <strong>X\u00f3chitl G\u00e1lvez<\/strong> advierte que, ante las acusaciones de plagio en su contra, no se resistir\u00e1 a la investigaci\u00f3n de su caso anunciada por la UNAM.<\/p>\n<p>Y que, si se encuentra que cometi\u00f3 un il\u00edcito que amerite la cancelaci\u00f3n de su t\u00edtulo profesional, pues que lo aceptar\u00e1 e iniciar\u00e1 de inmediato su reposici\u00f3n en la Facultad de Ingenier\u00eda.<\/p>\n<p>\u201cHoy he dicho claramente que sea la UNAM la que define y yo acatar\u00e9 lo que la UNAM decidida o sea, no opondr\u00e9 ninguna resistencia.<\/p>\n<p>\u201cSi la UNAM considera retirarme el t\u00edtulo lo acatar\u00e9 y presentar\u00e9 un nuevo trabajo y ahora s\u00ed cuidando todos los detalles\u201d, indic\u00f3.<\/p>\n<p>Esto ha recuperado el caso del plagio cometido por la ministra <strong>Yasm\u00edn Esquivel<\/strong> en sus dos tesis, y que la ha llevado a promover amparos a fin de evitar que la UNAM informe de su investigaci\u00f3n.<\/p>\n<p><strong>G\u00e1lvez<\/strong> explic\u00f3 que no se titul\u00f3 con tesis, sino con un informe sobre su experiencia profesional, con tres casos pr\u00e1cticos y sobre su experiencia para construir edificios verdes inteligentes.<\/p>\n<p>\u201cReconozco que no puse referencias, muchas de esas referencias son t\u00e9cnicas, porque lo que yo present\u00e9 fue un trabajo, un informe final. Hay dos maneras de titularte: con un trabajo te\u00f3rico, que es un invento tuyo, que t\u00fa lo planteas como innovador tuyo o con experiencia profesional.<\/p>\n<p>\u201cYo me titul\u00e9 con experiencia de tres casos pr\u00e1cticos, de tres edificios que hice y explico en ese documento y hay referencias, que es a donde yo no pongo la fuente de esas referencias, algunas por ejemplo, yo las hab\u00eda publicado hace tiempo, todav\u00eda no tengo claro cu\u00e1l, pero en ese sentido acatar\u00e9 lo que la UNAM diga\u201d, subray\u00f3.<\/p>\n<p>Abogados y pol\u00edticos como el senador <strong>Germ\u00e1n Mart\u00ednez C\u00e1zares<\/strong> advierten que todo este embrollo no impactar\u00e1 en nada en la intenci\u00f3n de <strong>G\u00e1lvez<\/strong> de lograr la Presidencia de la Rep\u00fablica porque los requisitos para alcanzar ese cargo no exigen cumplir con el t\u00edtulo en ingenier\u00eda.<\/p>\n<p><em><a href=\"mailto:rvizcainoa@gmail.com\" target=\"_blank\" rel=\"noopener noreferrer\">vizcainoa@gmail.com<\/a><a href=\"mailto:rvizcainoa@gmail.com\" target=\"_blank\" rel=\"noopener noreferrer\"><br \/>\n<\/a><a href=\"http:\/\/endirecto.mx\" target=\"_blank\" rel=\"noopener noreferrer\">www.endirecto.mx<\/a><a href=\"mailto:rvizcainoa@gmail.com\" target=\"_blank\" rel=\"noopener noreferrer\"><br \/>\n<\/a><a href=\"https:\/\/twitter.com\/_rvizcaino\" target=\"_blank\" rel=\"noopener noreferrer\">@_RVizcaino<\/a><a href=\"mailto:rvizcainoa@gmail.com\" target=\"_blank\" rel=\"noopener noreferrer\"><br \/>\n<\/a><a href=\"https:\/\/www.facebook.com\/rvizcainoa\" target=\"_blank\" rel=\"noopener noreferrer\">facebook.com\/rvizcainoa<\/a><\/em><\/p>\n","protected":false},"excerpt":{"rendered":"<p><span style=\"color: #005497;\"><strong>Roberto Vizca\u00edno<\/strong><\/span><\/p>\n","protected":false},"author":3,"featured_media":0,"comment_status":"open","ping_status":"open","sticky":false,"template":"","format":"standard","meta":{"_monsterinsights_skip_tracking":false,"_monsterinsights_sitenote_active":false,"_monsterinsights_sitenote_note":"","_monsterinsights_sitenote_category":0,"footnotes":""},"categories":[136],"tags":[43674,93,94],"class_list":["post-596470","post","type-post","status-publish","format-standard","hentry","category-roberto-vizcaino-opinion","tag-opinion","tag-roberto-vizcaino","tag-tras-la-puerta-del-poder"],"_links":{"self":[{"href":"https:\/\/www.diarioimagen.net\/index.php?rest_route=\/wp\/v2\/posts\/596470","targetHints":{"allow":["GET"]}}],"collection":[{"href":"https:\/\/www.diarioimagen.net\/index.php?rest_route=\/wp\/v2\/posts"}],"about":[{"href":"https:\/\/www.diarioimagen.net\/index.php?rest_route=\/wp\/v2\/types\/post"}],"author":[{"embeddable":true,"href":"https:\/\/www.diarioimagen.net\/index.php?rest_route=\/wp\/v2\/users\/3"}],"replies":[{"embeddable":true,"href":"https:\/\/www.diarioimagen.net\/index.php?rest_route=%2Fwp%2Fv2%2Fcomments&post=596470"}],"version-history":[{"count":0,"href":"https:\/\/www.diarioimagen.net\/index.php?rest_route=\/wp\/v2\/posts\/596470\/revisions"}],"wp:attachment":[{"href":"https:\/\/www.diarioimagen.net\/index.php?rest_route=%2Fwp%2Fv2%2Fmedia&parent=596470"}],"wp:term":[{"taxonomy":"category","embeddable":true,"href":"https:\/\/www.diarioimagen.net\/index.php?rest_route=%2Fwp%2Fv2%2Fcategories&post=596470"},{"taxonomy":"post_tag","embeddable":true,"href":"https:\/\/www.diarioimagen.net\/index.php?rest_route=%2Fwp%2Fv2%2Ftags&post=596470"}],"curies":[{"name":"wp","href":"https:\/\/api.w.org\/{rel}","templated":true}]}}