{"id":596559,"date":"2023-09-25T00:06:23","date_gmt":"2023-09-25T06:06:23","guid":{"rendered":"https:\/\/www.diarioimagen.net\/?p=596559"},"modified":"2023-09-26T02:03:35","modified_gmt":"2023-09-26T08:03:35","slug":"uaemex-consolida-su-propuesta-teatral-con-la-quinta-temporada-2023","status":"publish","type":"post","link":"https:\/\/www.diarioimagen.net\/?p=596559","title":{"rendered":"UAEM\u00e9x consolida su propuesta teatral con la Quinta Temporada 2023"},"content":{"rendered":"<p>&nbsp;<\/p>\n<div id=\"attachment_596609\" style=\"width: 470px\" class=\"wp-caption aligncenter\"><a href=\"https:\/\/www.diarioimagen.net\/?attachment_id=596609\" rel=\"attachment wp-att-596609\"><img loading=\"lazy\" decoding=\"async\" aria-describedby=\"caption-attachment-596609\" class=\"size-full wp-image-596609\" src=\"https:\/\/www.diarioimagen.net\/wp-content\/uploads\/2023\/09\/uaem-consolida.jpg\" alt=\"\" width=\"460\" height=\"270\" \/><\/a><p id=\"caption-attachment-596609\" class=\"wp-caption-text\">Las obras que se presentar\u00e1n son \u201cChocolate Independencia\u201d, \u201cPante\u00f3n de Amores\u201d, \u201cBa\u00f1os de Damas\u201d, \u201c\u00bfY qu\u00e9 hiciste del amor que me juraste?\u201d, \u201cLa mujer sola\u201d, \u201cLa cabeza del drag\u00f3n\u201d y \u201cDe insomnio y medianoche\u201d.<\/p><\/div>\n<p>&nbsp;<\/p>\n<p><strong>Toluca, Estado de M\u00e9xico.\u2014<\/strong> Con siete puestas en escena para una diversidad de p\u00fablicos, la Universidad Aut\u00f3noma del Estado de M\u00e9xico (UAEM\u00e9x) sube el tel\u00f3n para la Quinta Temporada de Teatro Universitario 2023 que se llevar\u00e1 a cabo de septiembre a noviembre.<\/p>\n<p>Dos de las siete puestas en escenas est\u00e1n dedicadas a recordar conmemoraciones espec\u00edficas; una de ellas es \u201cChocolate Independencia\u201d, dirigida por Blanca Lilia Hern\u00e1ndez Reyes que se presentar\u00e1 hasta el pr\u00f3ximo primero de octubre de jueves a s\u00e1bado a las 17:00 horas y el domingo a las 16:00 horas en el Teatro Universitario \u201cLos Jaguares\u201d.<\/p>\n<p>Esta obra tendr\u00e1 su 16 temporada y se presentar\u00e1 con motivo de la conmemoraci\u00f3n del inicio de la Independencia de M\u00e9xico, es apta para todo p\u00fablico, con \u00e9nfasis en las infancias.<\/p>\n<p>Asimismo, en el marco de las celebraciones de D\u00eda de Muertos, en el mismo escenario se presentar\u00e1 \u201cPante\u00f3n de amores\u201d del 26 de octubre al 5 de noviembre de lunes a s\u00e1bado a la 19:00 horas y el domingo a las 18:00 horas.<\/p>\n<p>En tanto \u201c\u00bfY qu\u00e9 hiciste del amor que me juraste? creada y dirigida por Alexis Casas Eleno se presentar\u00e1 del 5 al 22 de octubre de jueves a s\u00e1bado a las 17:00 horas y el domingo a las 16:00 horas.<\/p>\n<p>Esta puesta en escena que inici\u00f3 sus funciones en 2016 y que se ha presentado exitosamente en pa\u00edses como Costa Rica, Colombia y al interior de la Rep\u00fablica Mexicana cumplir\u00e1 sus 100 presentaciones durante esta quinta temporada en el Teatro Universitario \u201cLos Jaguares\u201d.<\/p>\n<p>La farsa infantil \u201cLa cabeza del drag\u00f3n\u201d de Ram\u00f3n Mar\u00eda del Valle-Incl\u00e1n tambi\u00e9n estar\u00e1 presente en el mismo escenario, dirigida por Alejandro Cabello estar\u00e1 abierta al p\u00fablico del 9 de septiembre al 22 de octubre, s\u00e1bados y domingos a las 13:00 horas.<\/p>\n<p>Este montaje que aborda tem\u00e1ticas como la discriminaci\u00f3n, la violencia contra la mujer o el feminicidio es actuada por el elenco de la Compa\u00f1\u00eda Universitaria de Teatro y el Grupo de Teatro Theodomay.<\/p>\n<p>El mon\u00f3logo \u201cLa mujer sola\u201d, \u00f3pera prima de Mariana Islas en la direcci\u00f3n, apta para adolescentes y adultos, se presentar\u00e1 en el Teatro Universitario de C\u00e1mara \u201cEsv\u00f3n Gamaliel\u201d los jueves y viernes a las 17:00 horas del 7 de septiembre al 27 de octubre.<\/p>\n<p>Apta para mayores de 18 a\u00f1os, la obra \u201cDe insomnio y medianoche\u201d adaptada por Franz Wusterhaus se presentar\u00e1 en el Teatro Universitario de C\u00e1mara \u201cEsv\u00f3n Gamaliel\u201d los jueves y viernes a las 19:00 horas del 21 de septiembre al 27 de octubre.<\/p>\n<p>Esta puesta en escena estar\u00e1 representada por el elenco de la Compa\u00f1\u00eda Universitaria de Teatro y El Reflejo Teatro.<\/p>\n<p>Dirigida por Jos\u00e9 Cotero, \u201cBa\u00f1o de Damas\u201d, obra representada por el elenco de la Compa\u00f1\u00eda Universitaria de Teatro, la Licenciatura en Artes Teatrales y Grupo 32 \u201cCatarsis Teatro\u201d seguir\u00e1 en escena hasta el 31 de octubre los lunes y martes a las 17:00 horas en el Teatro Universitario de C\u00e1mara \u201cEsv\u00f3n Gamaliel\u201d.<\/p>\n<p>Esta obra que es apta para adolescentes y adultos tiene un costo preferente para el p\u00fablico en general de 30 pesos. Asimismo, para el resto de las obras, en los Jueves de Teatro el costo ser\u00e1 de 50 pesos.<\/p>\n<p>Para mayor informaci\u00f3n de la cartelera y costo de entrada, consultar la cartelera en redes sociales a trav\u00e9s del perfil CUTUAEM\u00e9x.<\/p>\n","protected":false},"excerpt":{"rendered":"<p>Con siete puestas en escena para una diversidad de p\u00fablicos, la Universidad Aut\u00f3noma del Estado de M\u00e9xico (UAEM\u00e9x) sube el tel\u00f3n para la Quinta Temporada de Teatro Universitario 2023 que se llevar\u00e1 a cabo de septiembre a noviembre.<\/p>\n","protected":false},"author":3,"featured_media":596609,"comment_status":"open","ping_status":"open","sticky":false,"template":"","format":"standard","meta":{"_monsterinsights_skip_tracking":false,"_monsterinsights_sitenote_active":false,"_monsterinsights_sitenote_note":"","_monsterinsights_sitenote_category":0,"footnotes":""},"categories":[5],"tags":[43675,29280,98083,452],"class_list":["post-596559","post","type-post","status-publish","format-standard","has-post-thumbnail","hentry","category-estado-de-mexico","tag-estado-de-mexico","tag-propuesta","tag-teatral","tag-toluca"],"_links":{"self":[{"href":"https:\/\/www.diarioimagen.net\/index.php?rest_route=\/wp\/v2\/posts\/596559","targetHints":{"allow":["GET"]}}],"collection":[{"href":"https:\/\/www.diarioimagen.net\/index.php?rest_route=\/wp\/v2\/posts"}],"about":[{"href":"https:\/\/www.diarioimagen.net\/index.php?rest_route=\/wp\/v2\/types\/post"}],"author":[{"embeddable":true,"href":"https:\/\/www.diarioimagen.net\/index.php?rest_route=\/wp\/v2\/users\/3"}],"replies":[{"embeddable":true,"href":"https:\/\/www.diarioimagen.net\/index.php?rest_route=%2Fwp%2Fv2%2Fcomments&post=596559"}],"version-history":[{"count":0,"href":"https:\/\/www.diarioimagen.net\/index.php?rest_route=\/wp\/v2\/posts\/596559\/revisions"}],"wp:featuredmedia":[{"embeddable":true,"href":"https:\/\/www.diarioimagen.net\/index.php?rest_route=\/wp\/v2\/media\/596609"}],"wp:attachment":[{"href":"https:\/\/www.diarioimagen.net\/index.php?rest_route=%2Fwp%2Fv2%2Fmedia&parent=596559"}],"wp:term":[{"taxonomy":"category","embeddable":true,"href":"https:\/\/www.diarioimagen.net\/index.php?rest_route=%2Fwp%2Fv2%2Fcategories&post=596559"},{"taxonomy":"post_tag","embeddable":true,"href":"https:\/\/www.diarioimagen.net\/index.php?rest_route=%2Fwp%2Fv2%2Ftags&post=596559"}],"curies":[{"name":"wp","href":"https:\/\/api.w.org\/{rel}","templated":true}]}}