{"id":596575,"date":"2023-09-25T00:02:32","date_gmt":"2023-09-25T06:02:32","guid":{"rendered":"https:\/\/www.diarioimagen.net\/?p=596575"},"modified":"2023-09-25T01:04:57","modified_gmt":"2023-09-25T07:04:57","slug":"encabezo-delfina-gomez-en-huixquilucan-mesa-para-la-construccion-de-la-paz","status":"publish","type":"post","link":"https:\/\/www.diarioimagen.net\/?p=596575","title":{"rendered":"Encabez\u00f3 Delfina G\u00f3mez, en Huixquilucan, mesa para la construcci\u00f3n de la paz"},"content":{"rendered":"<p>&nbsp;<\/p>\n<p><a href=\"https:\/\/www.diarioimagen.net\/?attachment_id=596632\" rel=\"attachment wp-att-596632\"><img loading=\"lazy\" decoding=\"async\" class=\"aligncenter size-full wp-image-596632\" src=\"https:\/\/www.diarioimagen.net\/wp-content\/uploads\/2023\/09\/encabezo-delfina.jpg\" alt=\"\" width=\"460\" height=\"270\" \/><\/a><\/p>\n<p>&nbsp;<\/p>\n<p><strong>Huixquilucan, Estado de M\u00e9xico.\u2014 <\/strong>La gobernadora del Estado de M\u00e9xico, Delfina G\u00f3mez \u00c1lvarez, encabez\u00f3 la Mesa de Coordinaci\u00f3n para la Construcci\u00f3n de la Paz, en este municipio, a fin de analizar la situaci\u00f3n que prevalece en materia de seguridad p\u00fablica y tomar las decisiones correspondientes para la recuperaci\u00f3n de la paz.<\/p>\n<p>Como parte de las acciones para combatir la inseguridad en el estado, la mesa de coordinaci\u00f3n se re\u00fane todos los d\u00edas en los distintos municipios de la entidad para brindar un reporte y plantear las estrategias que se implementar\u00e1n para combatir la delincuencia y actuar con mayor prontitud ante una emergencia, as\u00ed como reducir y prevenir la comisi\u00f3n de delitos.<\/p>\n","protected":false},"excerpt":{"rendered":"<p>La gobernadora del Estado de M\u00e9xico, Delfina G\u00f3mez \u00c1lvarez, encabez\u00f3 la Mesa de Coordinaci\u00f3n para la Construcci\u00f3n de la Paz, en este municipio, a fin de analizar la situaci\u00f3n que prevalece en materia de seguridad p\u00fablica y tomar las decisiones correspondientes para la recuperaci\u00f3n de la paz.<\/p>\n","protected":false},"author":3,"featured_media":596632,"comment_status":"open","ping_status":"open","sticky":false,"template":"","format":"standard","meta":{"_monsterinsights_skip_tracking":false,"_monsterinsights_sitenote_active":false,"_monsterinsights_sitenote_note":"","_monsterinsights_sitenote_category":0,"footnotes":""},"categories":[5],"tags":[57859,43675,1097],"class_list":["post-596575","post","type-post","status-publish","format-standard","has-post-thumbnail","hentry","category-estado-de-mexico","tag-delfina-gomez-alvarez","tag-estado-de-mexico","tag-huixquilucan"],"_links":{"self":[{"href":"https:\/\/www.diarioimagen.net\/index.php?rest_route=\/wp\/v2\/posts\/596575","targetHints":{"allow":["GET"]}}],"collection":[{"href":"https:\/\/www.diarioimagen.net\/index.php?rest_route=\/wp\/v2\/posts"}],"about":[{"href":"https:\/\/www.diarioimagen.net\/index.php?rest_route=\/wp\/v2\/types\/post"}],"author":[{"embeddable":true,"href":"https:\/\/www.diarioimagen.net\/index.php?rest_route=\/wp\/v2\/users\/3"}],"replies":[{"embeddable":true,"href":"https:\/\/www.diarioimagen.net\/index.php?rest_route=%2Fwp%2Fv2%2Fcomments&post=596575"}],"version-history":[{"count":0,"href":"https:\/\/www.diarioimagen.net\/index.php?rest_route=\/wp\/v2\/posts\/596575\/revisions"}],"wp:featuredmedia":[{"embeddable":true,"href":"https:\/\/www.diarioimagen.net\/index.php?rest_route=\/wp\/v2\/media\/596632"}],"wp:attachment":[{"href":"https:\/\/www.diarioimagen.net\/index.php?rest_route=%2Fwp%2Fv2%2Fmedia&parent=596575"}],"wp:term":[{"taxonomy":"category","embeddable":true,"href":"https:\/\/www.diarioimagen.net\/index.php?rest_route=%2Fwp%2Fv2%2Fcategories&post=596575"},{"taxonomy":"post_tag","embeddable":true,"href":"https:\/\/www.diarioimagen.net\/index.php?rest_route=%2Fwp%2Fv2%2Ftags&post=596575"}],"curies":[{"name":"wp","href":"https:\/\/api.w.org\/{rel}","templated":true}]}}