{"id":596653,"date":"2023-09-25T00:04:26","date_gmt":"2023-09-25T06:04:26","guid":{"rendered":"https:\/\/www.diarioimagen.net\/?p=596653"},"modified":"2023-09-25T01:17:21","modified_gmt":"2023-09-25T07:17:21","slug":"tesis-un-plagio-chiquito","status":"publish","type":"post","link":"https:\/\/www.diarioimagen.net\/?p=596653","title":{"rendered":"Tesis: un plagio chiquito"},"content":{"rendered":"<h2>Desde el portal<\/h2>\n<h5>\u00c1ngel Soriano<\/h5>\n<p>&nbsp;<\/p>\n<p>Las modernas tecnolog\u00edas permiten hoy dar con precisi\u00f3n la originalidad o no de los trabajos acad\u00e9micos o intelectuales y establecer el porcentaje de los plagios en cuesti\u00f3n, de tal manera que ya no ocurre lo que suced\u00eda en el pasado \u2014y que generaciones de profesionistas pueden dar cuenta\u2014 de sorprender al jurado calificador y obtener licenciaturas al vapor.<\/p>\n<p>De esta manera se sabe que la senadora panista X\u00f3chitl G\u00e1lvez plagi\u00f3 en 37%; Yasm\u00edn en m\u00e1s del 50%; Pe\u00f1a Nieto en 25%; y Claudia Sheinbaum hizo un trabajo similar (1988) a los de los f\u00edsicos Lepeliere y Christiaens, de 1983, con f\u00f3rmulas iguales \u201cporque viene de los principios b\u00e1sicos de la conservaci\u00f3n de la masa\u201d.<\/p>\n<p>Es decir, no hay plagio, copia, ni coincidencia: obedecen a principios b\u00e1sicos, es decir, da el mismo resultado, por lo que resultar\u00eda ocioso haber trabajado varios a\u00f1os en la comunidad de Cheran\u00e1stico, en la Meseta Pur\u00e9pecha, de Michoac\u00e1n, en el estudio del uso de la estufa de le\u00f1a con tres piedras y con salida del humo hacia los cerros, si se obtuvieron los mismos resultados.<\/p>\n<p>Seguramente los expertos y la tecnolog\u00eda de punta establecer\u00e1n si hay o no raz\u00f3n en las acusaciones de plagio y deshonestidad intelectual de nuestros gobernantes, nuestros dirigentes, y si es que tienen autoridad moral para hablar de honestidad, de honradez, pero sobre todo, si tienen la capacidad acad\u00e9mica suficiente para dirigir a nuestra lacerada Naci\u00f3n.<\/p>\n<p style=\"text-align: center;\"><strong>TURBULENCIAS<br \/>\nHace la \u201cpaz\u201d Sheinbaum con L\u00f3pez-Gatell<\/strong><\/p>\n<p>La coordinadora nacional de los Comit\u00e9s de Defensa de la Cuarta Transformaci\u00f3n, Claudia Sheinbaum Pardo, considera que el subsecretario Hugo L\u00f3pez-Gatell es un cient\u00edfico talentoso y capaz, que enfrent\u00f3 y dio la cara a la sociedad durante la pandemia del Covid-19 y en cuyo combate tuvieron diferencias. Tambi\u00e9n hubo reconocimientos a las trayectorias de Clara Brugada, ex alcaldesa en Iztapalapa y al mando policiaco Omar Garc\u00eda Harfuch, quienes \u2014sino se inscriben m\u00e1s\u2014 disputar\u00e1n el comit\u00e9 correspondiente a la Ciudad de M\u00e9xico, y en consecuencia, la Jefatura de Gobierno, en tanto el ex canciller Marcelo Ebrard intensifica su campa\u00f1a en busca de la Presidencia de M\u00e9xico. Todo esto no es coincidencia ni hechos aislados: la decisi\u00f3n pol\u00edtica no est\u00e1 consumada, puede haber cambios de \u00faltima hora: Garc\u00eda Harfuch reconoce que no hay o no hubo qu\u00edmica con el presidente L\u00f3pez Obrador, que pese a haber cedido el bast\u00f3n de mando todav\u00eda ejerce el poder, plenamente. Baj\u00f3 de la contienda a su prima Manuelita en Chiapas y mand\u00f3 a L\u00f3pez-Gatell a competir por el gobierno capitalino. Marcelo Ebrard presume que el tabasque\u00f1o es su hermano y Ricardo Monreal \u00c1vila, otro aspirante desplazado tambi\u00e9n hace gala de ser fundador y seguir de AMLO desde hace 25 a\u00f1os: \u00bfaceptar\u00e1 que un militante de nuevo ingreso a Morena lo haya hecho a un lado en la justa por el antiguo DF?&#8230; Y si la cient\u00edfica Sheinbaum abre las puertas a los que deseen sumarse a la IV-T sin importar su origen pol\u00edtico, habr\u00e1 que ver la reacci\u00f3n de los sinaloenses cuando en el mitin en Culiac\u00e1n fueron abucheados reconocidos priistas y ahora morenistas, lo cual significar\u00e1 que la militancia no estar\u00e1 muy conforme en que pol\u00edticos de dudoso prestigio se reubiquen en el poder si lo que se trata es precisamente una renovaci\u00f3n de cuadros, no de la permanencia de los mismos bajo otros colores y bajo los principios del oportunismo y la sumisi\u00f3n, sin importar convicciones ni colores partidistas, los cuales seg\u00fan se puede ver, han quedado superados en la fren\u00e9tica b\u00fasqueda del poder, para conversar privilegios, bajo el principio del gatopardismo de todo cambia para seguir igual.<\/p>\n<p><u><\/u><u><a href=\"mailto:asorianocarrasco@yahoo.com\" target=\"_blank\" rel=\"noopener noreferrer\"><em>asorianocarrasco@yahoo.com<\/em><\/a><br \/>\n<em><a href=\"https:\/\/revistabrecha.com\" target=\"_blank\" rel=\"noopener noreferrer\">www.revistabrecha.com<\/a><br \/>\n<\/em><\/u><em>facebook oficial <a href=\"https:\/\/es-la.facebook.com\/RevistaBrecha.Oficial\" target=\"_blank\" rel=\"noopener\">@BrechaRevista<\/a><\/em><\/p>\n","protected":false},"excerpt":{"rendered":"<p><span style=\"color: #005497;\"><strong>\u00c1ngel Soriano<\/strong><\/span><\/p>\n","protected":false},"author":3,"featured_media":0,"comment_status":"open","ping_status":"open","sticky":false,"template":"","format":"standard","meta":{"_monsterinsights_skip_tracking":false,"_monsterinsights_sitenote_active":false,"_monsterinsights_sitenote_note":"","_monsterinsights_sitenote_category":0,"footnotes":""},"categories":[135],"tags":[85,86,43674],"class_list":["post-596653","post","type-post","status-publish","format-standard","hentry","category-angel-soriano-opinion","tag-angel-soriano","tag-desde-el-portal","tag-opinion"],"_links":{"self":[{"href":"https:\/\/www.diarioimagen.net\/index.php?rest_route=\/wp\/v2\/posts\/596653","targetHints":{"allow":["GET"]}}],"collection":[{"href":"https:\/\/www.diarioimagen.net\/index.php?rest_route=\/wp\/v2\/posts"}],"about":[{"href":"https:\/\/www.diarioimagen.net\/index.php?rest_route=\/wp\/v2\/types\/post"}],"author":[{"embeddable":true,"href":"https:\/\/www.diarioimagen.net\/index.php?rest_route=\/wp\/v2\/users\/3"}],"replies":[{"embeddable":true,"href":"https:\/\/www.diarioimagen.net\/index.php?rest_route=%2Fwp%2Fv2%2Fcomments&post=596653"}],"version-history":[{"count":0,"href":"https:\/\/www.diarioimagen.net\/index.php?rest_route=\/wp\/v2\/posts\/596653\/revisions"}],"wp:attachment":[{"href":"https:\/\/www.diarioimagen.net\/index.php?rest_route=%2Fwp%2Fv2%2Fmedia&parent=596653"}],"wp:term":[{"taxonomy":"category","embeddable":true,"href":"https:\/\/www.diarioimagen.net\/index.php?rest_route=%2Fwp%2Fv2%2Fcategories&post=596653"},{"taxonomy":"post_tag","embeddable":true,"href":"https:\/\/www.diarioimagen.net\/index.php?rest_route=%2Fwp%2Fv2%2Ftags&post=596653"}],"curies":[{"name":"wp","href":"https:\/\/api.w.org\/{rel}","templated":true}]}}