{"id":596663,"date":"2023-09-25T00:03:08","date_gmt":"2023-09-25T06:03:08","guid":{"rendered":"https:\/\/www.diarioimagen.net\/?p=596663"},"modified":"2023-09-25T01:22:57","modified_gmt":"2023-09-25T07:22:57","slug":"cascajo-sinaloense-para-claudia","status":"publish","type":"post","link":"https:\/\/www.diarioimagen.net\/?p=596663","title":{"rendered":"Cascajo sinaloense para Claudia"},"content":{"rendered":"<h2>Espacio Electoral<\/h2>\n<h5>Eleazar Flores<\/h5>\n<p><strong>\u00a0<\/strong><\/p>\n<p><strong>FALTA VER M\u00c1S-.<\/strong> A imagen y semejanza de su hacedor, hace tres d\u00e9cadas, la CANDIDATA MORENA a la Presidencia de la Rep\u00fablica recoge como AMLO, cascajo multipartidista para REFORZAR sus aspiraciones presidenciales, siendo la m\u00e1s evidente la del s\u00e1bado en Sinaloa.<\/p>\n<p>Incluso se le sum\u00f3 el SALINISTA multi campe\u00f3n mundial de boxeo Julio C\u00e9sar Ch\u00e1vez, sin m\u00e1cula dentro del ring, pero fuera de \u00e9l hubo dudas respecto a sus presuntas relaciones con los varones controladores de estupefacientes, tanto que unos de sus allegado fueron asesinados en una de sus m\u00faltiples concentraciones en el entonces hotel Castell, a la vera del Paseo Tollocan.<\/p>\n<p>Distinguidos sinaloenses EX PRIISTAS de la saliente administraci\u00f3n del ex gobernador Quirino Ordaz, hoy flamante representante de M\u00e9xico en Barcelona, fueron quienes ocuparon las primeras filas del mitin pro Claudia Sheinbaum el s\u00e1bado en el agr\u00edcolamente rico estado de Sinaloa.<\/p>\n<p>Nombres?, con mucho gusto, ex alcalde de Mazatl\u00e1n Fernando Pucheta, el ex presidente municipal de Culiac\u00e1n, tambi\u00e9n ex dirigente estatal tricolor Jes\u00fas Vald\u00e9s Palazuelos, as\u00ed como Cintya Valenzuela Langarica, tambi\u00e9n ex dirigente estatal priista y el diputado local Ricardo Madrid P\u00e9rez.<\/p>\n<p>Pero la JOYA DEL VOTO sinaloense lo fue el cronista box\u00edstico de TV Azteca, JULIO C\u00c9SAR CH\u00c1VEZ, f\u00e1cil de identificar por el lenguaje florido de sus comentarios sabatinos entre round y round, acompa\u00f1ando a gente realmente experta en la opini\u00f3n, pero obviamente con menos fama que el mejor campe\u00f3n de boxeo de todos lo tiempos, dicen los que saben.<\/p>\n<p>Pues ante ese \u201cdistinguido\u201d conglomerado de mazatlecos, culiches y dem\u00e1s, la consentida del destapador dijo: \u201cSon bienvenidos todos los que se quieran sumar a las causas del movimiento de la Cuarta Transformaci\u00f3n\u201d.<\/p>\n<p>Pero esto lo dijo do\u00f1a Clau para responder a distinguidos morenistas integrantes del actual gobierno, que reclamaran la incorporaci\u00f3n de destacados priistas de anta\u00f1o, ahora ocupando mejores lugares en los m\u00edtines de apoyo como el del s\u00e1bado pasado, recurriendo adem\u00e1s a su sobado discurso de que \u201ctenemos principio que nos conducen como personas como no robar, no mentir y no traicionar\u201d, tal como proclama su hacedor.<\/p>\n<p>Un famoso sinaloense amante del chorizo toluque\u00f1o tom\u00f3 con calma la TRANSICI\u00d3N del tricolor al guinda de muchos ex colaboradores del ex gobernador y hoy diplom\u00e1tico Quirino Ordaz, \u201cpreoc\u00fapate que alg\u00fan d\u00eda pudiesen aparecer otros probadamente priistas como Heriberto Galindo, David L\u00f3pez o alguien parecido\u201d.<\/p>\n<p>Pero lo sucedido el s\u00e1bado pasado en Sinaloa, pudiera repetirse en otras ciudades y entidades pues Morena y su muchacha lo volver\u00edan a hacer, como cuando en 2018 el entonces candidato presidencial, Andr\u00e9s Manuel L\u00f3pez Obrador, acept\u00f3 la integraci\u00f3n a su movimiento de varios cuadros distinguidos de otros partidos, as\u00ed tiempo despu\u00e9s hayan rectificado\u2026 como Germ\u00e1n Mart\u00ednez C\u00e1zares y\u2026mejor le paro.<\/p>\n<p><em><a href=\"mailto:elefa44@gmail.com\" target=\"_blank\" rel=\"noopener noreferrer\">elefa44@gmail.com<\/a><\/em><\/p>\n","protected":false},"excerpt":{"rendered":"<p><span style=\"color: #005497;\"><strong>Eleazar Flores<\/strong><\/span><\/p>\n","protected":false},"author":3,"featured_media":0,"comment_status":"open","ping_status":"open","sticky":false,"template":"","format":"standard","meta":{"_monsterinsights_skip_tracking":false,"_monsterinsights_sitenote_active":false,"_monsterinsights_sitenote_note":"","_monsterinsights_sitenote_category":0,"footnotes":""},"categories":[81743],"tags":[81744,81776,43674],"class_list":["post-596663","post","type-post","status-publish","format-standard","hentry","category-eleazar-flores","tag-eleazar-flores","tag-espacio-electoral","tag-opinion"],"_links":{"self":[{"href":"https:\/\/www.diarioimagen.net\/index.php?rest_route=\/wp\/v2\/posts\/596663","targetHints":{"allow":["GET"]}}],"collection":[{"href":"https:\/\/www.diarioimagen.net\/index.php?rest_route=\/wp\/v2\/posts"}],"about":[{"href":"https:\/\/www.diarioimagen.net\/index.php?rest_route=\/wp\/v2\/types\/post"}],"author":[{"embeddable":true,"href":"https:\/\/www.diarioimagen.net\/index.php?rest_route=\/wp\/v2\/users\/3"}],"replies":[{"embeddable":true,"href":"https:\/\/www.diarioimagen.net\/index.php?rest_route=%2Fwp%2Fv2%2Fcomments&post=596663"}],"version-history":[{"count":0,"href":"https:\/\/www.diarioimagen.net\/index.php?rest_route=\/wp\/v2\/posts\/596663\/revisions"}],"wp:attachment":[{"href":"https:\/\/www.diarioimagen.net\/index.php?rest_route=%2Fwp%2Fv2%2Fmedia&parent=596663"}],"wp:term":[{"taxonomy":"category","embeddable":true,"href":"https:\/\/www.diarioimagen.net\/index.php?rest_route=%2Fwp%2Fv2%2Fcategories&post=596663"},{"taxonomy":"post_tag","embeddable":true,"href":"https:\/\/www.diarioimagen.net\/index.php?rest_route=%2Fwp%2Fv2%2Ftags&post=596663"}],"curies":[{"name":"wp","href":"https:\/\/api.w.org\/{rel}","templated":true}]}}