{"id":596709,"date":"2023-09-26T00:01:37","date_gmt":"2023-09-26T06:01:37","guid":{"rendered":"https:\/\/www.diarioimagen.net\/?p=596709"},"modified":"2023-09-26T02:19:58","modified_gmt":"2023-09-26T08:19:58","slug":"se-suman-al-verde-ecologista-cientos-de-priistas-de-nezahualcoyotl","status":"publish","type":"post","link":"https:\/\/www.diarioimagen.net\/?p=596709","title":{"rendered":"Se suman al Verde Ecologista cientos de priistas de Nezahualc\u00f3yotl"},"content":{"rendered":"<p>&nbsp;<\/p>\n<p><a href=\"https:\/\/www.diarioimagen.net\/?attachment_id=596800\" rel=\"attachment wp-att-596800\"><img loading=\"lazy\" decoding=\"async\" class=\"aligncenter size-full wp-image-596800\" src=\"https:\/\/www.diarioimagen.net\/wp-content\/uploads\/2023\/09\/suman-al-verde.jpg\" alt=\"\" width=\"460\" height=\"270\" \/><\/a><\/p>\n<p>&nbsp;<\/p>\n<p><strong>Nezahualc\u00f3yotl, Estado de M\u00e9xico.\u2014<\/strong> L\u00edderes y militantes de 340 secciones del Partido Revolucionario Institucional (PRI) anunciaron su adhesi\u00f3n al Partido Verde Ecologista de M\u00e9xico (PVEM) en el Estado de M\u00e9xico.<\/p>\n<p>\u201cEs una decisi\u00f3n de todo un equipo, no nada m\u00e1s de un servidor, tenemos 58 a\u00f1os trabajando y he estado 44 a\u00f1os en el PRI, pero estos \u00faltimos seis a\u00f1os nos estuvo utilizando, por tal motivo, decidimos venirnos con el Verde, tenemos ahorita m\u00e1s de 340 seccionales aqu\u00ed, que es la gran mayor\u00eda de Nezahualc\u00f3yotl\u201d, declar\u00f3 H\u00e9ctor Pedroza Jim\u00e9nez, ex diputado local y federal\u00a0 por el PRI, tras tomar protesta como delegado especial del PVEM. Afirm\u00f3 que su salida se da por la puerta grande ya que han luchado, participado y logrado m\u00e1s de 340 secciones que hoy son enlaces del Verde, \u201cno son acarreados, son de carne y hueso\u201d.<\/p>\n<p>&nbsp;<\/p>\n","protected":false},"excerpt":{"rendered":"<p>L\u00edderes y militantes de 340 secciones del Partido Revolucionario Institucional (PRI) anunciaron su adhesi\u00f3n al Partido Verde Ecologista de M\u00e9xico (PVEM) en el Estado de M\u00e9xico.<\/p>\n","protected":false},"author":3,"featured_media":596800,"comment_status":"open","ping_status":"open","sticky":false,"template":"","format":"standard","meta":{"_monsterinsights_skip_tracking":false,"_monsterinsights_sitenote_active":false,"_monsterinsights_sitenote_note":"","_monsterinsights_sitenote_category":0,"footnotes":""},"categories":[5],"tags":[1577,362],"class_list":["post-596709","post","type-post","status-publish","format-standard","has-post-thumbnail","hentry","category-estado-de-mexico","tag-nezahualcoyotl","tag-pri"],"_links":{"self":[{"href":"https:\/\/www.diarioimagen.net\/index.php?rest_route=\/wp\/v2\/posts\/596709","targetHints":{"allow":["GET"]}}],"collection":[{"href":"https:\/\/www.diarioimagen.net\/index.php?rest_route=\/wp\/v2\/posts"}],"about":[{"href":"https:\/\/www.diarioimagen.net\/index.php?rest_route=\/wp\/v2\/types\/post"}],"author":[{"embeddable":true,"href":"https:\/\/www.diarioimagen.net\/index.php?rest_route=\/wp\/v2\/users\/3"}],"replies":[{"embeddable":true,"href":"https:\/\/www.diarioimagen.net\/index.php?rest_route=%2Fwp%2Fv2%2Fcomments&post=596709"}],"version-history":[{"count":0,"href":"https:\/\/www.diarioimagen.net\/index.php?rest_route=\/wp\/v2\/posts\/596709\/revisions"}],"wp:featuredmedia":[{"embeddable":true,"href":"https:\/\/www.diarioimagen.net\/index.php?rest_route=\/wp\/v2\/media\/596800"}],"wp:attachment":[{"href":"https:\/\/www.diarioimagen.net\/index.php?rest_route=%2Fwp%2Fv2%2Fmedia&parent=596709"}],"wp:term":[{"taxonomy":"category","embeddable":true,"href":"https:\/\/www.diarioimagen.net\/index.php?rest_route=%2Fwp%2Fv2%2Fcategories&post=596709"},{"taxonomy":"post_tag","embeddable":true,"href":"https:\/\/www.diarioimagen.net\/index.php?rest_route=%2Fwp%2Fv2%2Ftags&post=596709"}],"curies":[{"name":"wp","href":"https:\/\/api.w.org\/{rel}","templated":true}]}}