{"id":596728,"date":"2023-09-26T00:08:53","date_gmt":"2023-09-26T06:08:53","guid":{"rendered":"https:\/\/www.diarioimagen.net\/?p=596728"},"modified":"2023-09-25T23:14:58","modified_gmt":"2023-09-26T05:14:58","slug":"asesinan-a-periodista-3","status":"publish","type":"post","link":"https:\/\/www.diarioimagen.net\/?p=596728","title":{"rendered":"Asesinan a periodista"},"content":{"rendered":"<h2>Punto por punto<\/h2>\n<h5>Augusto Corro<\/h5>\n<p>&nbsp;<\/p>\n<p>Sin duda, M\u00e9xico se mantiene como uno de los pa\u00edses m\u00e1s peligrosos del mundo para ejercer el periodismo.<\/p>\n<p>En el presente sexenio 42 periodistas fueron asesinados. El \u00faltimo fue abatido a balazos.<\/p>\n<p>Se trata de Jes\u00fas Guti\u00e9rrez Vergara, quien perdi\u00f3 la vida cuando un grupo armado atac\u00f3 a polic\u00edas municipales.<\/p>\n<p>Los hechos ocurrieron en San Luis R\u00edo Colorado, Sonora, en el momento que el periodista platicaba con los representantes de la ley, los asesinos huyeron.\u00a0 Los comunicadores en M\u00e9xico se encuentran a merced de la delincuencia. En el pa\u00eds se encuentran en las que el crimen organizado tiene un control sobre los medios de comunicaci\u00f3n.<\/p>\n<p>Tambi\u00e9n los caciques de m\u00faltiples lugares, a trav\u00e9s del terror, tienen sometidos a los periodistas.<\/p>\n<p>Desde el sexenio del presidente panista Vicente Fox suman 142 comunicadores asesinados.<\/p>\n<p>En la mayor\u00eda de los casos, los criminales gozan de impunidad total. Cuando ocurren los atentados, diferentes organismos defensores de derechos humanos demandan justicia.<\/p>\n<p>Son manifestaciones temporales que luego se olvidan. Las propias autoridades se comprometen a castigar a los asesinos, pero no cumplen.<\/p>\n<p>Lo mismo ocurre con los comunicadores indefensos ante las agresiones de los criminales; se ofrece protecci\u00f3n a los periodistas, pero no se cumple.<\/p>\n<p style=\"text-align: center;\"><strong>Ayotzinapa, un caso sin soluci\u00f3n<\/strong><\/p>\n<p>El 26 de septiembre de 2014 fueron secuestrados y desaparecidos 43 alumnos de la escuela normal de Ayotzinapa.<\/p>\n<p>A partir de esa fecha, los padres de los muchachos iniciaron su b\u00fasqueda sin resultados.<\/p>\n<p>Son ya nueve a\u00f1os de esos hechos y las autoridades siguen empe\u00f1adas en ocultar la verdad.<\/p>\n<p>En el gobierno del presidente Enrique Pe\u00f1a Nieto hasta se cre\u00f3 una comisi\u00f3n para investigar el caso. Result\u00f3 fraudulenta la investigaci\u00f3n que se realiz\u00f3; sin embargo, la calificaron como la \u201cverdad hist\u00f3rica\u201d.<\/p>\n<p>Para apoyar su dicho, las autoridades detuvieron a decenas de personas, responsables o no de los hechos violentos.<\/p>\n<p>En las c\u00e1rceles salen y entran quienes se encuentran en decenas de investigaciones, para concluir que sigue la misma situaci\u00f3n como al principio.\u00a0 Es decir, que no se sabe el paradero de los 43 normalistas, caso en el que, seg\u00fan cientos de declaraciones, participaron polic\u00edas, militares, autoridades y grupos relacionados con el tr\u00e1fico de drogas.<\/p>\n<p>El presidente L\u00f3pez Obrador se comprometi\u00f3 a aclarar el destino de los estudiantes, pero parece que se encuentra en la misma situaci\u00f3n que su antecesor.<\/p>\n<p>\u00bfSe trata de proteger a los responsables de la desaparici\u00f3n de los normalistas? \u00bfPor qu\u00e9 tantos a\u00f1os de impunidad a los delincuentes?<\/p>\n<p>Los padres de los muchachos secuestrados quieren saber d\u00f3nde est\u00e1n sus hijos; pero alguien se empe\u00f1a en no decir la verdad, en guardarla.<\/p>\n<p style=\"text-align: center;\"><strong>Violencia imparable<\/strong><\/p>\n<p>Dos hechos importantes se registraron en estos d\u00edas. El primero es el secuestro de Yolanda S\u00e1nchez Figueroa, presidenta municipal de Cotija, Michoac\u00e1n. La acci\u00f3n criminal se registr\u00f3 en la colonia Jardines de la Patria, Zapopan, Jalisco, a las 19 horas del s\u00e1bado.<\/p>\n<p>El segundo ocurri\u00f3 el fin de semana en San Gregorio Chamic, municipio de Frontera Comalapa, Chiapas.<\/p>\n<p>Vecinos del lugar vitorearon la llegada de un convoy de camionetas con personas armadas de la facci\u00f3n de Ismael El Mayo Zambada, del C\u00e1rtel de Sinaloa.<\/p>\n<p>En esa zona fronteriza con Guatemala se encuentra una fuerte disputa por el territorio y el tr\u00e1fico de drogas entre el C\u00e1rtel Jalisco Nueva Generaci\u00f3n (CJNG) y el C\u00e1rtel de Sinaloa (CDS). Los dos casos que le comento son parte de la informaci\u00f3n sobre la violencia que golpea en varias regiones del pa\u00eds.\u00a0 En Jalisco y Michoac\u00e1n hace tiempo que la delincuencia organizada llev\u00f3 la inseguridad. Lo mismo sucedi\u00f3 en Chiapas.<\/p>\n<p>En Jalisco, es com\u00fan saber que diariamente se registran hechos violentos, como extorsiones, secuestros y asesinatos.<\/p>\n<p>En Chiapas, sucede lo mismo. La poblaci\u00f3n se identific\u00f3 con los criminales y hasta los recibi\u00f3 con aplausos.<\/p>\n<p>Y las autoridades que deben brindar protecci\u00f3n, \u00bfque papel desempe\u00f1an? Nadie lo sabe.<\/p>\n<p>\u00bfUsted qu\u00e9 opina amable lector?<\/p>\n<p><a href=\"mailto:augustocorro2742@gmail.com\" target=\"_blank\" rel=\"noopener\"><em>augustocorro2742@gmail.com<\/em><\/a><\/p>\n","protected":false},"excerpt":{"rendered":"<p><span style=\"color: #005497;\"><strong>Augusto Corro<\/strong><\/span><\/p>\n","protected":false},"author":3,"featured_media":0,"comment_status":"open","ping_status":"open","sticky":false,"template":"","format":"standard","meta":{"_monsterinsights_skip_tracking":false,"_monsterinsights_sitenote_active":false,"_monsterinsights_sitenote_note":"","_monsterinsights_sitenote_category":0,"footnotes":""},"categories":[157],"tags":[43686,43674,11515],"class_list":["post-596728","post","type-post","status-publish","format-standard","hentry","category-augusto-corro","tag-augusto-corro","tag-opinion","tag-punto-por-punto"],"_links":{"self":[{"href":"https:\/\/www.diarioimagen.net\/index.php?rest_route=\/wp\/v2\/posts\/596728","targetHints":{"allow":["GET"]}}],"collection":[{"href":"https:\/\/www.diarioimagen.net\/index.php?rest_route=\/wp\/v2\/posts"}],"about":[{"href":"https:\/\/www.diarioimagen.net\/index.php?rest_route=\/wp\/v2\/types\/post"}],"author":[{"embeddable":true,"href":"https:\/\/www.diarioimagen.net\/index.php?rest_route=\/wp\/v2\/users\/3"}],"replies":[{"embeddable":true,"href":"https:\/\/www.diarioimagen.net\/index.php?rest_route=%2Fwp%2Fv2%2Fcomments&post=596728"}],"version-history":[{"count":0,"href":"https:\/\/www.diarioimagen.net\/index.php?rest_route=\/wp\/v2\/posts\/596728\/revisions"}],"wp:attachment":[{"href":"https:\/\/www.diarioimagen.net\/index.php?rest_route=%2Fwp%2Fv2%2Fmedia&parent=596728"}],"wp:term":[{"taxonomy":"category","embeddable":true,"href":"https:\/\/www.diarioimagen.net\/index.php?rest_route=%2Fwp%2Fv2%2Fcategories&post=596728"},{"taxonomy":"post_tag","embeddable":true,"href":"https:\/\/www.diarioimagen.net\/index.php?rest_route=%2Fwp%2Fv2%2Ftags&post=596728"}],"curies":[{"name":"wp","href":"https:\/\/api.w.org\/{rel}","templated":true}]}}