{"id":596731,"date":"2023-09-26T00:03:16","date_gmt":"2023-09-26T06:03:16","guid":{"rendered":"https:\/\/www.diarioimagen.net\/?p=596731"},"modified":"2023-09-25T23:30:12","modified_gmt":"2023-09-26T05:30:12","slug":"la-posdata-presidencial-tambien-ilegal","status":"publish","type":"post","link":"https:\/\/www.diarioimagen.net\/?p=596731","title":{"rendered":"La posdata presidencial, tambi\u00e9n ilegal"},"content":{"rendered":"<h2>Espacio Electoral<\/h2>\n<h5>Eleazar Flores<\/h5>\n<p>&nbsp;<\/p>\n<p><strong>POR ESTIGMATIZANTE-.<\/strong> Dentro del marco legal que el DESCAFEINADO Instituto Nacional Electoral puede hacer, procede el comunicado dirigido al presidente Andr\u00e9s Manuel L\u00f3pez Obrador, para que, desde ya, omita opiniones contra personas f\u00edsicas o morales (PARTIDOS), en pleno proceso electoral como el que ya se est\u00e1 \u00bfviviendo?, mejor dicho padeciendo con tanto atosigamiento.<\/p>\n<p>Seguramente con actitud comprensiva, los integrantes del INE evitan que el mandatario lea \u00edntegro el art\u00edculo constitucional respectivo -pues largo s\u00ed es &#8211; por lo que le abrevian la tarea, l\u00e1stima que la POSDATA PRESIDENCIAL, como dice la canci\u00f3n, \u201ctropez\u00f3 de nuevo y con la misma piedra\u201d, al estigmatizar en su texto y por ende, separar a quienes piensan diferente a \u00e9l y la 4t.<\/p>\n<p>\u201cSI ERES CONSERVADOR\u201d, es la primera concepci\u00f3n literaria separatista que emplea el presidente L\u00f3pez Obrador, especificando con el pronunciamiento que todos, sin excepci\u00f3n, deberemos pensar como los seguidores del tabasque\u00f1o, con el agregado a\u00fan mayor de que, si eres conservador y est\u00e1s contra la transformaci\u00f3n\u2026\u201d m\u00e1s expl\u00edcito, imposible.<\/p>\n<p>Los conceptos finales en el sentido de que si vez la ma\u00f1anera y lo que ah\u00ed se dice -contra los conservadores, supongo-, no contra los OTROS DATOS, a los que el Ejecutivo recurre, pero que jam\u00e1s muestra para desmentir, \u201cpueden afectar tu situaci\u00f3n emocional o los intereses que defienden\u201d,\u00a0 pareciera una expresi\u00f3n burlona que en el Ejecutivo es dif\u00edcil que se d\u00e9 \u00bfo no?<\/p>\n<p>Total, que entre la analog\u00eda, sintaxis y preceptiva literaria que deber\u00edan practicarse con la mayor perfecci\u00f3n posible, trat\u00e1ndose de un documento presidencial y con tanto poder de comunicaci\u00f3n como son las ma\u00f1aneras, los asesores en la materia deber\u00edan ser mucho m\u00e1s escrupulosos y cuidadosos, para evitar cr\u00edticas como las de los NUEVOS LIBROS DE TEXTO.<\/p>\n<p>Para los nuevos funcionarios del Instituto Nacional Electoral, alineados cuatro de los once a los pensares macuspanenses, ser\u00eda m\u00e1s aconsejable publicitar con los recursos que la misma ley les permite, el art\u00edculo constitucional relacionado con las limitantes de los servidores p\u00fablicos para evitar inmiscuirse en asuntos electorales en tiempos que la misma ley proh\u00edbe.<\/p>\n<p>Pero por si eso fuera mucho, recordar a QUI\u00c9N O QUI\u00c9NES CORRESPONDA, los pronunciamientos did\u00e1cticos de la materia NOCIONES DE DERECHO que se dan en los primeros semestres de PREPARATORIA, cuyos catedr\u00e1ticos inculcan a sus alumnos el principio elemental de que \u201cUN\u00a0 PARTICULAR PODR\u00c1 HACER Y DECIR TODO LO QUE LEGALMENTE LA LEY LE PERMITE, EL FUNCIONARIO O SERVIDOR P\u00daBLICO, EVITAR TODO LO QUE LA LEY LE PROH\u00cdBE.<\/p>\n<p>Y da la coincidente casualidad que los funcionarios ya no deben opinar de pol\u00edtica y partidos, ni a favor ni en contra.<\/p>\n<p>Creo que no es dif\u00edcil entender\u00a0 la limitante a nadie \u00bfo necesitar\u00e1 traductor?<\/p>\n<p><em><a href=\"mailto:elefa44@gmail.com\" target=\"_blank\" rel=\"noopener noreferrer\">elefa44@gmail.com<\/a><\/em><\/p>\n","protected":false},"excerpt":{"rendered":"<p><span style=\"color: #005497;\"><strong>Eleazar Flores<\/strong><\/span><\/p>\n","protected":false},"author":3,"featured_media":0,"comment_status":"open","ping_status":"open","sticky":false,"template":"","format":"standard","meta":{"_monsterinsights_skip_tracking":false,"_monsterinsights_sitenote_active":false,"_monsterinsights_sitenote_note":"","_monsterinsights_sitenote_category":0,"footnotes":""},"categories":[81743],"tags":[81744,81776,43674],"class_list":["post-596731","post","type-post","status-publish","format-standard","hentry","category-eleazar-flores","tag-eleazar-flores","tag-espacio-electoral","tag-opinion"],"_links":{"self":[{"href":"https:\/\/www.diarioimagen.net\/index.php?rest_route=\/wp\/v2\/posts\/596731","targetHints":{"allow":["GET"]}}],"collection":[{"href":"https:\/\/www.diarioimagen.net\/index.php?rest_route=\/wp\/v2\/posts"}],"about":[{"href":"https:\/\/www.diarioimagen.net\/index.php?rest_route=\/wp\/v2\/types\/post"}],"author":[{"embeddable":true,"href":"https:\/\/www.diarioimagen.net\/index.php?rest_route=\/wp\/v2\/users\/3"}],"replies":[{"embeddable":true,"href":"https:\/\/www.diarioimagen.net\/index.php?rest_route=%2Fwp%2Fv2%2Fcomments&post=596731"}],"version-history":[{"count":0,"href":"https:\/\/www.diarioimagen.net\/index.php?rest_route=\/wp\/v2\/posts\/596731\/revisions"}],"wp:attachment":[{"href":"https:\/\/www.diarioimagen.net\/index.php?rest_route=%2Fwp%2Fv2%2Fmedia&parent=596731"}],"wp:term":[{"taxonomy":"category","embeddable":true,"href":"https:\/\/www.diarioimagen.net\/index.php?rest_route=%2Fwp%2Fv2%2Fcategories&post=596731"},{"taxonomy":"post_tag","embeddable":true,"href":"https:\/\/www.diarioimagen.net\/index.php?rest_route=%2Fwp%2Fv2%2Ftags&post=596731"}],"curies":[{"name":"wp","href":"https:\/\/api.w.org\/{rel}","templated":true}]}}