{"id":596762,"date":"2023-09-26T00:10:15","date_gmt":"2023-09-26T06:10:15","guid":{"rendered":"https:\/\/www.diarioimagen.net\/?p=596762"},"modified":"2023-09-26T00:45:32","modified_gmt":"2023-09-26T06:45:32","slug":"el-ridiculo-que-viene","status":"publish","type":"post","link":"https:\/\/www.diarioimagen.net\/?p=596762","title":{"rendered":"El rid\u00edculo que viene"},"content":{"rendered":"<h2>Triple Erre<\/h2>\n<h5>Francisco Reynoso<\/h5>\n<p>&nbsp;<\/p>\n<p>El gobierno del presidente ANDR\u00c9S MANUEL L\u00d3PEZ OBRADOR est\u00e9 en el umbral de un nuevo, gigantesco e ignominioso rid\u00edculo judicial.<\/p>\n<p>El \u201cpato al orange\u201d, platillo principal de la 4T contra la corrupci\u00f3n del neoliberalismo del pasado, se lo comer\u00e1n los perros si la Fiscal\u00eda General de la Rep\u00fablica de ALEJANDRO GERTZ MANERO no logra \u2014por la buena o por la mala, como se estila en la 4T\u2014 revertir el fallo del Primer Tribunal Colegiado de Apelaci\u00f3n que desech\u00f3 las pruebas de transferencias bancarias internacionales que acreditar\u00edan los sobornos por 10 millones de d\u00f3lares que recibi\u00f3 Emilio Lozoya, ex director de Pemex, de la empresa brasile\u00f1a Odebrecht.<\/p>\n<p>El argumento del \u00f3rgano judicial es que esas pruebas, las C-5 y C-7, se obtuvieron sin una orden judicial previa, como mandata la Constituci\u00f3n.<\/p>\n<p>Ante este descalabro judicial que pondr\u00eda en evidencia la falta de capacidad y pericia de los agentes del Ministerio P\u00fablico Federal, la gente de GERTZ MANERO su uni\u00f3 al coro de la 4T que califica de podridos y corruptos a ministros, magistrados, jueces y a todos los dem\u00e1s integrantes del Poder Judicial de la Federaci\u00f3n y al Poder Judicial de los estados.<\/p>\n<p>Y es que de llegarse al juicio con s\u00f3lo acusaciones verbales \u2014fulano dice que sutano le cont\u00f3 que mengano se enter\u00f3\u2014 presunciones y testigos que no pueden aportar pruebas documentales, la acusaci\u00f3n contra Lozoya de haber recibido sobornos no tendr\u00eda sustento jur\u00eddico.<\/p>\n<p>Los jueces del Primer Tribunal Colegiado de Apelaci\u00f3n dicen que las pruebas obtenidas ilegalmente no son v\u00e1lidas. En la 4T y la Fiscal\u00eda podr\u00e1n decir que tienen otros datos, pero la ley es la ley, aunque L\u00f3pez Obrador diga y piense lo contrario.<\/p>\n<p>Hab\u00eda sospecha, desde su inicio, que el caso de Lozoya ser\u00eda un petardo. Cuando lo detuvo la polic\u00eda de M\u00e1laga y lo envi\u00f3 de regreso a M\u00e9xico, la expectativa que se gener\u00f3 fue que cantar\u00eda de su ronco pecho y pondr\u00eda de pechito a los principales cabecillas de la corrupci\u00f3n neoliberal. Por supuesto, ENRIQUE PE\u00d1A ser\u00eda el primero.<\/p>\n<p>Pero EMILIO LOZOYA se la ha pasado muy campechana. Y a no ser porque se fue a cenar pato al orange a un restaurante fif\u00ed, estar\u00eda en su casa viendo en pijama todos los d\u00edas la ma\u00f1anera presidencial.<\/p>\n<p><strong>Entre corruptos y tarugos<\/strong><\/p>\n<p>El presidente L\u00d3PEZ OBRADOR sostiene una guerra sin cuartel contra el Poder Judicial que preside la ministra NORMA PI\u00d1A. Acusa a todos sus integrantes de corruptos y vendidos al neoliberalismo. No entiende, o se hace que la virgen le habla, que los agentes del Ministerio P\u00fablico no hacen bien su trabajo. Porque no se puede probar la culpabilidad de nadie s\u00f3lo porque sea enemigo pol\u00edtico de la 4T y el presidente lo quiera en la c\u00e1rcel.<\/p>\n<p>El caso m\u00e1s evidente es el del Fiscal de Morelos, URIEL CARMONA. La Fiscal\u00eda de la Ciudad de M\u00e9xico de ERNESTINA GODOY fue por \u00e9l a su casa y con todo y su fuero constitucional lo detuvo y lo mand\u00f3 a la c\u00e1rcel.<\/p>\n<p>La justicia federal orden\u00f3 que se le dejara en libertad porque se viol\u00f3 su inmunidad constitucional. Sali\u00f3 del reclusorio y lo volvieron a detener. Esa escena grotesca se repiti\u00f3 en otras tres ocasiones.<\/p>\n<p>El caso de ROSARIO ROBLES tambi\u00e9n estuvo plagado de irregularidades judiciales. Y el de JES\u00daS MURILLO KARAM no canta mal las rancheras.<\/p>\n<p><strong>Lealtad abyecta y obligatoria<\/strong><\/p>\n<p>MARCELO EBRARD denuncia que en Morena pretenden lealtad a fuerza. Ya no es la lealtad a ciegas que se utilizaba en el PRI. Ahora MARIO DELGADO y ALFONSO DURAZO, obviamente por instrucciones de ya saben quien, exigen lealtad a fuerza y cueste lo que cueste. Lo de menos es que se atropellen principios y dignidades de militantes. Los gobernadores de Morena, entre ellos DAVID MONREAL de Zacatecas, que firmaron un desplegado de apoyo al proyecto de Presupuesto de Egresos de la Federaci\u00f3n 2024, mostraron esa lealtad abyecta que pasa por alto recortes monstruosos, como el de 58% al sector salud y las participaciones m\u00ed\u00adseras a estados y municipios. Hace d\u00ed\u00adas DAVID MONREAL critic\u00f3 el proyecto de PEF, lo consider\u00f3 injusto para Zacatecas, pero lleg\u00f3 la orden de callar, obedecer y mostrar lealtad a fuerzas; lealtad abyecta y sin pensarlo dos veces suscribi\u00f3 el manifiesto de los gobernadores hacia la pol\u00edtica presupuestal y financiera de L\u00d3PEZ OBRADOR.<\/p>\n<p>&nbsp;<\/p>\n<blockquote>\n<p style=\"text-align: right;\"><em><strong>La verdad es la verdad<br \/>\ny no admite otros datos<\/strong><\/em><\/p>\n<\/blockquote>\n<p>&nbsp;<\/p>\n<p><a href=\"mailto:donrunrun@yahoo.es\" target=\"_blank\" rel=\"noopener\"><em>donrunrun@yahoo.es<\/em><\/a><\/p>\n","protected":false},"excerpt":{"rendered":"<p><span style=\"color: #005497;\"><strong>Francisco Reynoso<\/strong><\/span><\/p>\n","protected":false},"author":3,"featured_media":0,"comment_status":"open","ping_status":"open","sticky":false,"template":"","format":"standard","meta":{"_monsterinsights_skip_tracking":false,"_monsterinsights_sitenote_active":false,"_monsterinsights_sitenote_note":"","_monsterinsights_sitenote_category":0,"footnotes":""},"categories":[94855],"tags":[94857,43674,94856],"class_list":["post-596762","post","type-post","status-publish","format-standard","hentry","category-francisco-reynoso","tag-francisco-reynoso","tag-opinion","tag-triple-erre"],"_links":{"self":[{"href":"https:\/\/www.diarioimagen.net\/index.php?rest_route=\/wp\/v2\/posts\/596762","targetHints":{"allow":["GET"]}}],"collection":[{"href":"https:\/\/www.diarioimagen.net\/index.php?rest_route=\/wp\/v2\/posts"}],"about":[{"href":"https:\/\/www.diarioimagen.net\/index.php?rest_route=\/wp\/v2\/types\/post"}],"author":[{"embeddable":true,"href":"https:\/\/www.diarioimagen.net\/index.php?rest_route=\/wp\/v2\/users\/3"}],"replies":[{"embeddable":true,"href":"https:\/\/www.diarioimagen.net\/index.php?rest_route=%2Fwp%2Fv2%2Fcomments&post=596762"}],"version-history":[{"count":0,"href":"https:\/\/www.diarioimagen.net\/index.php?rest_route=\/wp\/v2\/posts\/596762\/revisions"}],"wp:attachment":[{"href":"https:\/\/www.diarioimagen.net\/index.php?rest_route=%2Fwp%2Fv2%2Fmedia&parent=596762"}],"wp:term":[{"taxonomy":"category","embeddable":true,"href":"https:\/\/www.diarioimagen.net\/index.php?rest_route=%2Fwp%2Fv2%2Fcategories&post=596762"},{"taxonomy":"post_tag","embeddable":true,"href":"https:\/\/www.diarioimagen.net\/index.php?rest_route=%2Fwp%2Fv2%2Ftags&post=596762"}],"curies":[{"name":"wp","href":"https:\/\/api.w.org\/{rel}","templated":true}]}}