{"id":596769,"date":"2023-09-26T00:06:39","date_gmt":"2023-09-26T06:06:39","guid":{"rendered":"https:\/\/www.diarioimagen.net\/?p=596769"},"modified":"2023-09-26T00:50:34","modified_gmt":"2023-09-26T06:50:34","slug":"la-gelatina-no-cuajo","status":"publish","type":"post","link":"https:\/\/www.diarioimagen.net\/?p=596769","title":{"rendered":"La gelatina no cuaj\u00f3"},"content":{"rendered":"<h2>Los Pozos de Carlos Pozos<\/h2>\n<h5>Carlos Pozos<br \/>\n[ <em>Lord Mol\u00e9cula<\/em> ]<\/h5>\n<p>&nbsp;<\/p>\n<p>En un foro regional en Monterrey, la se\u00f1ora <strong>Bertha X\u00f3chitl G\u00e1lvez Ruiz<\/strong>, declar\u00f3: \u201cHay una cultura distinta en el sureste del pa\u00eds y no podemos aplicar un modelo similar al del norte\u201d. Ella dijo: \u201cRecuerdo que cuando trabajaba con <strong>(Vicente) Fox<\/strong> quisieron instalar maquiladoras en San Crist\u00f3bal de las Casas y les dije: \u2018Va a ser un fracaso; nadie va a ir a trabajar ocho horas seguidas, porque no es su cultura\u2019\u201d.<\/p>\n<p>Les recuerdo, mis amigos, para no olvidar, que en el mes de abril del a\u00f1o 2002, el entonces presidente <strong>Vicente Fox Quesada<\/strong> y el gobierno de <strong>Pablo Salazar<\/strong> facilitaron con alrededor de 20 millones de recursos p\u00fablicos la instalaci\u00f3n de una maquiladora del llamado \u201cRey de la mezclilla\u201d, <strong>Kamel Nacif<\/strong> <strong>Borge<\/strong>, empresario mexicano de origen liban\u00e9s, vinculado a una red de pederastia. Existe una fotograf\u00eda en donde se muestra la se\u00f1ora <strong>Bertha X\u00f3chitl G\u00e1lvez Ruiz<\/strong>, que dan una clara muestra de la degradaci\u00f3n de la pol\u00edtica neoliberal y del periodismo conservador.<\/p>\n<p>La \u201cgelatina\u201d no cuaj\u00f3, y la candidata presidencial del <strong>Frente Amplio por M\u00e9xico <\/strong>(FAM) <strong>Bertha X\u00f3chitl G\u00e1lvez Ruiz<\/strong> no sirvi\u00f3 ni para el arranque. Tiempo al tiempo, para que <strong>Claudio X. Gonz\u00e1lez<\/strong> cambie de candidata.<\/p>\n<p>Hasta ahora la panista, priista y perredista supone que la poblaci\u00f3n es pendeja \u2013como ella lo expresa de s\u00ed misma\u2013 y piensa que efectivamente le cree cuando esgrime que \u201cse equivoc\u00f3\u201d al incluir en su trabajo de titulaci\u00f3n citas de una tesis sobre pol\u00edtica p\u00fablica del gobierno federal.<\/p>\n<p>\u00bfEn un trabajo de titulaci\u00f3n por experiencia adquirida la puede uno <em>pendejear<\/em>? \u00a1Categ\u00f3rico digo que no! <strong>Bertha X\u00f3chitl G\u00e1lvez Ruiz<\/strong> no la pendeje\u00f3: ten\u00eda plena conciencia y sab\u00eda el robo que hac\u00eda.<\/p>\n<p>Y les recuerdo tambi\u00e9n que, en el mes de julio del a\u00f1o en curso, en una de las conferencias de prensa de Palacio Nacional, ante el <strong>Presidente de todos los mexicanos<\/strong>, <strong>Andr\u00e9s Manuel L\u00f3pez Obrador<\/strong>, le expuse as\u00ed mi pregunta: \u201cLe comento que, como reportero, <strong>Bertha X\u00f3chitl G\u00e1lvez Ruiz<\/strong>, desde el a\u00f1o 2000 me neg\u00f3 una entrevista cuando fue Comisionada Nacional para el Desarrollo de los Pueblos Ind\u00edgenas. Su gran aportaci\u00f3n al indigenismo es haber tenido un salario de 220 mil pesos mensuales y \u2014a trav\u00e9s de su empresa <strong>High Tech Services <\/strong>y su esposo, <strong>Rub\u00e9n S\u00e1nchez<\/strong>\u2014 con la operaci\u00f3n y mantenimiento de edificios inteligentes logr\u00f3 15 contratos por un mill\u00f3n 832 mil 710 pesos. El <strong>Movimiento Nacional Ind\u00edgena<\/strong> sostiene que <strong>Bertha X\u00f3chitl G\u00e1lvez Ruiz<\/strong> se montaba en las iniciativas, por eso le llaman <em>la<\/em> <em>trepadora\u201d.<\/em><\/p>\n<p>En las \u00faltimas semanas la <strong>se\u00f1ora \u201cX\u201d<\/strong> ha sido foco de atenci\u00f3n por varios actos deshonestos, como el de la \u201ccasa roja\u201d; sus mentiras de que ayud\u00f3 a los ind\u00edgenas cuando estuvo al frente del Instituto Nacional Indigenista (INI); documentos oficiales sobre su estado civil donde en algunos aparece soltera y en otros casada; como ingeniera, no saber aritm\u00e9tica elemental que le d\u00e9 sumas de 130% en vez de 100%, y los que seguir\u00e1n surgiendo, porque\u00a0 ustedes, amigas y amigos, tendr\u00e1n la mejor respuesta a lo que dice el <strong>Movimiento Nacional Ind\u00edgena<\/strong> de <strong>Bertha X\u00f3chitl G\u00e1lvez Ruiz,<\/strong> \u201cque por montarse en las iniciativas del movimiento, por eso le llaman <em>la<\/em> <em>trepadora\u201d<\/em>\u2026 Y hasta aqu\u00ed con Los Pozos de Carlos Pozos. Y si desean que le haga su pregunta al Presidente de M\u00e9xico en la conferencia de prensa \u201cma\u00f1anera\u201d, por favor h\u00e1ganmela llegar al correo: <a href=\"mailto:lordmolecularedaccion@gmail.com\" target=\"_blank\" rel=\"noopener\"><em>lordmolecularedaccion@gmail.com<\/em><\/a>, v\u00eda Twitter (X) a: <a href=\"https:\/\/twitter.com\/lordmolecula?ref_src=twsrc%5Egoogle%7Ctwcamp%5Eserp%7Ctwgr%5Eauthor\" target=\"_blank\" rel=\"noopener\"><em>@lordmoleculaoficial<\/em><\/a>, o bien, visiten nuestro portal <em><a href=\"https:\/\/www.lordmoleculaoficial.com\/\" target=\"_blank\" rel=\"noopener\">https:\/\/www.lordmoleculaoficial.com<\/a><\/em>, as\u00ed como tambi\u00e9n pueden ver mi Canal <a href=\"https:\/\/www.youtube.com\/channel\/UC0WxwnD6D67eYwmmRWQnOEg\" target=\"_blank\" rel=\"noopener\"><em>Lord Mol\u00e9cula Oficial<\/em><\/a>.<\/p>\n","protected":false},"excerpt":{"rendered":"<p><span style=\"color: #005497;\"><strong>Carlos Pozos<\/strong><\/span><\/p>\n","protected":false},"author":3,"featured_media":0,"comment_status":"open","ping_status":"open","sticky":false,"template":"","format":"standard","meta":{"_monsterinsights_skip_tracking":false,"_monsterinsights_sitenote_active":false,"_monsterinsights_sitenote_note":"","_monsterinsights_sitenote_category":0,"footnotes":""},"categories":[97814],"tags":[97816,97815,43674],"class_list":["post-596769","post","type-post","status-publish","format-standard","hentry","category-carlos-pozos","tag-carlos-pozos","tag-los-pozos-de-carlos-pozos","tag-opinion"],"_links":{"self":[{"href":"https:\/\/www.diarioimagen.net\/index.php?rest_route=\/wp\/v2\/posts\/596769","targetHints":{"allow":["GET"]}}],"collection":[{"href":"https:\/\/www.diarioimagen.net\/index.php?rest_route=\/wp\/v2\/posts"}],"about":[{"href":"https:\/\/www.diarioimagen.net\/index.php?rest_route=\/wp\/v2\/types\/post"}],"author":[{"embeddable":true,"href":"https:\/\/www.diarioimagen.net\/index.php?rest_route=\/wp\/v2\/users\/3"}],"replies":[{"embeddable":true,"href":"https:\/\/www.diarioimagen.net\/index.php?rest_route=%2Fwp%2Fv2%2Fcomments&post=596769"}],"version-history":[{"count":0,"href":"https:\/\/www.diarioimagen.net\/index.php?rest_route=\/wp\/v2\/posts\/596769\/revisions"}],"wp:attachment":[{"href":"https:\/\/www.diarioimagen.net\/index.php?rest_route=%2Fwp%2Fv2%2Fmedia&parent=596769"}],"wp:term":[{"taxonomy":"category","embeddable":true,"href":"https:\/\/www.diarioimagen.net\/index.php?rest_route=%2Fwp%2Fv2%2Fcategories&post=596769"},{"taxonomy":"post_tag","embeddable":true,"href":"https:\/\/www.diarioimagen.net\/index.php?rest_route=%2Fwp%2Fv2%2Ftags&post=596769"}],"curies":[{"name":"wp","href":"https:\/\/api.w.org\/{rel}","templated":true}]}}