{"id":596884,"date":"2023-09-27T00:11:38","date_gmt":"2023-09-27T06:11:38","guid":{"rendered":"https:\/\/www.diarioimagen.net\/?p=596884"},"modified":"2023-09-26T23:17:02","modified_gmt":"2023-09-27T05:17:02","slug":"mexico-podria-perder-chiapas-oaxaca-yucatan","status":"publish","type":"post","link":"https:\/\/www.diarioimagen.net\/?p=596884","title":{"rendered":"M\u00e9xico podr\u00eda perder Chiapas, Oaxaca, Yucat\u00e1n\u2026"},"content":{"rendered":"<h2>\u00cdndice pol\u00edtico<\/h2>\n<h5>Francisco Rodr\u00edguez<strong>\u00a0<\/strong><\/h5>\n<p>&nbsp;<\/p>\n<p>Y qu\u00e9 tal si, con el pretexto de que el ferrocarril transoce\u00e1nico \u2014Salina Cruz-Coatzacoalcos\u2014 es estrat\u00e9gico para sus intereses, Clos estadounidenses promueven la separaci\u00f3n del sureste mexicano?<\/p>\n<p>Recuerde usted que, con la ayuda del ej\u00e9rcito m\u00e1s poderoso del mundo, Panam\u00e1 consigui\u00f3 separarse de Colombia en 1903.<\/p>\n<p>\u00bfSer\u00e1 que ahora, con las armas de los poderosos c\u00e1rteles delincuenciales \u2014 \u201cadministrados\u201d por la DEA\u2014 y que son similares en n\u00famero de elementos a los de nuestras fuerzas armadas, el sureste se separa de la Rep\u00fablica?<\/p>\n<p>Hasta inicios del siglo XX los paname\u00f1os resintieron el abandono de Colombia.<\/p>\n<p>Igual ha sucedido con Chiapas \u2014que se anex\u00f3 a M\u00e9xico en 1824\u2014, Oaxaca y Yucat\u00e1n, entidad esta \u00faltima en donde los \u00e1nimos separatistas no menguan ante la falta de atenci\u00f3n de \u00e9ste y los anteriores gobiernos federales.<\/p>\n<p>Excepto Tabasco y Campeche, que se beneficiaron en cierta medida por el desarrollo de la ya apagada industria petrolera, lo mismo que Quintana Roo, gracias a sus bellezas naturales mayoritariamente explotadas en hoteler\u00eda por extranjeros, el resto del sureste nunca ha recibido la atenci\u00f3n de la que s\u00ed han disfrutado las regiones del norte, el Baj\u00edo y el Altiplano del territorio.<\/p>\n<p>Y ese abandono ancestral del Estado mexicano ha abierto las puertas para que ahora mismo ah\u00ed se est\u00e9n enraizando los c\u00e1rteles de la droga, principalmente el sinaloense y el jalisciense, hoy en abierta pugna con lamentables consecuencias para la seguridad personal y jur\u00eddica de los habitantes.<\/p>\n<p>Cierre de comercios. Toque de queda virtual. Asesinatos por doquier.<\/p>\n<p>\u00bfEs esa la raz\u00f3n por la cual los chiapanecos aplauden el arribo de los sicarios del c\u00e1rtel al que consideran m\u00e1s fuerte y apenas un poco menos sanguinario que el rival?<\/p>\n<p>Enviar a las tropas a tapar el pozo cuando el ni\u00f1o ya se ahog\u00f3, como hizo apenas <strong>Andr\u00e9s Manuel L\u00f3pez Obrador<\/strong>, no es suficiente.<\/p>\n<p>Los programas sociales s\u00f3lo han paliado el conflicto cotidiano de cientos de miles de familias que viven en pobreza extrema.<\/p>\n<p>Faltan inversiones federales para crear obras de infraestructura que, adem\u00e1s, creen empleos y, ya construidas, atraigan a empresarios para que tambi\u00e9n creen fuentes permanentes de empleo.<\/p>\n<p>Si por una raz\u00f3n se pospuso durante d\u00e9cadas y d\u00e9cadas la construcci\u00f3n del ferrocarril Interoce\u00e1nico en el Istmo de Tehuantepec fue por la experiencia colombiana-paname\u00f1a.<\/p>\n<p>Su realizaci\u00f3n, finalmente, se ha dado en los peores tiempos: los de un gobierno d\u00e9bil e ineficaz en manos de un \u201ccaudillo\u201d populachero y aparentemente todopoderoso.<\/p>\n<p>Y es que, adem\u00e1s de las razones econ\u00f3micas, de abandono a lo que los colombianos somet\u00edan al Istmo de Panam\u00e1, fue decisivo el hecho que los norteamericanos vislumbraran la important\u00edsima posici\u00f3n geogr\u00e1fica y sus deseos por construir el Canal de Panam\u00e1.<\/p>\n<p>Ayer los norteamericanos mostraron su inter\u00e9s en la construcci\u00f3n del Canal de Panam\u00e1.<\/p>\n<p>Hoy est\u00e1n al pendiente de que China, su n\u00e9mesis, no aproveche la nueva obra y, desde el punto de vista del escribidor, aprovechan la ausencia de Estado de Derecho en el sureste mexicano para crear las condiciones que le permitan aprovechar s\u00f3lo para ellos la obra ya construida\u2026 y, como sucedi\u00f3 en Panam\u00e1, crear en el sureste varias bases militares.<\/p>\n<p>\u00a1Cuidado!<\/p>\n<p>AMLO bien podr\u00eda pasar a la historia no como \u00e9l quisiera\u2026<\/p>\n<p>\u2026sino quien inici\u00f3 la desintegraci\u00f3n del Pacto Federal mexicano\u2026<\/p>\n<p>\u2026entretenido como s\u00f3lo est\u00e1 en lo electoral\u2026<\/p>\n<p>\u2026para que se preserve su \u201ctrascendental\u201d legado.<\/p>\n<p style=\"text-align: center;\"><strong>Indicios<\/strong><\/p>\n<p>M\u00e9xico est\u00e1 militarmente sitiado. Por el lado sur, el ej\u00e9rcito guatemalteco vigilando que la violencia en Chiapas no contamine el territorio chap\u00edn. Por el norte, la Guardia Nacional texana en vano intento por frenar el \u00e9xodo de migrantes que parten de nuestro pa\u00eds hacia Estados Unidos. * * * M\u00e1s de lo mismo en el caso de los j\u00f3venes estudiantes de la escuela Normal que se ubica en Ayotzinapa, Guerrero. Dijo apenas <strong>Vidulfo Rosales<\/strong>, abogado de los familiares de las v\u00edctimas, que la documentaci\u00f3n que les han presentado hasta ahora est\u00e1 m\u00e1s cercana a la llamada \u201cverdad hist\u00f3rica\u201d del pe\u00f1ato, que a la realidad a la que se comprometiera AMLO. Les seguir\u00e1 fallando hasta que no salga a relucir oficialmente el <strong><em>leit motiv<\/em><\/strong> de la sa\u00f1a con la que asesinaron y desaparecieron los cad\u00e1veres de \u201clos 43\u201d: Y este no es otro que el de los 83 kilogramos de droga que reclaman los integrantes del grupo delincuencial de Los Rojos. * * * <strong>Dante Delgado<\/strong> la est\u00e1 haciendo de emoci\u00f3n: Ahora ha dicho que el candidato nacido para perder de Movimiento Ciudadano ser\u00e1 dado a conocer hasta enero del a\u00f1o pr\u00f3ximo. Nos va a tener con el pendiente el \u00faltimo trimestre de 2023. * * * \u201cOtra vez estamos ante el viejo debate de que el gobierno tenga el padr\u00f3n electoral con alto riesgo de manejo de datos personales para fines electorales\u201d, plante\u00f3 ayer el senador panista <strong>Dami\u00e1n Zepeda, <\/strong>ante la aprobaci\u00f3n en comisiones de una iniciativa que propone que la clave conocida por sus siglas CURP lleve fotograf\u00eda y pr\u00e1cticamente todos los datos personales de los mexicanos. Iniciativa que aprobar\u00e1n sin duda los legisladores cuatroteros que son mayor\u00eda en la todav\u00eda llamada C\u00e1mara alta. * * * Ser\u00e1n 661 millones de pesos lo que cada uno de los candidatos presidenciales podr\u00e1n gastar en sus campa\u00f1as electorales, acordaron los consejeros del INE. El anuncio movi\u00f3 a carcajadas, entre otros, a <strong>Claudia Sheinbaum,<\/strong> quien promueve su imagen en una de las enormes pantallas de Times Square, en Midtown Manhattan, Nueva York, y que debe costar la mitad de lo que le autorizaron para erogar hasta el a\u00f1o pr\u00f3ximo. * * * <strong>Marcelo Ebrard<\/strong> sigue pataleando. Ahora pidi\u00f3 al Tribunal Electoral ordenar a la Comisi\u00f3n Nacional de Honestidad (?) y Justicia de Morena admitir su queja sobre irregularidades en el proceso interno y reponer la elecci\u00f3n para elegir al candidato presidencial. \u00bfQu\u00e9 ganar\u00eda, en caso de que el TEPJF le d\u00e9 la raz\u00f3n, si \u00e9l no est\u00e1 en el \u00e1nimo de quien decide por encima de cualquier tipo de tribunal, toda vez que a \u00e9l no tienen porque salirle \u201ccon eso de que la ley es la ley\u201d? * * * Secuestros, \u201clevantones\u201d, extorsiones, feminicidios, incendios provocados, asesinatos, masacres por todo el territorio nacional. Resultado de los \u201cabrazos\u201d a los delincuentes. * * * Y por hoy es todo. Le deseo, como siempre, \u00a1buenas gracias y muchos, muchos d\u00edas!<\/p>\n<p><em><u><a href=\"http:\/\/www.indicepolitico.com\" target=\"_blank\" rel=\"noopener noreferrer\">www.indicepolitico.com<\/a><\/u><u><br \/>\n<\/u><a href=\"mailto:indicepolitico@gmail.com\" target=\"_blank\" rel=\"noopener noreferrer\">indicepolitico@gmail.com<\/a><\/em><br \/>\n<em><a href=\"https:\/\/twitter.com\/indicepolitico?lang=es\" target=\"_blank\" rel=\"noopener noreferrer\">@IndicePolitico<\/a><\/em><br \/>\n<em><u><a href=\"https:\/\/twitter.com\/pacorodriguez\" target=\"_blank\" rel=\"noopener noreferrer\">@pacorodriguez<\/a><\/u><\/em><\/p>\n","protected":false},"excerpt":{"rendered":"<p><span style=\"color: #005497;\"><strong>Francisco Rodr\u00edguez<\/strong><\/span><\/p>\n","protected":false},"author":3,"featured_media":0,"comment_status":"open","ping_status":"open","sticky":false,"template":"","format":"standard","meta":{"_monsterinsights_skip_tracking":false,"_monsterinsights_sitenote_active":false,"_monsterinsights_sitenote_note":"","_monsterinsights_sitenote_category":0,"footnotes":""},"categories":[549],"tags":[43689,550,43674],"class_list":["post-596884","post","type-post","status-publish","format-standard","hentry","category-francisco-rodriguez","tag-francisco-rodriguez","tag-indice-politico","tag-opinion"],"_links":{"self":[{"href":"https:\/\/www.diarioimagen.net\/index.php?rest_route=\/wp\/v2\/posts\/596884","targetHints":{"allow":["GET"]}}],"collection":[{"href":"https:\/\/www.diarioimagen.net\/index.php?rest_route=\/wp\/v2\/posts"}],"about":[{"href":"https:\/\/www.diarioimagen.net\/index.php?rest_route=\/wp\/v2\/types\/post"}],"author":[{"embeddable":true,"href":"https:\/\/www.diarioimagen.net\/index.php?rest_route=\/wp\/v2\/users\/3"}],"replies":[{"embeddable":true,"href":"https:\/\/www.diarioimagen.net\/index.php?rest_route=%2Fwp%2Fv2%2Fcomments&post=596884"}],"version-history":[{"count":0,"href":"https:\/\/www.diarioimagen.net\/index.php?rest_route=\/wp\/v2\/posts\/596884\/revisions"}],"wp:attachment":[{"href":"https:\/\/www.diarioimagen.net\/index.php?rest_route=%2Fwp%2Fv2%2Fmedia&parent=596884"}],"wp:term":[{"taxonomy":"category","embeddable":true,"href":"https:\/\/www.diarioimagen.net\/index.php?rest_route=%2Fwp%2Fv2%2Fcategories&post=596884"},{"taxonomy":"post_tag","embeddable":true,"href":"https:\/\/www.diarioimagen.net\/index.php?rest_route=%2Fwp%2Fv2%2Ftags&post=596884"}],"curies":[{"name":"wp","href":"https:\/\/api.w.org\/{rel}","templated":true}]}}