{"id":596968,"date":"2023-09-28T00:05:07","date_gmt":"2023-09-28T06:05:07","guid":{"rendered":"https:\/\/www.diarioimagen.net\/?p=596968"},"modified":"2023-09-28T23:15:02","modified_gmt":"2023-09-29T05:15:02","slug":"plantel-cuauhtemoc-contribuye-al-prestigio-del-nivel-medio-superior-de-la-uaemex","status":"publish","type":"post","link":"https:\/\/www.diarioimagen.net\/?p=596968","title":{"rendered":"Plantel \u201cCuauht\u00e9moc\u201d, contribuye al prestigio del nivel medio superior de la UAEM\u00e9x"},"content":{"rendered":"<p>&nbsp;<\/p>\n<div id=\"attachment_597027\" style=\"width: 470px\" class=\"wp-caption aligncenter\"><a href=\"https:\/\/www.diarioimagen.net\/?attachment_id=597027\" rel=\"attachment wp-att-597027\"><img loading=\"lazy\" decoding=\"async\" aria-describedby=\"caption-attachment-597027\" class=\"size-full wp-image-597027\" src=\"https:\/\/www.diarioimagen.net\/wp-content\/uploads\/2023\/09\/uaem-plantel.jpg\" alt=\"\" width=\"460\" height=\"270\" \/><\/a><p id=\"caption-attachment-597027\" class=\"wp-caption-text\">El secretario de Docencia, Jos\u00e9 Raymundo Marcial Romero, mencion\u00f3 que el bachillerato es especial para la formaci\u00f3n de las juventudes, ejemplo de ello son sus egresados y egresadas, quienes con su desempe\u00f1o y trabajo han puesto en alto el nombre de este plantel y de la M\u00e1xima Casa de Estudios mexiquense.<\/p><\/div>\n<p>&nbsp;<\/p>\n<p><strong>Toluca, Estado de M\u00e9xico.\u2014 <\/strong>El Plantel \u201cCuauht\u00e9moc\u201d de la Escuela Preparatoria de la Universidad Aut\u00f3noma del Estado de M\u00e9xico (UAEM\u00e9x), conocido como Prepa 3, es un espacio emblem\u00e1tico en Toluca, que en este medio siglo ha aportado en todos los \u00e1mbitos de la vida universitaria y de la vida p\u00fablica de toda la entidad, apunt\u00f3 en representaci\u00f3n del rector de esta casa de estudios, Carlos Eduardo Barrera D\u00edaz, el secretario de Docencia, Jos\u00e9 Raymundo Marcial Romero, al encabezar la ceremonia conmemorativa al 50 aniversario del Plantel.<\/p>\n<p>En compa\u00f1\u00eda de la secretar\u00eda general de la Federaci\u00f3n de Asociaciones Aut\u00f3nomas de Personal Acad\u00e9mico de esta casa de estudios (FAAPAUAEM), Gilda Gonz\u00e1lez Villase\u00f1or, y Gilberto Javier Sauza Mart\u00ednez, ex presidente de la Consejo de C\u00e1maras y Asociaciones Empresariales del Estado de M\u00e9xico (CONACEM) y egresado destacado de este plantel, Marcial Romero mencion\u00f3 que el bachillerato es especial para la formaci\u00f3n de las juventudes, ejemplo de ello son sus egresados y egresadas, quienes con su desempe\u00f1o y trabajo han puesto en alto el nombre de este plantel y de la M\u00e1xima Casa de Estudios mexiquense.<\/p>\n<p>\u201cCinco d\u00e9cadas de historia parecen poco cuando se han formado numerosas generaciones de bachilleres, que al concluir con su educaci\u00f3n acad\u00e9mica se han destacado por ser profesionistas, funcionarios, docentes, investigadores y empresarios, entre otros\u201d, afirm\u00f3.<\/p>\n<p>Durante su intervenci\u00f3n, el director de este espacio universitario, Ra\u00fal Ju\u00e1rez Toledo, hizo un llamado a que las y los integrantes del plantel contin\u00faen forjando profesionistas, adem\u00e1s de seguir trabajando con \u00edmpetu al servicio de la naci\u00f3n y ser arquitectos de mentes cr\u00edticas y esp\u00edritus libres.<\/p>\n<p>\u201cSint\u00e1monos orgullosos de pertenecer a una de las m\u00e1s prestigiosas escuelas de nivel medio superior, el Plantel \u201cCuauht\u00e9moc\u201d, que en su nombre lleva el misticismo de la valent\u00eda, la templanza y el amor\u201d, abund\u00f3.<\/p>\n<p>Por su parte, el cronista em\u00e9rito del plantel, Jos\u00e9 Jaime Castro Res\u00e9ndiz, enfatiz\u00f3 que, desde su origen, el Plantel es identificado como la Prepa 3, lo cual ha dejado huella dentro de los primeros 50 a\u00f1os de vida fruct\u00edfera de este espacio, que se ve fortalecida en cada uno de sus tres sectores que lo habitan.<\/p>\n<p>Posterior a la ceremonia, Marcial Romero, en compa\u00f1\u00eda de Ju\u00e1rez Toledo, cerraron una c\u00e1psula del tiempo; adem\u00e1s, se deposit\u00f3 una ofrenda floral en la estatua de Cuauht\u00e9moc; asimismo, se devel\u00f3 una placa y mural conmemorativo al 50 aniversario.<\/p>\n","protected":false},"excerpt":{"rendered":"<p>El Plantel \u201cCuauht\u00e9moc\u201d de la Escuela Preparatoria de la Universidad Aut\u00f3noma del Estado de M\u00e9xico (UAEM\u00e9x), conocido como Prepa 3, es un espacio emblem\u00e1tico en Toluca, que en este medio siglo ha aportado en todos los \u00e1mbitos de la vida universitaria y de la vida p\u00fablica de toda la entidad, apunt\u00f3 en representaci\u00f3n del rector de esta casa de estudios, Carlos Eduardo Barrera D\u00edaz, el secretario de Docencia, Jos\u00e9 Raymundo Marcial Romero, al encabezar la ceremonia conmemorativa al 50 aniversario del Plantel.<\/p>\n","protected":false},"author":3,"featured_media":597027,"comment_status":"open","ping_status":"open","sticky":false,"template":"","format":"standard","meta":{"_monsterinsights_skip_tracking":false,"_monsterinsights_sitenote_active":false,"_monsterinsights_sitenote_note":"","_monsterinsights_sitenote_category":0,"footnotes":""},"categories":[5],"tags":[43675,97460,452,67878],"class_list":["post-596968","post","type-post","status-publish","format-standard","has-post-thumbnail","hentry","category-estado-de-mexico","tag-estado-de-mexico","tag-prestigio","tag-toluca","tag-uaemex"],"_links":{"self":[{"href":"https:\/\/www.diarioimagen.net\/index.php?rest_route=\/wp\/v2\/posts\/596968","targetHints":{"allow":["GET"]}}],"collection":[{"href":"https:\/\/www.diarioimagen.net\/index.php?rest_route=\/wp\/v2\/posts"}],"about":[{"href":"https:\/\/www.diarioimagen.net\/index.php?rest_route=\/wp\/v2\/types\/post"}],"author":[{"embeddable":true,"href":"https:\/\/www.diarioimagen.net\/index.php?rest_route=\/wp\/v2\/users\/3"}],"replies":[{"embeddable":true,"href":"https:\/\/www.diarioimagen.net\/index.php?rest_route=%2Fwp%2Fv2%2Fcomments&post=596968"}],"version-history":[{"count":0,"href":"https:\/\/www.diarioimagen.net\/index.php?rest_route=\/wp\/v2\/posts\/596968\/revisions"}],"wp:featuredmedia":[{"embeddable":true,"href":"https:\/\/www.diarioimagen.net\/index.php?rest_route=\/wp\/v2\/media\/597027"}],"wp:attachment":[{"href":"https:\/\/www.diarioimagen.net\/index.php?rest_route=%2Fwp%2Fv2%2Fmedia&parent=596968"}],"wp:term":[{"taxonomy":"category","embeddable":true,"href":"https:\/\/www.diarioimagen.net\/index.php?rest_route=%2Fwp%2Fv2%2Fcategories&post=596968"},{"taxonomy":"post_tag","embeddable":true,"href":"https:\/\/www.diarioimagen.net\/index.php?rest_route=%2Fwp%2Fv2%2Ftags&post=596968"}],"curies":[{"name":"wp","href":"https:\/\/api.w.org\/{rel}","templated":true}]}}