{"id":596972,"date":"2023-09-28T00:03:44","date_gmt":"2023-09-28T06:03:44","guid":{"rendered":"https:\/\/www.diarioimagen.net\/?p=596972"},"modified":"2023-09-28T00:59:05","modified_gmt":"2023-09-28T06:59:05","slug":"promueven-la-lectura-durante-el-martes-ciudadano-en-naucalpan","status":"publish","type":"post","link":"https:\/\/www.diarioimagen.net\/?p=596972","title":{"rendered":"Promueven la lectura durante el \u201cMartes ciudadano\u201d en Naucalpan"},"content":{"rendered":"<p>&nbsp;<\/p>\n<ul>\n<li><em><strong>Programa Dona un libro, toma un libro<\/strong><\/em><\/li>\n<\/ul>\n<p>&nbsp;<\/p>\n<div id=\"attachment_597048\" style=\"width: 470px\" class=\"wp-caption aligncenter\"><a href=\"https:\/\/www.diarioimagen.net\/?attachment_id=597048\" rel=\"attachment wp-att-597048\"><img loading=\"lazy\" decoding=\"async\" aria-describedby=\"caption-attachment-597048\" class=\"size-full wp-image-597048\" src=\"https:\/\/www.diarioimagen.net\/wp-content\/uploads\/2023\/09\/promueven-lectura.jpg\" alt=\"\" width=\"460\" height=\"270\" \/><\/a><p id=\"caption-attachment-597048\" class=\"wp-caption-text\">El programa \u201cMartes Ciudadano\u201d inici\u00f3 en mayo en la explanada municipal y desde entonces recorre las comunidades de Naucalpan para escuchar peticiones ciudadanas.<\/p><\/div>\n<p>&nbsp;<\/p>\n<p><strong>Naucalpan, Estado de M\u00e9xico.\u2014<\/strong> M\u00e1s de 500 libros han pasado de unas manos a otras en el \u201cMartes Ciudadano\u201d con el programa Dona un libro, toma un libro, implementado por la Direcci\u00f3n General de Cultura y Educaci\u00f3n del gobierno municipal para promover la lectura entre los naucalpenses. \u201cMuchas personas lo agradecer\u00e1n\u201d, dijo Nayeli Cisneros Garc\u00eda, subdirectora de Educaci\u00f3n, a Nayeli Salas Oropeza, habitante del fraccionamiento Lomas de Las Fuentes, quien don\u00f3 33 libros durante el \u2018Martes Ciudadano\u2019, efectuado en esta comunidad.<\/p>\n<p>Maricela Origel Garc\u00eda, habitante de Lomas Verdes Cuarta Secci\u00f3n, don\u00f3 alrededor de 30 libros de diversos autores, entre ellos Octavio Paz, en tanto que Graciela Ornelas Ram\u00edrez, de Lomas de Las Fuentes, aport\u00f3 siete ejemplares.<\/p>\n<p>\u201cTenemos much\u00edsimos libros muy buenos, muy importantes, de escritores muy famosos; pues, bueno, mis hijos ya crecieron y se los quiero donar a personas que realmente les interese leer y que les guste, y que sea para bien de todos. Entonces me da mucho gusto\u201d, expres\u00f3 Origel Garc\u00eda.<\/p>\n<p>Leticia Buitr\u00f3n, directora general de Cultura y Educaci\u00f3n de Naucalpan, afirm\u00f3 que una de las l\u00edneas de acci\u00f3n de la alcaldesa Ang\u00e9lica Moya es generar redes ciudadanas y una forma de hacerlo es promover la lectura. \u201cCada \u2018Martes Ciudadano\u2019 las personas se vuelcan para apoyarnos con sus libros, esto se mantiene de la donaci\u00f3n de la ciudadan\u00eda, no se hace ninguna adquisici\u00f3n, no se hace absolutamente nada, es un programa totalmente ciudadano\u201d, agreg\u00f3.<\/p>\n<p><em>Oficio de Tinieblas<\/em>, de Rosario Castellanos; <em>El Principito<\/em>, de Antoine de Saint-Exup\u00e9ry; <em>Viaje al Centro de la Tierra<\/em>, de Julio Verne; <em>Los Tres Mosqueteros<\/em>, de Alejandro Dumas; <em>Insectos, un mundo peque\u00f1o<\/em>, de Claire Llewellyn y Chris Forsey, as\u00ed como <em>Lo mejor de Octavio Paz<\/em>, del propio autor, son algunos de los ejemplares que han pasado por el \u201cMartes Ciudadano\u201d\u2019.<\/p>\n<p>El programa \u201cMartes Ciudadano\u201d inici\u00f3 el pasado 9 de mayo en la explanada municipal y desde entonces recorre las comunidades de Naucalpan para escuchar y dar respuesta a las peticiones ciudadanas, as\u00ed como ofrecer servicios de vacunaci\u00f3n antirr\u00e1bica de mascotas, corte de pelo, atenci\u00f3n m\u00e9dica y otros, entre ellos, el citado programa Dona un libro, toma un libro.<\/p>\n","protected":false},"excerpt":{"rendered":"<p>M\u00e1s de 500 libros han pasado de unas manos a otras en el \u201cMartes Ciudadano\u201d con el programa Dona un libro, toma un libro, implementado por la Direcci\u00f3n General de Cultura y Educaci\u00f3n del gobierno municipal para promover la lectura entre los naucalpenses. \u201cMuchas personas lo agradecer\u00e1n\u201d, dijo Nayeli Cisneros Garc\u00eda, subdirectora de Educaci\u00f3n, a Nayeli Salas Oropeza, habitante del fraccionamiento Lomas de Las Fuentes, quien don\u00f3 33 libros durante el \u2018Martes Ciudadano\u2019, efectuado en esta comunidad.<\/p>\n","protected":false},"author":3,"featured_media":597048,"comment_status":"open","ping_status":"open","sticky":false,"template":"","format":"standard","meta":{"_monsterinsights_skip_tracking":false,"_monsterinsights_sitenote_active":false,"_monsterinsights_sitenote_note":"","_monsterinsights_sitenote_category":0,"footnotes":""},"categories":[5],"tags":[43675,98661,970],"class_list":["post-596972","post","type-post","status-publish","format-standard","has-post-thumbnail","hentry","category-estado-de-mexico","tag-estado-de-mexico","tag-martes-ciudadanmo","tag-naucalpan"],"_links":{"self":[{"href":"https:\/\/www.diarioimagen.net\/index.php?rest_route=\/wp\/v2\/posts\/596972","targetHints":{"allow":["GET"]}}],"collection":[{"href":"https:\/\/www.diarioimagen.net\/index.php?rest_route=\/wp\/v2\/posts"}],"about":[{"href":"https:\/\/www.diarioimagen.net\/index.php?rest_route=\/wp\/v2\/types\/post"}],"author":[{"embeddable":true,"href":"https:\/\/www.diarioimagen.net\/index.php?rest_route=\/wp\/v2\/users\/3"}],"replies":[{"embeddable":true,"href":"https:\/\/www.diarioimagen.net\/index.php?rest_route=%2Fwp%2Fv2%2Fcomments&post=596972"}],"version-history":[{"count":0,"href":"https:\/\/www.diarioimagen.net\/index.php?rest_route=\/wp\/v2\/posts\/596972\/revisions"}],"wp:featuredmedia":[{"embeddable":true,"href":"https:\/\/www.diarioimagen.net\/index.php?rest_route=\/wp\/v2\/media\/597048"}],"wp:attachment":[{"href":"https:\/\/www.diarioimagen.net\/index.php?rest_route=%2Fwp%2Fv2%2Fmedia&parent=596972"}],"wp:term":[{"taxonomy":"category","embeddable":true,"href":"https:\/\/www.diarioimagen.net\/index.php?rest_route=%2Fwp%2Fv2%2Fcategories&post=596972"},{"taxonomy":"post_tag","embeddable":true,"href":"https:\/\/www.diarioimagen.net\/index.php?rest_route=%2Fwp%2Fv2%2Ftags&post=596972"}],"curies":[{"name":"wp","href":"https:\/\/api.w.org\/{rel}","templated":true}]}}