{"id":597107,"date":"2023-09-29T00:01:10","date_gmt":"2023-09-29T06:01:10","guid":{"rendered":"https:\/\/www.diarioimagen.net\/?p=597107"},"modified":"2023-09-29T01:49:03","modified_gmt":"2023-09-29T07:49:03","slug":"otorga-suteym-naucalpan-servicios-de-calidad-a-la-ciudadania-asegura-tomas-palomares-parra","status":"publish","type":"post","link":"https:\/\/www.diarioimagen.net\/?p=597107","title":{"rendered":"Otorga SUTEyM-Naucalpan servicios de calidad a la ciudadan\u00eda, asegura Tom\u00e1s Palomares Parra"},"content":{"rendered":"<p>&nbsp;<\/p>\n<ul>\n<li><em><strong>Exhorto a mantener el di\u00e1logo<\/strong><\/em><\/li>\n<\/ul>\n<p><strong>\u00a0<\/strong><\/p>\n<h6>Arturo Baena<\/h6>\n<p>&nbsp;<\/p>\n<div id=\"attachment_597179\" style=\"width: 470px\" class=\"wp-caption aligncenter\"><a href=\"https:\/\/www.diarioimagen.net\/?attachment_id=597179\" rel=\"attachment wp-att-597179\"><img loading=\"lazy\" decoding=\"async\" aria-describedby=\"caption-attachment-597179\" class=\"size-full wp-image-597179\" src=\"https:\/\/www.diarioimagen.net\/wp-content\/uploads\/2023\/09\/otorga-suteym.jpg\" alt=\"\" width=\"460\" height=\"270\" \/><\/a><p id=\"caption-attachment-597179\" class=\"wp-caption-text\">Tom\u00e1s Palomares Parra, secretario general del SUTEyM, secci\u00f3n Naucalpan, pidi\u00f3 cerrar filas\u00a0 en torno a sus delegados sindicales y coordinadores operativos.<\/p><\/div>\n<p>&nbsp;<\/p>\n<p><strong>Naucalpan, Estado de M\u00e9xico.\u2014<\/strong> \u201cNada ni nadie podr\u00e1 quebrantar la gran unidad que caracteriza a la clase trabajadora suteymista de Naucalpan y de ninguna manera bajaremos la guardia para otorgar servicios de calidad a las familias que aqu\u00ed viven, por ello los exhorto a mantener un di\u00e1logo permanente y de respeto con todos y cada uno de los compa\u00f1eros\u201d.<\/p>\n<p>Asegur\u00f3 lo anterior, Tom\u00e1s Palomares Parra, secretario general del Sindicato \u00danico de Trabajadores del Estado y sus Municipios (SUTEyM), secci\u00f3n Naucalpan, durante una jornada con trabajadores de servicios p\u00fablicos del sector Echegaray en donde estuvo acompa\u00f1ado de los ex l\u00edderes emblem\u00e1ticos de esa organizaci\u00f3n, Juanita y David Parra S\u00e1nchez.<\/p>\n<p>Pidi\u00f3 respaldar a sus delegados sindicales y coordinadores operativos con el prop\u00f3sito de cerrar filas en torno a quienes son \u201clos brazos extensivos de la organizaci\u00f3n en este sector\u201d.<\/p>\n<p>El l\u00edder del SUTEyM, secci\u00f3n Naucalpan, valor\u00f3 la confianza que han depositado en \u00e9l al frente de la dirigencia e insisti\u00f3 en que para seguir demostrando que en ese municipio se otorgan los mejores servidores p\u00fablicos que hay en el Estado de M\u00e9xico.<\/p>\n<p>Por otra parte, Tom\u00e1s Palomares refrend\u00f3 el compromiso de la clase trabajadora naucalpense al dirigente m\u00e1ximo del SUTEyM en el Estado de M\u00e9xico, Herminio Cahue Calder\u00f3n, por las acciones y decisiones en favor de los suteymistas no s\u00f3lo de Naucalpan, sino del Estado de M\u00e9xico, dijo.<\/p>\n<p>Enfatiz\u00f3 adem\u00e1s que tampoco se dejen llevar por quienes vienen generando la incertidumbre, y la desconfianza de los propios agremiados para descalificar las leg\u00edtimas posiciones ganadas por el sindicato a trav\u00e9s del tiempo y que les ha permitido tener mayor fortaleza en el trabajo operativo.<\/p>\n<p>Finalmente, reiter\u00f3 que pese a todo \u201clas cosas van bien, van avanzando y recuperando prestaciones que son para nosotros, una enorme prioridad\u201d.<\/p>\n","protected":false},"excerpt":{"rendered":"<p>\u201cNada ni nadie podr\u00e1 quebrantar la gran unidad que caracteriza a la clase trabajadora suteymista de Naucalpan y de ninguna manera bajaremos la guardia para otorgar servicios de calidad a las familias que aqu\u00ed viven, por ello los exhorto a mantener un di\u00e1logo permanente y de respeto con todos y cada uno de los compa\u00f1eros\u201d.<\/p>\n","protected":false},"author":3,"featured_media":597179,"comment_status":"open","ping_status":"open","sticky":false,"template":"","format":"standard","meta":{"_monsterinsights_skip_tracking":false,"_monsterinsights_sitenote_active":false,"_monsterinsights_sitenote_note":"","_monsterinsights_sitenote_category":0,"footnotes":""},"categories":[5],"tags":[43675,970,56429],"class_list":["post-597107","post","type-post","status-publish","format-standard","has-post-thumbnail","hentry","category-estado-de-mexico","tag-estado-de-mexico","tag-naucalpan","tag-tomas-palomares-parra"],"_links":{"self":[{"href":"https:\/\/www.diarioimagen.net\/index.php?rest_route=\/wp\/v2\/posts\/597107","targetHints":{"allow":["GET"]}}],"collection":[{"href":"https:\/\/www.diarioimagen.net\/index.php?rest_route=\/wp\/v2\/posts"}],"about":[{"href":"https:\/\/www.diarioimagen.net\/index.php?rest_route=\/wp\/v2\/types\/post"}],"author":[{"embeddable":true,"href":"https:\/\/www.diarioimagen.net\/index.php?rest_route=\/wp\/v2\/users\/3"}],"replies":[{"embeddable":true,"href":"https:\/\/www.diarioimagen.net\/index.php?rest_route=%2Fwp%2Fv2%2Fcomments&post=597107"}],"version-history":[{"count":0,"href":"https:\/\/www.diarioimagen.net\/index.php?rest_route=\/wp\/v2\/posts\/597107\/revisions"}],"wp:featuredmedia":[{"embeddable":true,"href":"https:\/\/www.diarioimagen.net\/index.php?rest_route=\/wp\/v2\/media\/597179"}],"wp:attachment":[{"href":"https:\/\/www.diarioimagen.net\/index.php?rest_route=%2Fwp%2Fv2%2Fmedia&parent=597107"}],"wp:term":[{"taxonomy":"category","embeddable":true,"href":"https:\/\/www.diarioimagen.net\/index.php?rest_route=%2Fwp%2Fv2%2Fcategories&post=597107"},{"taxonomy":"post_tag","embeddable":true,"href":"https:\/\/www.diarioimagen.net\/index.php?rest_route=%2Fwp%2Fv2%2Ftags&post=597107"}],"curies":[{"name":"wp","href":"https:\/\/api.w.org\/{rel}","templated":true}]}}