{"id":597214,"date":"2023-09-29T00:11:39","date_gmt":"2023-09-29T06:11:39","guid":{"rendered":"https:\/\/www.diarioimagen.net\/?p=597214"},"modified":"2023-09-29T02:27:03","modified_gmt":"2023-09-29T08:27:03","slug":"ayotzinapa-amlo-mas-oscuro-que-epn","status":"publish","type":"post","link":"https:\/\/www.diarioimagen.net\/?p=597214","title":{"rendered":"Ayotzinapa: AMLO, m\u00e1s oscuro que EPN"},"content":{"rendered":"<h2>\u00cdndice pol\u00edtico<\/h2>\n<h5>Francisco Rodr\u00edguez<strong>\u00a0<\/strong><\/h5>\n<p>&nbsp;<\/p>\n<p>De la relator\u00eda, apenas presentada por la Cuarta Transformaci\u00f3n, sobre el caso Ayotzinapa s\u00f3lo queda algo en claro\u2026<\/p>\n<p>\u2026que, otra vez, <strong>Andr\u00e9s Manuel L\u00f3pez Obrador<\/strong> fue literal y nada subterfugiamente amenazado por el pol\u00e9mico general <strong>Luis Cresencio Sandoval<\/strong>, de retirar a sus tropas de todas las tareas que el de Macuspana le ha encargado, la de la seguridad p\u00fablica incluida, si las fuerzas armadas contin\u00faan en el ojo del hurac\u00e1n por la <strong>indudable participaci\u00f3n<\/strong> de algunos de sus elementos, de todos los rangos, en el crimen organizado y en aquella salvaje noche de Iguala.<\/p>\n<p>A esas intimidaciones militares a AMLO obedeci\u00f3 el desayuno en Palacio Nacional el 15 de agosto de 2022 al que asistieron el propio Presidente de la Rep\u00fablica, el secretario de Gobernaci\u00f3n, <strong>Ad\u00e1n Augusto L\u00f3pez<\/strong>, el ministro presidente de la Suprema Corte de Justicia de la Naci\u00f3n <strong>Arturo Zald\u00edvar<\/strong>, y el subsecretario de Derechos Humanos, <strong>Alejandro Encinas<\/strong>, para \u2014una vez m\u00e1s\u2014 ocultar los hechos de aquella tormentosa noche del 26 al 27 de septiembre de 2014, de acuerdo al ex fiscal especial Omar G\u00f3mez Trejo en entrevista para <strong>John Gibler<\/strong>, de <strong><em>Quinto Elemento Lab<\/em><\/strong>.<\/p>\n<p>Reuni\u00f3n para volver a tergiversar la realidad, no obstante que AMLO ha dicho desde su m\u00e1s reciente campa\u00f1a presidencial y repetido una y otra y otra vez en sus matin\u00e9s palaciegas su compromiso de revelar la verdad de aquellos tr\u00e1gicos hechos.<\/p>\n<p>Pero AMLO ha resultado ya m\u00e1s oscuro que su antecesor Enrique Pe\u00f1a por las muchas presiones que recibe, seg\u00fan ha confesado \u00e9l mismo.<\/p>\n<p style=\"text-align: center;\"><strong>Iguala, Ayotzinapa, Chicago y \u201cla chiva\u201d<\/strong><\/p>\n<p><strong>\u00a0<\/strong>Hace unos d\u00edas, en la anterior entrega de este <strong>\u00cdndice Pol\u00edtico<\/strong>, le coment\u00e9 que AMLO les seguir\u00e1 fallando a los familiares de las v\u00edctimas y a la sociedad entera \u201chasta que no salga a relucir oficialmente el <strong><em>leit motiv<\/em><\/strong> de la sa\u00f1a con la que asesinaron y desaparecieron los cad\u00e1veres de \u2018los 43\u2019: Y este no es otro que el de los 83 kilogramos de droga que reclaman los integrantes del grupo delincuencial de <strong><em>Los Rojos<\/em><\/strong>.<\/p>\n<p>No est\u00e1 de m\u00e1s, por ello, lo que tambi\u00e9n aqu\u00ed compart\u00ed con usted el 8 de septiembre de 2015:<\/p>\n<p>Que unos d\u00edas despu\u00e9s de que sucediera la \u201cdesaparici\u00f3n\u201d de 43 alumnos de la Escuela Normal Rural de Ayotzinapa, en Iguala, perpetrada por fuerzas oficiales \u2014estatales, municipales y federales\u2014, usted y yo coincidimos aqu\u00ed en catorce cuestiones fundamentales: <strong>Primera<\/strong>. Que la matanza ten\u00eda origen en el trasiego del narcotr\u00e1fico. Esencialmente, por un cargamento de amapola negra \u2014\u201cchiva\u201d, en el <strong><em>slang<\/em><\/strong> de las fuerzas \u201cdel orden\u201d y delincuentes\u2014 que se encontraba en un cami\u00f3n de pasajeros que, supuestamente, los muchachos hab\u00edan secuestrado para trasladarse a la conmemoraci\u00f3n del 2 de octubre en la Ciudad de M\u00e9xico.<\/p>\n<p><strong>Segunda<\/strong>. Que al enterarse del \u201csecuestro de \u2018la chiva\u2019\u201d, los capos regionales, en absoluto acuerdo con los \u201cguardianes del orden\u201d \u2014polic\u00edas y militares desconcertados por lo que pensaron que era un robo\u2014 decidieron verlos como enemigos y liquidarlos.<\/p>\n<p><strong>Tercera<\/strong>. Que el eslab\u00f3n de la cadena de mando hab\u00eda sido el secretario de Seguridad de Iguala, ya desaparecido en extra\u00f1as condiciones \u2014se cree que fue eliminado o \u201cabatido\u201d, ahora en el slang de las autoridades sin autoridad\u2014, dependiente de <strong>Jos\u00e9 Luis Abarca<\/strong> y su esposa, hoy detenidos sin haber declarado una tilde ni un punto, mucho menos una jota, junto con 200 \u201csospechosos e implicados\u201d.\u00a0 <strong>Cuarta<\/strong>. Que el asunto fue del amplio conocimiento del \u201cgobernador\u201d de Guerrero, en esa \u00e9poca, <strong>\u00c1ngel Heladio Aguirre<\/strong>, extra\u00f1amente libre de polvo y paja, a qui\u00e9n aceptaron su renuncia sin haberlo implicado jam\u00e1s en los hechos de los que no hay duda fue corresponsable.<\/p>\n<p><strong>Quinta<\/strong>. Que las autoridades de la PGR, al mando del \u201ccansado\u201d <strong>Jes\u00fas Murillo Karam<\/strong>, jam\u00e1s fueron capaces de armar un s\u00f3lo expediente de averiguaci\u00f3n por incompetencia manifiesta, lo que resultaba altamente sospechoso.<\/p>\n<p><strong>Sexta<\/strong>. Que la \u201cverdad hist\u00f3rica\u201d de Murillo sobre la incineraci\u00f3n de los cuerpos en el tiradero de basura de Cocula era s\u00f3lo una distracci\u00f3n para ganar tiempo, toda vez que era material y f\u00edsicamente imposible no dejar una sola huella de algo que se hubiera convertido en un desastre forestal.<\/p>\n<p><strong>S\u00e9ptima<\/strong>. Que los restos de los cuerpos enviados al laboratorio de Innsbruck, Austria, para realizar las pruebas de ADN era material insuficiente para un estudio serio de los posibles cad\u00e1veres, cuyos cuerpos en vida posiblemente hubieran sido echados al mar o incinerados en otros hornos \u201cespeciales\u201d. Nadie hizo caso. Todos se hicieron de la \u201cvista gorda\u201d.<\/p>\n<p style=\"text-align: center;\"><strong>Militares, polic\u00edas, delincuentes y pol\u00edticos<\/strong><\/p>\n<p><strong>Octava<\/strong>. Que, en el trasiego de amapola negra, por su valor y cuant\u00eda, estaban involucrados los grandes c\u00e1rteles y capos mafiosos estadounidenses que tomaban a los capos regionales de La Monta\u00f1a y Tierra Caliente de Guerrero, como simples operadores, sin derecho a voz ni a voto.<\/p>\n<p><strong>Novena<\/strong>. Que los aparatos gubernamentales, helic\u00f3pteros y aviones del Estado y de algunos funcionarios federales, estaban al servicio de ese negocio, que dejaba \u2014antes de \u201ccalentarse la plaza\u201d\u2014, varios miles de millones de d\u00f3lares al mes.<\/p>\n<p><strong>D\u00e9cima<\/strong>. Que la apat\u00eda del gobierno federal, consistente en abstenerse de intervenir en lo que llamaron \u201cun asunto local\u201d, iba a prender la mecha, hasta lograr que el caso se convirtiera en un delito de lesa humanidad, atribuible por todas las Cortes del mundo al gobierno mexicano.<\/p>\n<p><strong>Decimoprimera<\/strong>. Que Pe\u00f1a Nieto deb\u00eda cancelar su gira de negocios a China para hacer frente a una situaci\u00f3n que estaba a punto de estallar. Cuando se dign\u00f3 a hacerlo, s\u00f3lo reg\u00f3 el tepache y complic\u00f3 m\u00e1s el enredo.<\/p>\n<p><strong>Decimosegunda<\/strong>. Que los participantes en la tragedia, v\u00edctimas y victimarios, formaban parte de la misma operaci\u00f3n, pues desde tiempos ancestrales se sab\u00eda que, en La Monta\u00f1a de Guerrero, los normalistas de Ayotzinapa hab\u00edan convivido con los \u201cburros\u201d del trasiego, orillados por el desamparo y la miseria en la que viven. <strong>Decimotercera.<\/strong> Que era necesario aplicar la ley hasta sus \u00faltimas consecuencias, so pena de verse rebasado, hasta que el macabro crimen se convirtiera en la tragedia sexenal, que marcar\u00eda para siempre el sexenio de Pe\u00f1a Nieto.<\/p>\n<p><strong>Decimocuarta<\/strong>. Que la aprehensi\u00f3n de los esposos Abarca se convirti\u00f3 en una necesidad de Estado, para poder tapar el sol con un dedo y hasta montaron una escenograf\u00eda televisiva \u2014tipo <strong>Genaro Garc\u00eda Luna<\/strong>, \u201cel polic\u00eda de titanio\u201d, jejeje\u2014, para que todos \u201cdesquitaran la chuleta\u201d.<\/p>\n<p>Todos se hicieron de la \u201cvista gorda\u201d o que \u201cla virgen les hablaba\u201d.\u00a0 Y lo que ten\u00eda que pasar, pas\u00f3. Dejaron madurar el asunto, hasta que se convirti\u00f3 en una papa caliente que ya nadie pudo cachar.<\/p>\n<p>El Estado mexicano qued\u00f3 exhibido ante el mundo como el campe\u00f3n de la corrupci\u00f3n, de la indolencia, de la mendacidad y del terror.<\/p>\n<p>Hoy, tras \u201cla relator\u00eda\u201d presentada por el gobierno de AMLO, hasta los grandes depredadores del universo vuelven a indignarse.<\/p>\n<p>\u00a1Y con raz\u00f3n!<\/p>\n<p>\u00bfNo cree usted?<\/p>\n<p style=\"text-align: center;\"><strong>Indicios<\/strong><\/p>\n<p>Tan s\u00f3lo para nueve candidaturas a gubernaturas estatales, Morena inscribi\u00f3 a 285 aspirantes. \u201cCivilizados\u201d como son los cuatroteros (jejeje) la feria de patadas bajo y sobre la mesa arranc\u00f3 de inmediato y no por parte de los opositores, sino al seno del Movimiento de L\u00f3pez Obrador. En CDMX, dos de los m\u00e1s mencionados, <strong>Omar Garc\u00eda Harfuch<\/strong> y <strong>Hugo L\u00f3pez-Gatell<\/strong> est\u00e1n bajo la metralla \u201camiga\u201d. El fusilamiento casi fatal del polic\u00eda lo orden\u00f3 el mism\u00edsimo AMLO y fue Alejandro Encinas quien pronunci\u00f3 el \u201cpreparen, apunten\u2026\u201d, al confirmar que el ex intendente policiaco de la capital nacional estuvo presente en los aquelarres donde supuestamente se arm\u00f3 la llamada \u201cverdad hist\u00f3rica\u201d de Ayotzinapa. Al <strong><em>doctor muerte<\/em><\/strong> lo han dejado KO los memes, caricaturas, y posts en redes sociales que los moneros de <strong><em>La Jornada<\/em><\/strong> iniciaron junto con sus <em>bots<\/em>, tambi\u00e9n por \u201csugerencia\u201d de usted ya sabe qui\u00e9n\u2026 En Veracruz, mientras tanto, la todav\u00eda secretaria de Energ\u00eda y aspirante a ocupar el Palacio de Gobierno de Xalapa, <strong>Roc\u00edo Nahle,<\/strong> es atacada presuntamente por el ex presidente de la C\u00e1mara de Diputados federal, <strong>Sergio P\u00e9rez<\/strong>, por ser oriunda de Zacatecas y no de la entidad que pretende gobernar, como mandata la Constituci\u00f3n local. El secretario del Gobierno de <strong>Cuitl\u00e1huac Garc\u00eda<\/strong>, <strong>Eric <em>Bola Ocho<\/em> Cisneros,<\/strong> tambi\u00e9n recibe cr\u00edticas por su desmedido gasto en promoci\u00f3n a trav\u00e9s de espectaculares y por su largo desarraigo, pues ha pasado la mayor parte de su existencia en Baja California Sur. Y hasta el ex delegado del Bienestar (?) <strong>Manuel Huerta<\/strong> es exhibido en redes por la orde\u00f1a de recursos de cuando menos un par de mensualidades de las tarjetas que se entregan a los adultos mayores para el cobro de sus pensiones, lo que supuestamente llev\u00f3 a cabo durante los \u00faltimos cinco a\u00f1os\u2026 Y as\u00ed, por el estilo, en las otras siete entidades. \u00a1Todos se exhiben unos a otros! * * * Desde el 25 de septiembre el Tribunal Electoral del Poder Judicial de la Federaci\u00f3n dio entrada a la demanda de juicio que para proteger sus derechos pol\u00edtico-electorales present\u00f3 <strong>Marcelo Ebrard<\/strong>, ante la dilaci\u00f3n de la Comisi\u00f3n de Honestidad (?) de Morena para resolver sus muchas quejas sobre el proceso en el que result\u00f3 \u201cdestapada\u201d por la gracia del dedo de L\u00f3pez Obrador la \u201ccorcholata\u201d <strong>Claudia Sheinbaum<\/strong>. * * * Por cierto que ya sali\u00f3 el peine de la propaganda de la ex jefa del gobierno de la capital nacional en Times Square. Iniciar\u00e1 campa\u00f1a en los Estados Unidos. * * * Mi m\u00e1s sincero p\u00e9same al colega y gran amigo <strong>H\u00e9ctor Moctezuma de Le\u00f3n<\/strong> por el fallecimiento de su hermano <strong>Guillermo<\/strong>, acaecido la ma\u00f1ana de este jueves 28 en Tampico, Tamaulipas. \u00a1Abrazote solidario, <strong><em>Don Ettore<\/em><\/strong>! * * * Y por hoy es todo. Le deseo, como siempre, \u00a1buenas gracias y muchos, muchos d\u00edas!<\/p>\n<p><em><u><a href=\"http:\/\/www.indicepolitico.com\" target=\"_blank\" rel=\"noopener noreferrer\">www.indicepolitico.com<\/a><\/u><u><br \/>\n<\/u><a href=\"mailto:indicepolitico@gmail.com\" target=\"_blank\" rel=\"noopener noreferrer\">indicepolitico@gmail.com<\/a><\/em><br \/>\n<em><a href=\"https:\/\/twitter.com\/indicepolitico?lang=es\" target=\"_blank\" rel=\"noopener noreferrer\">@IndicePolitico<\/a><\/em><br \/>\n<em><u><a href=\"https:\/\/twitter.com\/pacorodriguez\" target=\"_blank\" rel=\"noopener noreferrer\">@pacorodriguez<\/a><\/u><\/em><\/p>\n","protected":false},"excerpt":{"rendered":"<p><span style=\"color: #005497;\"><strong>Francisco Rodr\u00edguez<\/strong><\/span><\/p>\n","protected":false},"author":3,"featured_media":0,"comment_status":"open","ping_status":"open","sticky":false,"template":"","format":"standard","meta":{"_monsterinsights_skip_tracking":false,"_monsterinsights_sitenote_active":false,"_monsterinsights_sitenote_note":"","_monsterinsights_sitenote_category":0,"footnotes":""},"categories":[549],"tags":[43689,550,43674],"class_list":["post-597214","post","type-post","status-publish","format-standard","hentry","category-francisco-rodriguez","tag-francisco-rodriguez","tag-indice-politico","tag-opinion"],"_links":{"self":[{"href":"https:\/\/www.diarioimagen.net\/index.php?rest_route=\/wp\/v2\/posts\/597214","targetHints":{"allow":["GET"]}}],"collection":[{"href":"https:\/\/www.diarioimagen.net\/index.php?rest_route=\/wp\/v2\/posts"}],"about":[{"href":"https:\/\/www.diarioimagen.net\/index.php?rest_route=\/wp\/v2\/types\/post"}],"author":[{"embeddable":true,"href":"https:\/\/www.diarioimagen.net\/index.php?rest_route=\/wp\/v2\/users\/3"}],"replies":[{"embeddable":true,"href":"https:\/\/www.diarioimagen.net\/index.php?rest_route=%2Fwp%2Fv2%2Fcomments&post=597214"}],"version-history":[{"count":0,"href":"https:\/\/www.diarioimagen.net\/index.php?rest_route=\/wp\/v2\/posts\/597214\/revisions"}],"wp:attachment":[{"href":"https:\/\/www.diarioimagen.net\/index.php?rest_route=%2Fwp%2Fv2%2Fmedia&parent=597214"}],"wp:term":[{"taxonomy":"category","embeddable":true,"href":"https:\/\/www.diarioimagen.net\/index.php?rest_route=%2Fwp%2Fv2%2Fcategories&post=597214"},{"taxonomy":"post_tag","embeddable":true,"href":"https:\/\/www.diarioimagen.net\/index.php?rest_route=%2Fwp%2Fv2%2Ftags&post=597214"}],"curies":[{"name":"wp","href":"https:\/\/api.w.org\/{rel}","templated":true}]}}