{"id":597273,"date":"2023-10-02T00:01:33","date_gmt":"2023-10-02T06:01:33","guid":{"rendered":"https:\/\/www.diarioimagen.net\/?p=597273"},"modified":"2023-10-01T23:37:14","modified_gmt":"2023-10-02T05:37:14","slug":"impulsa-el-gobierno-de-cuautitlan-izcalli-desarrollo-economico-local-dice-karla-fiesco-garcia","status":"publish","type":"post","link":"https:\/\/www.diarioimagen.net\/?p=597273","title":{"rendered":"Impulsa el gobierno de Cuautitl\u00e1n Izcalli desarrollo econ\u00f3mico local, dice Karla Fiesco Garc\u00eda"},"content":{"rendered":"<p>&nbsp;<\/p>\n<ul>\n<li><em><strong>Comunicaci\u00f3n con el sector empresarial<\/strong><\/em><\/li>\n<\/ul>\n<p>&nbsp;<\/p>\n<div id=\"attachment_597327\" style=\"width: 470px\" class=\"wp-caption aligncenter\"><a href=\"https:\/\/www.diarioimagen.net\/?attachment_id=597327\" rel=\"attachment wp-att-597327\"><img loading=\"lazy\" decoding=\"async\" aria-describedby=\"caption-attachment-597327\" class=\"size-full wp-image-597327\" src=\"https:\/\/www.diarioimagen.net\/wp-content\/uploads\/2023\/10\/impulsa-gobierno.jpg\" alt=\"\" width=\"460\" height=\"270\" \/><\/a><p id=\"caption-attachment-597327\" class=\"wp-caption-text\">La alcaldesa Karla Fiesco Garc\u00eda, junto con la secretaria de Desarrollo Econ\u00f3mico del gobierno estatal, Laura Gonz\u00e1lez, titulares de diversas \u00e1reas del Ayuntamiento, diputados y diputadas, participaron en la novena Sesi\u00f3n Empresarial y de Negocios organizada por Coparmex.<\/p><\/div>\n<p>&nbsp;<\/p>\n<p><strong>Cuautitl\u00e1n Izcalli, Estado de M\u00e9xico.\u2014<\/strong> Con el objetivo de mejorar y fortalecer la comunicaci\u00f3n con el sector empresarial de Cuautitl\u00e1n Izcalli, la presidenta municipal Karla Fiesco Garc\u00eda, junto con la secretaria de Desarrollo Econ\u00f3mico del Gobierno del Estado de M\u00e9xico, Laura Gonz\u00e1lez Hern\u00e1ndez, titulares de diversas \u00e1reas del Ayuntamiento, diputados y diputadas participaron en la novena Sesi\u00f3n Empresarial y de Negocios organizada por Coparmex Metropolitano del Estado de M\u00e9xico.<\/p>\n<p>De esta forma, la alcaldesa Karla Fiesco agradeci\u00f3 e invit\u00f3 a los presentes a sentir a Cuautitl\u00e1n Izcalli como un aliado para un mayor desarrollo del municipio y el estado, as\u00ed como reforzar la inclusi\u00f3n dentro de las dependencias que apoyan a este sector. \u201cDesde el \u00e1mbito municipal, estatal y federal de la mano con la iniciativa privada podremos fortalecer la econom\u00eda\u201d, dijo.<\/p>\n<p>La secretaria de Desarrollo Econ\u00f3mico del Estado de M\u00e9xico, Laura Gonz\u00e1lez Hern\u00e1ndez, destac\u00f3 que esta reuni\u00f3n es uno de sus primeros eventos como secretaria y resalt\u00f3 la gesti\u00f3n de la alcaldesa Karla Fiesco, debido al trabajo constante para llegar a ser la quinta econom\u00eda del Estado de M\u00e9xico, lo que refleja la confianza del Gobierno del Estado en la administraci\u00f3n local. Durante esta sesi\u00f3n, la presidenta del Sistema Municipal DIF, Jessica Villase\u00f1or Garc\u00eda, el comisario de Seguridad Ciudadana, Marco Antonio Mena Dom\u00ednguez, y los titulares de Desarrollo Econ\u00f3mico y Servicios P\u00fablicos, Ely Quintana Becerril y Carlos Sald\u00edvar Gonz\u00e1lez, respectivamente, presentaron los servicios que realizan sus \u00e1reas, as\u00ed como Mavici, Obras P\u00fablicas, Sustentabilidad y Medio Ambiente, Protecci\u00f3n Civil y Bomberos, Operagua, Desarrollo Urbano y Tesorer\u00eda, a fin de detallar las diversas iniciativas y proyectos que se est\u00e1n llevando a cabo en beneficio del sector empresarial y sus colaboradores.<\/p>\n<p>Por otra parte, el presidente de Coparmex Metropolitano, Erick Fernando Cuenca Gurrola destac\u00f3 la importancia que tiene Cuautitl\u00e1n Izcalli a nivel estatal, gracias al desarrollo de centros industriales dentro del municipio logrando as\u00ed grandes inversiones empresariales y mejorando la econom\u00eda.<\/p>\n<p>Asimismo, reconoci\u00f3 a la presidenta municipal por la disminuci\u00f3n de la deuda p\u00fablica en la administraci\u00f3n que ha llevado al crecimiento del municipio.<\/p>\n<p>Finalmente, el gobierno municipal que encabeza Karla Fiesco demuestra el compromiso por trabajar en conjunto con el sector empresarial para impulsar el desarrollo econ\u00f3mico y el bienestar de las y los izcallenses.<\/p>\n","protected":false},"excerpt":{"rendered":"<p>Con el objetivo de mejorar y fortalecer la comunicaci\u00f3n con el sector empresarial de Cuautitl\u00e1n Izcalli, la presidenta municipal Karla Fiesco Garc\u00eda, junto con la secretaria de Desarrollo Econ\u00f3mico del Gobierno del Estado de M\u00e9xico, Laura Gonz\u00e1lez Hern\u00e1ndez, titulares de diversas \u00e1reas del Ayuntamiento, diputados y diputadas participaron en la novena Sesi\u00f3n Empresarial y de Negocios organizada por Coparmex Metropolitano del Estado de M\u00e9xico.<\/p>\n","protected":false},"author":3,"featured_media":597327,"comment_status":"open","ping_status":"open","sticky":false,"template":"","format":"standard","meta":{"_monsterinsights_skip_tracking":false,"_monsterinsights_sitenote_active":false,"_monsterinsights_sitenote_note":"","_monsterinsights_sitenote_category":0,"footnotes":""},"categories":[5],"tags":[971,43675,93011],"class_list":["post-597273","post","type-post","status-publish","format-standard","has-post-thumbnail","hentry","category-estado-de-mexico","tag-cuautitlan-izcalli","tag-estado-de-mexico","tag-karla-fiesco-garcia"],"_links":{"self":[{"href":"https:\/\/www.diarioimagen.net\/index.php?rest_route=\/wp\/v2\/posts\/597273","targetHints":{"allow":["GET"]}}],"collection":[{"href":"https:\/\/www.diarioimagen.net\/index.php?rest_route=\/wp\/v2\/posts"}],"about":[{"href":"https:\/\/www.diarioimagen.net\/index.php?rest_route=\/wp\/v2\/types\/post"}],"author":[{"embeddable":true,"href":"https:\/\/www.diarioimagen.net\/index.php?rest_route=\/wp\/v2\/users\/3"}],"replies":[{"embeddable":true,"href":"https:\/\/www.diarioimagen.net\/index.php?rest_route=%2Fwp%2Fv2%2Fcomments&post=597273"}],"version-history":[{"count":0,"href":"https:\/\/www.diarioimagen.net\/index.php?rest_route=\/wp\/v2\/posts\/597273\/revisions"}],"wp:featuredmedia":[{"embeddable":true,"href":"https:\/\/www.diarioimagen.net\/index.php?rest_route=\/wp\/v2\/media\/597327"}],"wp:attachment":[{"href":"https:\/\/www.diarioimagen.net\/index.php?rest_route=%2Fwp%2Fv2%2Fmedia&parent=597273"}],"wp:term":[{"taxonomy":"category","embeddable":true,"href":"https:\/\/www.diarioimagen.net\/index.php?rest_route=%2Fwp%2Fv2%2Fcategories&post=597273"},{"taxonomy":"post_tag","embeddable":true,"href":"https:\/\/www.diarioimagen.net\/index.php?rest_route=%2Fwp%2Fv2%2Ftags&post=597273"}],"curies":[{"name":"wp","href":"https:\/\/api.w.org\/{rel}","templated":true}]}}