{"id":597275,"date":"2023-10-02T00:03:16","date_gmt":"2023-10-02T06:03:16","guid":{"rendered":"https:\/\/www.diarioimagen.net\/?p=597275"},"modified":"2023-10-01T23:39:06","modified_gmt":"2023-10-02T05:39:06","slug":"ni-division-ni-fractura-al-interior-de-accion-nacional-vargas-del-villar","status":"publish","type":"post","link":"https:\/\/www.diarioimagen.net\/?p=597275","title":{"rendered":"Ni divisi\u00f3n ni fractura al interior de Acci\u00f3n Nacional: Vargas del Villar"},"content":{"rendered":"<p>&nbsp;<\/p>\n<ul>\n<li><em><strong>Niega rivalidad con Anuar Azar<\/strong><\/em><\/li>\n<\/ul>\n<p><strong>\u00a0<\/strong><\/p>\n<h6>Arturo Baena<\/h6>\n<p>&nbsp;<\/p>\n<div id=\"attachment_597331\" style=\"width: 470px\" class=\"wp-caption aligncenter\"><a href=\"https:\/\/www.diarioimagen.net\/?attachment_id=597331\" rel=\"attachment wp-att-597331\"><img loading=\"lazy\" decoding=\"async\" aria-describedby=\"caption-attachment-597331\" class=\"size-full wp-image-597331\" src=\"https:\/\/www.diarioimagen.net\/wp-content\/uploads\/2023\/10\/division-ni-fractura.jpg\" alt=\"\" width=\"460\" height=\"270\" \/><\/a><p id=\"caption-attachment-597331\" class=\"wp-caption-text\">Enrique Vargas del Villar, coordinador de la fracci\u00f3n panista en el Congreso local,\u00a0 niega que haya rivalidad con Anuar Azar.<\/p><\/div>\n<p>&nbsp;<\/p>\n<p><strong>Valle de M\u00e9xico.\u2014<\/strong> Est\u00e1n equivocados aquellos que contin\u00faan difundiendo (en redes sociales) que hay divisi\u00f3n o ruptura al interior del Partido Acci\u00f3n Nacional (PAN), al contrario, la unidad es nuestra fortaleza y, efectivamente, estamos trabajando en una sola l\u00ednea que es M\u00e9xico.<\/p>\n<p>As\u00ed lo asegur\u00f3 en entrevista, el coordinador de la fracci\u00f3n de Acci\u00f3n Nacional en el Congreso local, Enrique Vargas del Villar, luego de asegurar que \u201ces falso que haya rivalidad, ruptura o divisi\u00f3n entre Anuar Azar y este servidor. La oposici\u00f3n utiliza cualquier medio para crear informaciones falsas\u201d, dijo. El tambi\u00e9n aspirante al Senado de la Rep\u00fablica abund\u00f3 que \u201centre el dirigente estatal de nuestro partido y yo, existe mucho respeto y cordialidad, somos amigos y reitero que nos une\u00a0 un solo objetivo, que es devolver la tranquilidad a nuestro pa\u00eds\u201d.<\/p>\n<p>Vargas del Villar puntualiz\u00f3 que \u201caquellos que est\u00e1n creando rumores y noticias falsas, deber\u00edan de estar buscando soluciones a los problemas de inseguridad y pobreza que est\u00e1 padeciendo M\u00e9xico por la ejecuci\u00f3n de malas pol\u00edticas\u201d.<\/p>\n<p>Por otra parte, el legislador panista dijo que ese tipo de noticias que difunden sobre un supuesto pleito interno entre Enrique Vargas y Anuar Azar, carecen de todo fundamento y lo \u00fanico que evidencian en su preocupaci\u00f3n de perder espacios en el 2024. Finalmente, Enrique Vargas reiter\u00f3 que a la alianza entre el PAN, PRI y PRD la quieren fracturar, pero \u201cseguiremos unidos siempre buscando que le vaya bien al pueblo de M\u00e9xico y sus familias\u201d.<\/p>\n","protected":false},"excerpt":{"rendered":"<p>Est\u00e1n equivocados aquellos que contin\u00faan difundiendo (en redes sociales) que hay divisi\u00f3n o ruptura al interior del Partido Acci\u00f3n Nacional (PAN), al contrario, la unidad es nuestra fortaleza y, efectivamente, estamos trabajando en una sola l\u00ednea que es M\u00e9xico.<\/p>\n","protected":false},"author":3,"featured_media":597331,"comment_status":"open","ping_status":"open","sticky":false,"template":"","format":"standard","meta":{"_monsterinsights_skip_tracking":false,"_monsterinsights_sitenote_active":false,"_monsterinsights_sitenote_note":"","_monsterinsights_sitenote_category":0,"footnotes":""},"categories":[5],"tags":[98670,91,34],"class_list":["post-597275","post","type-post","status-publish","format-standard","has-post-thumbnail","hentry","category-estado-de-mexico","tag-divison","tag-pan","tag-valle-de-mexico"],"_links":{"self":[{"href":"https:\/\/www.diarioimagen.net\/index.php?rest_route=\/wp\/v2\/posts\/597275","targetHints":{"allow":["GET"]}}],"collection":[{"href":"https:\/\/www.diarioimagen.net\/index.php?rest_route=\/wp\/v2\/posts"}],"about":[{"href":"https:\/\/www.diarioimagen.net\/index.php?rest_route=\/wp\/v2\/types\/post"}],"author":[{"embeddable":true,"href":"https:\/\/www.diarioimagen.net\/index.php?rest_route=\/wp\/v2\/users\/3"}],"replies":[{"embeddable":true,"href":"https:\/\/www.diarioimagen.net\/index.php?rest_route=%2Fwp%2Fv2%2Fcomments&post=597275"}],"version-history":[{"count":0,"href":"https:\/\/www.diarioimagen.net\/index.php?rest_route=\/wp\/v2\/posts\/597275\/revisions"}],"wp:featuredmedia":[{"embeddable":true,"href":"https:\/\/www.diarioimagen.net\/index.php?rest_route=\/wp\/v2\/media\/597331"}],"wp:attachment":[{"href":"https:\/\/www.diarioimagen.net\/index.php?rest_route=%2Fwp%2Fv2%2Fmedia&parent=597275"}],"wp:term":[{"taxonomy":"category","embeddable":true,"href":"https:\/\/www.diarioimagen.net\/index.php?rest_route=%2Fwp%2Fv2%2Fcategories&post=597275"},{"taxonomy":"post_tag","embeddable":true,"href":"https:\/\/www.diarioimagen.net\/index.php?rest_route=%2Fwp%2Fv2%2Ftags&post=597275"}],"curies":[{"name":"wp","href":"https:\/\/api.w.org\/{rel}","templated":true}]}}