{"id":597279,"date":"2023-10-02T00:02:36","date_gmt":"2023-10-02T06:02:36","guid":{"rendered":"https:\/\/www.diarioimagen.net\/?p=597279"},"modified":"2023-10-01T23:37:54","modified_gmt":"2023-10-02T05:37:54","slug":"no-se-tuvo-conocimiento-de-denuncia-contra-un-funcionario-de-naucalpan","status":"publish","type":"post","link":"https:\/\/www.diarioimagen.net\/?p=597279","title":{"rendered":"No se tuvo conocimiento de denuncia contra un funcionario de Naucalpan"},"content":{"rendered":"<p>&nbsp;<\/p>\n<ul>\n<li><em><strong>Defensor\u00eda Municipal de Derechos Humanos<\/strong><\/em><\/li>\n<\/ul>\n<p>&nbsp;<\/p>\n<div id=\"attachment_597329\" style=\"width: 470px\" class=\"wp-caption aligncenter\"><a href=\"https:\/\/www.diarioimagen.net\/?attachment_id=597329\" rel=\"attachment wp-att-597329\"><img loading=\"lazy\" decoding=\"async\" aria-describedby=\"caption-attachment-597329\" class=\"size-full wp-image-597329\" src=\"https:\/\/www.diarioimagen.net\/wp-content\/uploads\/2023\/10\/no-se-tuvo-conocimiento.jpg\" alt=\"\" width=\"460\" height=\"270\" \/><\/a><p id=\"caption-attachment-597329\" class=\"wp-caption-text\">Sobre la denuncia presentada ante la FGJEM en contra del titular de Derechos Humanos, Eynar de los Cobos, el gobierno de Naucalpan neg\u00f3 haber recibido la queja.<\/p><\/div>\n<p>&nbsp;<\/p>\n<p><strong>Naucalpan, Estado de M\u00e9xico<\/strong>.\u2014 En relaci\u00f3n con la denuncia de hechos presentada ante la Fiscal\u00eda General de Justicia del Estado de M\u00e9xico (FGJEM) en contra del titular de la Defensor\u00eda Municipal de Derechos Humanos de esta localidad, Eynar de los Cobos Carmona, el gobierno de Naucalpan neg\u00f3 haber recibido o conocido queja contra el funcionario.<\/p>\n<p>Inform\u00f3 que la Defensor\u00eda Municipal de Derechos Humanos es un organismo aut\u00f3nomo y la Presidencia Municipal no tiene injerencia en el nombramiento de su titular ni de su personal.<\/p>\n<p>\u201cLa convocatoria para designar al titular de la Defensor\u00eda fue aprobada en agosto de 2022 durante la Vig\u00e9sima Sexta Sesi\u00f3n Ordinaria de Cabildo\u201d y reiter\u00f3 que fue el cuerpo edilicio quien aprob\u00f3 el acuerdo por el que se design\u00f3 a Eynar de los Cobos Carmona, como titular de la Defensor\u00eda.<\/p>\n<p>Por otra parte, el gobierno municipal puntualiz\u00f3 que la denuncia que se present\u00f3 ante la FGJEM es una \u201cdenuncia de hechos\u201d y no una \u201cdenuncia penal\u201d, lo que implica que no hay elementos para un procedimiento judicial en contra del funcionario. Finalmente se indic\u00f3 que el gobierno de Naucalpan ser\u00e1 respetuoso de lo que determinen las autoridades competentes, que se encargar\u00e1n de deslindar responsabilidades.<\/p>\n","protected":false},"excerpt":{"rendered":"<p>En relaci\u00f3n con la denuncia de hechos presentada ante la Fiscal\u00eda General de Justicia del Estado de M\u00e9xico (FGJEM) en contra del titular de la Defensor\u00eda Municipal de Derechos Humanos de esta localidad, Eynar de los Cobos Carmona, el gobierno de Naucalpan neg\u00f3 haber recibido o conocido queja contra el funcionario.<\/p>\n","protected":false},"author":3,"featured_media":597329,"comment_status":"open","ping_status":"open","sticky":false,"template":"","format":"standard","meta":{"_monsterinsights_skip_tracking":false,"_monsterinsights_sitenote_active":false,"_monsterinsights_sitenote_note":"","_monsterinsights_sitenote_category":0,"footnotes":""},"categories":[5],"tags":[455,98672,98673,970],"class_list":["post-597279","post","type-post","status-publish","format-standard","has-post-thumbnail","hentry","category-estado-de-mexico","tag-denuncia","tag-estado-de-mexiico","tag-funcionariios","tag-naucalpan"],"_links":{"self":[{"href":"https:\/\/www.diarioimagen.net\/index.php?rest_route=\/wp\/v2\/posts\/597279","targetHints":{"allow":["GET"]}}],"collection":[{"href":"https:\/\/www.diarioimagen.net\/index.php?rest_route=\/wp\/v2\/posts"}],"about":[{"href":"https:\/\/www.diarioimagen.net\/index.php?rest_route=\/wp\/v2\/types\/post"}],"author":[{"embeddable":true,"href":"https:\/\/www.diarioimagen.net\/index.php?rest_route=\/wp\/v2\/users\/3"}],"replies":[{"embeddable":true,"href":"https:\/\/www.diarioimagen.net\/index.php?rest_route=%2Fwp%2Fv2%2Fcomments&post=597279"}],"version-history":[{"count":0,"href":"https:\/\/www.diarioimagen.net\/index.php?rest_route=\/wp\/v2\/posts\/597279\/revisions"}],"wp:featuredmedia":[{"embeddable":true,"href":"https:\/\/www.diarioimagen.net\/index.php?rest_route=\/wp\/v2\/media\/597329"}],"wp:attachment":[{"href":"https:\/\/www.diarioimagen.net\/index.php?rest_route=%2Fwp%2Fv2%2Fmedia&parent=597279"}],"wp:term":[{"taxonomy":"category","embeddable":true,"href":"https:\/\/www.diarioimagen.net\/index.php?rest_route=%2Fwp%2Fv2%2Fcategories&post=597279"},{"taxonomy":"post_tag","embeddable":true,"href":"https:\/\/www.diarioimagen.net\/index.php?rest_route=%2Fwp%2Fv2%2Ftags&post=597279"}],"curies":[{"name":"wp","href":"https:\/\/api.w.org\/{rel}","templated":true}]}}