{"id":597371,"date":"2023-10-02T00:07:38","date_gmt":"2023-10-02T06:07:38","guid":{"rendered":"https:\/\/www.diarioimagen.net\/?p=597371"},"modified":"2023-10-02T00:01:46","modified_gmt":"2023-10-02T06:01:46","slug":"dentro-y-fuera-de-morena-el-piso-para-campanas-sigue-disparejo","status":"publish","type":"post","link":"https:\/\/www.diarioimagen.net\/?p=597371","title":{"rendered":"Dentro y fuera de Morena, el piso para campa\u00f1as sigue disparejo"},"content":{"rendered":"<h2>Clase Pol\u00edtica<\/h2>\n<h5>Miguel \u00c1ngel Rivera<\/h5>\n<p>&nbsp;<\/p>\n<p>Si el ex precandidato presidencial de Morena, Marcelo Ebrard Casaubon, no ha logrado que Morena cumpliera su demanda de \u201cpiso parejo\u201d, menos lo lograr\u00e1 la virtual abanderada de la oposici\u00f3n, X\u00f3chitl G\u00e1lvez Ruiz, aunque en su caso la autoridad responsable ser\u00e1 supuestamente el imparcial Instituto Nacional Electoral (INE), encabezado por la \u201cmorenista\u201d Guadalupe Taddei.<\/p>\n<p>De visita en Quer\u00e9taro, a donde acudi\u00f3 invitada al informe del gobernador panista Mauricio Kuri, la oficialmente coordinadora del Frente Amplio por M\u00e9xico (FAM) afirm\u00f3 que no hay piso parejo entre esta alianza que constituyen PRI, PAN y PRD con la de Morena y sus aliados.<\/p>\n<p>La senadora hidalguense puso como ejemplo de la diferencia de recursos entre el frente opositor y el bloque oficialista el espectacular de la tambi\u00e9n virtual candidata presidencial de la 4T en la c\u00e9ntrica avenida Broadway, en Nueva York, presuntamente para motivar el voto de millones de mexicanos residentes en esa metr\u00f3poli.<\/p>\n<p>\u201cAh\u00ed lo que sobra es dinero\u201d, denunci\u00f3 la virtual candidata presidencial opositora.<\/p>\n<p>Indic\u00f3 que Morena contin\u00faa violentando la ley electoral. Ahora adelanta los procesos en los estados, otra vez con esto, otra vez con espectaculares, empiezan este tipo de acciones que no est\u00e1n respetando las leyes. Bueno, siguen simulando.<\/p>\n<p>G\u00e1lvez reiter\u00f3 que \u201chay demasiado dinero en Morena, hay demasiado dinero y seguramente o es dinero de la corrupci\u00f3n o es dinero de los machucones, que despu\u00e9s les van a cobrar y luego se quejan por una entrevista que me hacen a m\u00ed y me obligan a bajarla, pero creo que no est\u00e1 habiendo piso parejo\u201d, asegur\u00f3.<\/p>\n<p>G\u00e1lvez no dijo si ya present\u00f3 o va a interponer una demanda ante el INE o el Tribunal Electoral del Poder Judicial Federal (TEPJF), pero ante la \u201cflexibilidad\u201d de esos organismos ante las violaciones a la ley por actos anticipados de campa\u00f1a, es de suponer que tampoco actuar\u00e1n con mayor rigor.<\/p>\n<p>Por otra parte, G\u00e1lvez tambi\u00e9n inform\u00f3 que ya recibi\u00f3 una carta de la UNAM respecto al presunto plagio de una parte de su informe de titulaci\u00f3n profesional y dijo que pronto comparecer\u00e1.<\/p>\n<p>Lo he dicho claramente, yo no hice una tesis, hice un informe, pues me titul\u00e9 por experiencia profesional, est\u00e1 en manos de la UNAM, mi caso, ah\u00ed es a donde presentar\u00e9 lo que la UNAM me est\u00e9 pidiendo\u201d, destac\u00f3.<\/p>\n<p>En el caso de Claudia Sheinbaum, mencion\u00f3 \u201cque habr\u00e1 que ver si la UNAM la cita para el tema. A ver, ser\u00e1 la UNAM la que decida qu\u00e9 procede en el caso de ella\u201d.<\/p>\n<p>En cuanto al tema de los plagios, G\u00e1lvez indic\u00f3: \u201cyo creo que tenemos todos que aprender de la experiencia\u201d.<\/p>\n<p>Tambi\u00e9n indic\u00f3 que se trata de guerra sucia antes de las campa\u00f1as, \u201cpues siempre ha sido as\u00ed, o sea, yo me acuerdo de alguien que dec\u00eda que no sabe qui\u00e9n era su pap\u00e1, le dice m\u00e9tete de pol\u00edtico y ah\u00ed te van a encontrar\u201d.<\/p>\n<p style=\"text-align: center;\"><strong>El presidente del Tribunal Electoral parece<br \/>\ndecidido a poner fin a la \u201ctibieza\u201d de ese organismo<\/strong><\/p>\n<p>Dec\u00eda l\u00edneas arriba que el INE y el TEPJF han actuado sin mucho rigor para las obvias y evidentes violaciones a las leyes electorales por los actos anticipados de campa\u00f1a lo mismo del lado del oficialismo que de la oposici\u00f3n, pero esto podr\u00eda empezar a cambiar si el presidente del Tribunal cumple su promesa de examinar las irregularidades denunciadas por el ex secretario de Relaciones Exteriores en torno al proceso interno de Morena y sus sat\u00e9lites.<\/p>\n<p>El magistrado presidente de dicho \u00f3rgano, Reyes Rodr\u00edguez Mondrag\u00f3n, ser\u00e1 quien revise la impugnaci\u00f3n que interpuso el excanciller donde result\u00f3 desfavorecido para coordinar la defensa de la Cuarta Transformaci\u00f3n.<\/p>\n<p>De acuerdo con datos que han trascendido de la ponencia respectiva, se requiere a la Comisi\u00f3n de Honor y Justicia de Morena, para que, de inmediato, proceda a realizar el tr\u00e1mite previsto en los art\u00edculos 17 y 18 de la Ley General del Sistema de Medios de Impugnaci\u00f3n en Materia Electoral.<\/p>\n<p>El pasado 25 de septiembre, Marcelo Ebrard present\u00f3 un juicio para la protecci\u00f3n de derechos ante la Sala Superior del TEPJF en contra de la Comisi\u00f3n de Honor y Justicia de Morena (CHJM) luego que el partido no respondi\u00f3 a la queja que interpuso. Esto, en contra del proceso interno de Morena donde result\u00f3 ganadora la exjefa de gobierno capitalino Claudia Sheinbaum.<\/p>\n<p>Es dif\u00edcil que el Tribunal ordene reponer el proceso interno de Morena, pero ser\u00e1 interesante conocer si le imponen alguna sanci\u00f3n.<\/p>\n<p>Ser\u00eda un \u201ctriunfo moral\u201d para Ebrard, pues una decisi\u00f3n en tal sentido de los magistrados implicar\u00eda poner de manifiesto que hubo irregularidades para beneficiar a la \u201ccorcholata\u201d favorita o a cualquiera otro de los inscritos en el proceso interno que, oficialmente, era para elegir al defensor(a) de la llamada Cuarta Transformaci\u00f3n.<\/p>\n<p style=\"text-align: center;\"><strong>Cada vez menos posibilidades de que<br \/>\nEbrard aparezca en la boleta para elegir Presidente<\/strong><\/p>\n<p>Desde que decidi\u00f3 inscribirse en el proceso de selecci\u00f3n de candidato presidencial de Morena, el ex canciller Marcelo Ebrard afirm\u00f3 que, sea como sea, aparecer\u00e1 su nombre en la boleta donde se inscriban los nombres de los candidatos. Sin embargo, al acercarse la fecha de los comicios, todo indica que el tambi\u00e9n ex mandatario de la capital del pa\u00eds tiene menos posibilidades de cumplir su vaticinio.<\/p>\n<p>Como apuntamos, ya perdi\u00f3 en el proceso interno de la llamada Cuarta Transformaci\u00f3n y sus muy remotas las posibilidades de que se reponga el proceso.<\/p>\n<p>Tambi\u00e9n pas\u00f3 la oportunidad de que Ebrard sea considerado para encabezar el Frente Amplio por M\u00e9xico (FAM), integrado por organismos de la sociedad civil y los partidos PAN, PRI y PRD. All\u00ed est\u00e1 firme X\u00f3chitl G\u00e1lvez, quien no perder\u00e1 la nominaci\u00f3n a menos que fructifique alguna de las trampas que le tiene preparadas el oficialismo.<\/p>\n<p>La tercera v\u00eda para Ebrard es aceptar la nominaci\u00f3n de Movimiento Ciudadano (MC), el instituto pol\u00edtico fundado y dirigido por Dante Delgado Rannauro, quien hace unos d\u00edas consigui\u00f3 que el Consejo Nacional aceptara su propuesta de ir solos a la contienda presidencial, sin respaldar a ninguno de los dos bloques, ni el oficialista ni el opositor. Pero inclusive esta ruta parece estrecharse y est\u00e1\u00a0 a punto de cerrarse.<\/p>\n<p>Aunque todav\u00eda no ha decidido si solicita licencia para dejar su actual cargo de gobernador de Nuevo Le\u00f3n, a fin de postularse para jefe del Ejecutivo Federal, el ex senador Samuel Garc\u00eda Sep\u00falveda protest\u00f3 por la posible nominaci\u00f3n de Ebrard. Adem\u00e1s, interpuso un juicio ante el ya mencionado TEPJF en contra de la posibilidad de que el Congreso de su estado \u2014donde la oposici\u00f3n PAN-PRI tiene mayor\u00eda\u2014 le niegue la licencia temporal para buscar la Presidencia de la Rep\u00fablica y, en caso de fracasar, retomar el gobierno estatal.<\/p>\n<p>Una nota del diario <strong><em>La Jornada<\/em><\/strong>, del s\u00e1bado de la semana pasada, firmada por reporteros y corresponsales, refiere que \u201cen una gira de trabajo por municipios de Nuevo Le\u00f3n, el gobernador dijo tener respeto por Ebrard Casaubon, pero destac\u00f3 que los liderazgos de MC se comunicaron con \u00e9l para expresarle que del partido debe surgir el perfil para representarlos en las elecciones federales del 2 de junio de 2024, y no un externo.<\/p>\n<p>\u201cYo le tengo mucho respeto (a Marcelo Ebrard), pero por las llamadas que recib\u00ed ayer (viernes) es que en Movimiento Ciudadano quieren a un candidato nato naranja. Y podr\u00eda haber divisi\u00f3n y peleas si se nombra a alguien que no es de nuestras filas\u201d, advirti\u00f3 el gobernador\u201d.<\/p>\n<p>En cuanto a su situaci\u00f3n, Garc\u00eda Sep\u00falveda se\u00f1al\u00f3 que su futuro pol\u00edtico quedar\u00e1 definido en noviembre, luego de que la c\u00fapula del partido naranja haya determinado los requisitos que deben cumplir los aspirantes.<\/p>\n<p>En cuanto a su demanda para un eventual conflicto con los diputados de oposici\u00f3n por su licencia como gobernador, el caso le corresponde dictaminarlo a la magistrada M\u00f3nica Soto.<\/p>\n<p>En su demanda, el mandatario se\u00f1ala: \u201cEl actor refiere que presenta juicio para la ciudadan\u00eda, en v\u00eda, directa y excepcional, de acci\u00f3n declarativa, y ante la urgencia, la inescindible y consecuente tutela de mis derechos, al ser la \u00fanica instancia judicial para conocer de temas vinculados a la elecci\u00f3n de presidente, respecto de la concesi\u00f3n de la licencia (revisar si es v\u00e1lido el otorgamiento), el tipo de licencia (temporal) y los efectos inherentes de la misma (a partir de cu\u00e1ndo, que se respeten las condiciones inherentes a la misma, como que no pueden nombrar a otro gobernador como si \u00e9l hubiera renunciado, y el derecho a su posible reincorporaci\u00f3n)\u201d.<\/p>\n<p><em><a href=\"mailto:riparcangel@hotmail.com\" target=\"_blank\" rel=\"noopener noreferrer\">riparcangel@hotmail.com<\/a><\/em><\/p>\n","protected":false},"excerpt":{"rendered":"<p><span style=\"color: #005497;\"><strong>Miguel \u00c1ngel Rivera<\/strong><\/span><\/p>\n","protected":false},"author":3,"featured_media":0,"comment_status":"open","ping_status":"open","sticky":false,"template":"","format":"standard","meta":{"_monsterinsights_skip_tracking":false,"_monsterinsights_sitenote_active":false,"_monsterinsights_sitenote_note":"","_monsterinsights_sitenote_category":0,"footnotes":""},"categories":[84119],"tags":[84120,84121,43674],"class_list":["post-597371","post","type-post","status-publish","format-standard","hentry","category-miguel-angel-rivera","tag-clase-politica","tag-miguel-angel-rivera","tag-opinion"],"_links":{"self":[{"href":"https:\/\/www.diarioimagen.net\/index.php?rest_route=\/wp\/v2\/posts\/597371","targetHints":{"allow":["GET"]}}],"collection":[{"href":"https:\/\/www.diarioimagen.net\/index.php?rest_route=\/wp\/v2\/posts"}],"about":[{"href":"https:\/\/www.diarioimagen.net\/index.php?rest_route=\/wp\/v2\/types\/post"}],"author":[{"embeddable":true,"href":"https:\/\/www.diarioimagen.net\/index.php?rest_route=\/wp\/v2\/users\/3"}],"replies":[{"embeddable":true,"href":"https:\/\/www.diarioimagen.net\/index.php?rest_route=%2Fwp%2Fv2%2Fcomments&post=597371"}],"version-history":[{"count":0,"href":"https:\/\/www.diarioimagen.net\/index.php?rest_route=\/wp\/v2\/posts\/597371\/revisions"}],"wp:attachment":[{"href":"https:\/\/www.diarioimagen.net\/index.php?rest_route=%2Fwp%2Fv2%2Fmedia&parent=597371"}],"wp:term":[{"taxonomy":"category","embeddable":true,"href":"https:\/\/www.diarioimagen.net\/index.php?rest_route=%2Fwp%2Fv2%2Fcategories&post=597371"},{"taxonomy":"post_tag","embeddable":true,"href":"https:\/\/www.diarioimagen.net\/index.php?rest_route=%2Fwp%2Fv2%2Ftags&post=597371"}],"curies":[{"name":"wp","href":"https:\/\/api.w.org\/{rel}","templated":true}]}}