{"id":597400,"date":"2023-10-03T00:04:24","date_gmt":"2023-10-03T06:04:24","guid":{"rendered":"https:\/\/www.diarioimagen.net\/?p=597400"},"modified":"2023-10-03T01:06:59","modified_gmt":"2023-10-03T07:06:59","slug":"se-agrava-la-crisis-por-escasez-de-agua-en-el-estado-de-mexico-operagua","status":"publish","type":"post","link":"https:\/\/www.diarioimagen.net\/?p=597400","title":{"rendered":"Se agrava la crisis por escasez de agua en el Estado de M\u00e9xico: Operagua"},"content":{"rendered":"<p>&nbsp;<\/p>\n<p><a href=\"https:\/\/www.diarioimagen.net\/?attachment_id=597517\" rel=\"attachment wp-att-597517\"><img loading=\"lazy\" decoding=\"async\" class=\"aligncenter size-full wp-image-597517\" src=\"https:\/\/www.diarioimagen.net\/wp-content\/uploads\/2023\/10\/agrava-crisis.jpg\" alt=\"\" width=\"460\" height=\"270\" \/><\/a><\/p>\n<p>&nbsp;<\/p>\n<p><strong>Cuautitl\u00e1n Izcalli, Estado de M\u00e9xico.\u2014 <\/strong>El organismo de agua potable de esta localidad, Operagua, invit\u00f3 a la ciudadan\u00eda a hacer uso racional del agua durante la escasez de agua que golpea a la Ciudad de M\u00e9xico y al Estado de M\u00e9xico, sumiendo a millones de habitantes en la incertidumbre ante la reducci\u00f3n de este l\u00edquido vital.<\/p>\n<p>Tras dos meses de una leve recuperaci\u00f3n gracias a la temporada de lluvias, el Sistema Cutzamala ha vuelto a registrar n\u00fameros negativos, lo que enciende de nuevo las alarmas en la regi\u00f3n.<\/p>\n<p>Seg\u00fan datos recientes, el Sistema Cutzamala ha experimentado una disminuci\u00f3n significativa en su almacenamiento, por lo que hace una semana se inform\u00f3 que ten\u00eda disponibles 308.68 millones de metros c\u00fabicos de agua, pero al 26 de septiembre, esta cifra se redujo a tan s\u00f3lo 308.34 millones de metros c\u00fabicos, lo que representa apenas un preocupante 39.4 por ciento de almacenamiento.<\/p>\n<p>La sequ\u00eda no se limita a esta \u00e1rea, ya que se ha extendido a regiones circundantes, se ha reportado un aumento de la sequ\u00eda moderada y severa en Hidalgo, Puebla, Tlaxcala, Ciudad de M\u00e9xico y Morelos, mientras que la sequ\u00eda extrema se ha elevado en Quer\u00e9taro, Hidalgo y el Estado de M\u00e9xico.<\/p>\n<p>Citlalli Peraza, directora de OCAVM (Organismo de Cuenca Aguas del Valle de M\u00e9xico), advirti\u00f3 que la tendencia a la baja en el Sistema Cutzamala continuar\u00e1 en la pr\u00f3xima semana, a pesar de la breve recuperaci\u00f3n que comenz\u00f3 el 11 de julio con el inicio de la temporada de lluvias, tras ocho largos meses de estiaje.<\/p>\n<p>Operagua hace un llamado urgente a la poblaci\u00f3n a tomar medidas de conservaci\u00f3n del agua y estar alerta ante la situaci\u00f3n.<\/p>\n<p>Guardianes del Agua es una campa\u00f1a que busca fomentar la Cultura del Agua a trav\u00e9s de las ni\u00f1as y ni\u00f1os para crear una generaci\u00f3n de j\u00f3venes interesados en el cuidado del medio ambiente.<\/p>\n","protected":false},"excerpt":{"rendered":"<p>El organismo de agua potable de esta localidad, Operagua, invit\u00f3 a la ciudadan\u00eda a hacer uso racional del agua durante la escasez de agua que golpea a la Ciudad de M\u00e9xico y al Estado de M\u00e9xico, sumiendo a millones de habitantes en la incertidumbre ante la reducci\u00f3n de este l\u00edquido vital.<\/p>\n","protected":false},"author":3,"featured_media":597517,"comment_status":"open","ping_status":"open","sticky":false,"template":"","format":"standard","meta":{"_monsterinsights_skip_tracking":false,"_monsterinsights_sitenote_active":false,"_monsterinsights_sitenote_note":"","_monsterinsights_sitenote_category":0,"footnotes":""},"categories":[5],"tags":[971,43675,90211],"class_list":["post-597400","post","type-post","status-publish","format-standard","has-post-thumbnail","hentry","category-estado-de-mexico","tag-cuautitlan-izcalli","tag-estado-de-mexico","tag-vital-liquido"],"_links":{"self":[{"href":"https:\/\/www.diarioimagen.net\/index.php?rest_route=\/wp\/v2\/posts\/597400","targetHints":{"allow":["GET"]}}],"collection":[{"href":"https:\/\/www.diarioimagen.net\/index.php?rest_route=\/wp\/v2\/posts"}],"about":[{"href":"https:\/\/www.diarioimagen.net\/index.php?rest_route=\/wp\/v2\/types\/post"}],"author":[{"embeddable":true,"href":"https:\/\/www.diarioimagen.net\/index.php?rest_route=\/wp\/v2\/users\/3"}],"replies":[{"embeddable":true,"href":"https:\/\/www.diarioimagen.net\/index.php?rest_route=%2Fwp%2Fv2%2Fcomments&post=597400"}],"version-history":[{"count":0,"href":"https:\/\/www.diarioimagen.net\/index.php?rest_route=\/wp\/v2\/posts\/597400\/revisions"}],"wp:featuredmedia":[{"embeddable":true,"href":"https:\/\/www.diarioimagen.net\/index.php?rest_route=\/wp\/v2\/media\/597517"}],"wp:attachment":[{"href":"https:\/\/www.diarioimagen.net\/index.php?rest_route=%2Fwp%2Fv2%2Fmedia&parent=597400"}],"wp:term":[{"taxonomy":"category","embeddable":true,"href":"https:\/\/www.diarioimagen.net\/index.php?rest_route=%2Fwp%2Fv2%2Fcategories&post=597400"},{"taxonomy":"post_tag","embeddable":true,"href":"https:\/\/www.diarioimagen.net\/index.php?rest_route=%2Fwp%2Fv2%2Ftags&post=597400"}],"curies":[{"name":"wp","href":"https:\/\/api.w.org\/{rel}","templated":true}]}}