{"id":597402,"date":"2023-10-03T00:03:45","date_gmt":"2023-10-03T06:03:45","guid":{"rendered":"https:\/\/www.diarioimagen.net\/?p=597402"},"modified":"2023-10-03T01:09:03","modified_gmt":"2023-10-03T07:09:03","slug":"alertan-que-la-inmobiliaria-ara-construira-en-sierra-de-guadalupe","status":"publish","type":"post","link":"https:\/\/www.diarioimagen.net\/?p=597402","title":{"rendered":"Alertan que la inmobiliaria ARA construir\u00e1 en Sierra de Guadalupe"},"content":{"rendered":"<p>&nbsp;<\/p>\n<ul>\n<li><em><strong>Revisar\u00e1n condiciones legales de predio<\/strong><\/em><\/li>\n<\/ul>\n<p>&nbsp;<\/p>\n<div id=\"attachment_597519\" style=\"width: 470px\" class=\"wp-caption aligncenter\"><a href=\"https:\/\/www.diarioimagen.net\/?attachment_id=597519\" rel=\"attachment wp-att-597519\"><img loading=\"lazy\" decoding=\"async\" aria-describedby=\"caption-attachment-597519\" class=\"size-full wp-image-597519\" src=\"https:\/\/www.diarioimagen.net\/wp-content\/uploads\/2023\/10\/alertan-inmobiliaria.jpg\" alt=\"\" width=\"460\" height=\"270\" \/><\/a><p id=\"caption-attachment-597519\" class=\"wp-caption-text\">El diputado Max Correa Hern\u00e1ndez afirm\u00f3 que revisar\u00e1 las condiciones legales en las que se encuentra un predio donde la empresa inmobiliaria ARA pretende construir.<\/p><\/div>\n<p>&nbsp;<\/p>\n<p><strong>Tlalnepantla, Estado de M\u00e9xico.\u2014<\/strong> A fin proteger y preservar el Parque Ecol\u00f3gico Sierra de Guadalupe, el diputado Max Correa Hern\u00e1ndez afirm\u00f3 que revisar\u00e1 las condiciones legales en las que se encuentra un predio donde la empresa inmobiliaria ARA pretende la construcci\u00f3n de viviendas.<\/p>\n<p>Durante un recorrido en la colonia Caracoles, ubicada en la parte alta de la zona oriente de Tlalnepantla, los vecinos denunciaron que ya han sido talados \u00e1rboles que ten\u00edan varias d\u00e9cadas de vida. Afirmaron que originalmente este predio forma parte de la Sierra de Guadalupe, por lo que solicitaron al diputado local su intervenci\u00f3n para que se siga respetando la reserva ecol\u00f3gica.<\/p>\n<p>Los pobladores se\u00f1alaron que al urbanizarse este predio se pierde un espacio ecol\u00f3gico importante para el medio ambiente y de esparcimiento para la gente, pues desde hace m\u00e1s de 50 a\u00f1os realizan en el lugar la tradicional ceremonia religiosa de las Tres Ca\u00eddas, donde participan habitantes de varias comunidades.<\/p>\n<p>El presidente de la Comisi\u00f3n de Asuntos Metropolitanos del Congreso del Estado de M\u00e9xico, Max Correa, celebr\u00f3 que los vecinos tengan el inter\u00e9s de preservar las \u00e1reas naturales, los \u00e1rboles, flora y fauna del entorno, adem\u00e1s de sus tradiciones, las cuales\u00a0 ayudan a mantener el tejido social de los habitantes de esta localidad mexiquense.<\/p>\n<p>Por ello el legislador de Morena se comprometi\u00f3 a revisar las condiciones legales en las que se encuentra el predio donde la constructora Ara pretende urbanizar y construir viviendas y que se encuentra a solo unos metros de la barda perimetral que delimita el Parque Ecol\u00f3gico Sierra de Guadalupe.<\/p>\n<p>\u201cVamos a revisar en qu\u00e9 condiciones legales se encuentra este territorio, dialogar y buscar la intervenci\u00f3n de los tres niveles de gobierno porque las tres instancias de una u otra forma tienen que ver con esta situaci\u00f3n\u201d, reiter\u00f3.<\/p>\n","protected":false},"excerpt":{"rendered":"<p>A fin proteger y preservar el Parque Ecol\u00f3gico Sierra de Guadalupe, el diputado Max Correa Hern\u00e1ndez afirm\u00f3 que revisar\u00e1 las condiciones legales en las que se encuentra un predio donde la empresa inmobiliaria ARA pretende la construcci\u00f3n de viviendas.<\/p>\n","protected":false},"author":3,"featured_media":597519,"comment_status":"open","ping_status":"open","sticky":false,"template":"","format":"standard","meta":{"_monsterinsights_skip_tracking":false,"_monsterinsights_sitenote_active":false,"_monsterinsights_sitenote_note":"","_monsterinsights_sitenote_category":0,"footnotes":""},"categories":[5],"tags":[98682,43675,98683,169],"class_list":["post-597402","post","type-post","status-publish","format-standard","has-post-thumbnail","hentry","category-estado-de-mexico","tag-ara","tag-estado-de-mexico","tag-inmoviliaria","tag-tlalnepantla"],"_links":{"self":[{"href":"https:\/\/www.diarioimagen.net\/index.php?rest_route=\/wp\/v2\/posts\/597402","targetHints":{"allow":["GET"]}}],"collection":[{"href":"https:\/\/www.diarioimagen.net\/index.php?rest_route=\/wp\/v2\/posts"}],"about":[{"href":"https:\/\/www.diarioimagen.net\/index.php?rest_route=\/wp\/v2\/types\/post"}],"author":[{"embeddable":true,"href":"https:\/\/www.diarioimagen.net\/index.php?rest_route=\/wp\/v2\/users\/3"}],"replies":[{"embeddable":true,"href":"https:\/\/www.diarioimagen.net\/index.php?rest_route=%2Fwp%2Fv2%2Fcomments&post=597402"}],"version-history":[{"count":0,"href":"https:\/\/www.diarioimagen.net\/index.php?rest_route=\/wp\/v2\/posts\/597402\/revisions"}],"wp:featuredmedia":[{"embeddable":true,"href":"https:\/\/www.diarioimagen.net\/index.php?rest_route=\/wp\/v2\/media\/597519"}],"wp:attachment":[{"href":"https:\/\/www.diarioimagen.net\/index.php?rest_route=%2Fwp%2Fv2%2Fmedia&parent=597402"}],"wp:term":[{"taxonomy":"category","embeddable":true,"href":"https:\/\/www.diarioimagen.net\/index.php?rest_route=%2Fwp%2Fv2%2Fcategories&post=597402"},{"taxonomy":"post_tag","embeddable":true,"href":"https:\/\/www.diarioimagen.net\/index.php?rest_route=%2Fwp%2Fv2%2Ftags&post=597402"}],"curies":[{"name":"wp","href":"https:\/\/api.w.org\/{rel}","templated":true}]}}