{"id":597404,"date":"2023-10-03T00:01:36","date_gmt":"2023-10-03T06:01:36","guid":{"rendered":"https:\/\/www.diarioimagen.net\/?p=597404"},"modified":"2023-10-03T01:08:48","modified_gmt":"2023-10-03T07:08:48","slug":"trabaja-la-catem-de-la-mano-de-entidades-gubernamentales-afirma-ulises-murguia-soto","status":"publish","type":"post","link":"https:\/\/www.diarioimagen.net\/?p=597404","title":{"rendered":"Trabaja la CATEM de la mano de entidades gubernamentales, afirma Ulises Murgu\u00eda Soto"},"content":{"rendered":"<p>&nbsp;<\/p>\n<ul>\n<li><em><strong>Se espera mayor inversi\u00f3n y empleo<\/strong><\/em><\/li>\n<\/ul>\n<p><strong>\u00a0<\/strong><\/p>\n<h6>Arturo Baena<\/h6>\n<p>&nbsp;<\/p>\n<div id=\"attachment_597523\" style=\"width: 470px\" class=\"wp-caption aligncenter\"><a href=\"https:\/\/www.diarioimagen.net\/?attachment_id=597523\" rel=\"attachment wp-att-597523\"><img loading=\"lazy\" decoding=\"async\" aria-describedby=\"caption-attachment-597523\" class=\"size-full wp-image-597523\" src=\"https:\/\/www.diarioimagen.net\/wp-content\/uploads\/2023\/10\/trabaja-catem.jpg\" alt=\"\" width=\"460\" height=\"270\" \/><\/a><p id=\"caption-attachment-597523\" class=\"wp-caption-text\">Ulises Murgu\u00eda Soto, secretario de Relaciones de la CATEM, destac\u00f3 que la agrupaci\u00f3n siempre busca impulsar y apoyar a la clase trabajadora.<\/p><\/div>\n<p>&nbsp;<\/p>\n<p><strong>Tlalnepantla, Estado de M\u00e9xico.\u2014<\/strong> Sin lugar a dudas, la Confederaci\u00f3n Aut\u00f3noma de Trabajadores y Empleados de M\u00e9xico (CATEM) ser\u00e1 coadyuvante en la administraci\u00f3n de la gobernadora Delfina G\u00f3mez, en el Estado de M\u00e9xico, toda vez que se espera mayor inversi\u00f3n y, por ende, empleo para miles de mexiquenses cosa que aplaudimos y reconocemos.<\/p>\n<p>Afirm\u00f3 lo anterior Ulises Murgu\u00eda Soto, secretario de Relaciones de esa confederaci\u00f3n, luego de destacar que la CATEM es una agrupaci\u00f3n imparcial que siempre busca impulsar y apoyar a la clase trabajadora, que hoy, dicho sea de paso, participa en la construcci\u00f3n del Tren Maya, del AIFA y de grandes obras del gobierno tanto federal, estatales y municipales.<\/p>\n<p>El tambi\u00e9n ex diputado federal destac\u00f3 que \u201cdesde su creaci\u00f3n, la CATEM persigue objetivos muy claros, entre ellos: reposicionar al empleado y al sindicalismo como una actividad honesta, leg\u00edtima, democr\u00e1tica y representativa en todo el pa\u00eds\u201d.<\/p>\n<p>Murgu\u00eda Soto se\u00f1al\u00f3 que la confederaci\u00f3n fundada por el senador Pedro Haces est\u00e1 comprometida no s\u00f3lo con los trabajadores, sino con los otros elementos de la cadena de valor de la econom\u00eda mexicana: los empresarios que apuestan por M\u00e9xico, que invierten en M\u00e9xico y que abren fuentes de empleo para los mexicanos.<\/p>\n<p>\u201cTrabajamos de la mano con las entidades gubernamentales para sumar a la paz laboral y dar impulso a la generaci\u00f3n de m\u00e1s y mejores fuentes de empleo\u201d, reiter\u00f3.<\/p>\n<p>El secretario de relaciones de este sindicato puntualiz\u00f3 que el objetivo \u201ces lograr y mantener los derechos laborales y profesionales, as\u00ed como transformar y mejorar las condiciones de vida personales y familiares de los agremiados de la CATEM; fomentando la verdadera autonom\u00eda, democracia y libertad sindical. Para as\u00ed, impulsar el aut\u00e9ntico liderazgo y la formaci\u00f3n integral de los trabajadores, su unidad y la solidaridad gremial\u201d.<\/p>\n","protected":false},"excerpt":{"rendered":"<p>Sin lugar a dudas, la Confederaci\u00f3n Aut\u00f3noma de Trabajadores y Empleados de M\u00e9xico (CATEM) ser\u00e1 coadyuvante en la administraci\u00f3n de la gobernadora Delfina G\u00f3mez, en el Estado de M\u00e9xico, toda vez que se espera mayor inversi\u00f3n y, por ende, empleo para miles de mexiquenses cosa que aplaudimos y reconocemos.<\/p>\n","protected":false},"author":3,"featured_media":597523,"comment_status":"open","ping_status":"open","sticky":false,"template":"","format":"standard","meta":{"_monsterinsights_skip_tracking":false,"_monsterinsights_sitenote_active":false,"_monsterinsights_sitenote_note":"","_monsterinsights_sitenote_category":0,"footnotes":""},"categories":[5],"tags":[83162,43675,169],"class_list":["post-597404","post","type-post","status-publish","format-standard","has-post-thumbnail","hentry","category-estado-de-mexico","tag-catem","tag-estado-de-mexico","tag-tlalnepantla"],"_links":{"self":[{"href":"https:\/\/www.diarioimagen.net\/index.php?rest_route=\/wp\/v2\/posts\/597404","targetHints":{"allow":["GET"]}}],"collection":[{"href":"https:\/\/www.diarioimagen.net\/index.php?rest_route=\/wp\/v2\/posts"}],"about":[{"href":"https:\/\/www.diarioimagen.net\/index.php?rest_route=\/wp\/v2\/types\/post"}],"author":[{"embeddable":true,"href":"https:\/\/www.diarioimagen.net\/index.php?rest_route=\/wp\/v2\/users\/3"}],"replies":[{"embeddable":true,"href":"https:\/\/www.diarioimagen.net\/index.php?rest_route=%2Fwp%2Fv2%2Fcomments&post=597404"}],"version-history":[{"count":0,"href":"https:\/\/www.diarioimagen.net\/index.php?rest_route=\/wp\/v2\/posts\/597404\/revisions"}],"wp:featuredmedia":[{"embeddable":true,"href":"https:\/\/www.diarioimagen.net\/index.php?rest_route=\/wp\/v2\/media\/597523"}],"wp:attachment":[{"href":"https:\/\/www.diarioimagen.net\/index.php?rest_route=%2Fwp%2Fv2%2Fmedia&parent=597404"}],"wp:term":[{"taxonomy":"category","embeddable":true,"href":"https:\/\/www.diarioimagen.net\/index.php?rest_route=%2Fwp%2Fv2%2Fcategories&post=597404"},{"taxonomy":"post_tag","embeddable":true,"href":"https:\/\/www.diarioimagen.net\/index.php?rest_route=%2Fwp%2Fv2%2Ftags&post=597404"}],"curies":[{"name":"wp","href":"https:\/\/api.w.org\/{rel}","templated":true}]}}