{"id":597414,"date":"2023-10-03T00:01:43","date_gmt":"2023-10-03T06:01:43","guid":{"rendered":"https:\/\/www.diarioimagen.net\/?p=597414"},"modified":"2023-10-03T01:10:36","modified_gmt":"2023-10-03T07:10:36","slug":"falsarios-los-politicos-de-eu-que-nos-culpan-por-fentanilo-amlo","status":"publish","type":"post","link":"https:\/\/www.diarioimagen.net\/?p=597414","title":{"rendered":"Falsarios, los pol\u00edticos de Estados Unidos que nos culpan por fentanilo: AMLO"},"content":{"rendered":"<p>&nbsp;<\/p>\n<h2 style=\"text-align: center;\">Condena postura de republicanos<\/h2>\n<p>&nbsp;<\/p>\n<ul>\n<li><strong><em>Buscan responsabilizar a M\u00e9xico de los graves problemas de consumo de drogas<\/em><\/strong><\/li>\n<\/ul>\n<p>&nbsp;<\/p>\n<div id=\"attachment_597488\" style=\"width: 470px\" class=\"wp-caption aligncenter\"><a href=\"https:\/\/www.diarioimagen.net\/?attachment_id=597488\" rel=\"attachment wp-att-597488\"><img loading=\"lazy\" decoding=\"async\" aria-describedby=\"caption-attachment-597488\" class=\"size-full wp-image-597488\" src=\"https:\/\/www.diarioimagen.net\/wp-content\/uploads\/2023\/10\/amlo.jpg\" alt=\"\" width=\"460\" height=\"270\" \/><\/a><p id=\"caption-attachment-597488\" class=\"wp-caption-text\">El presidente Andr\u00e9s Manuel L\u00f3pez Obrador calific\u00f3 de \u201cchuecos\u201d y \u201cfalsarios\u201d a los pol\u00edticos de Estados Unidos que buscan culpar a M\u00e9xico de la crisis por el fentanilo.<\/p><\/div>\n<p>&nbsp;<\/p>\n<p>El presidente Andr\u00e9s Manuel L\u00f3pez Obrador conden\u00f3 una vez m\u00e1s la postura de pol\u00edticos estadounidenses sobre el tr\u00e1fico de fentanilo, especialmente del Partido Republicano, quienes buscan responsabilizar a M\u00e9xico de los graves problema de consumo de drogas, a quienes calific\u00f3 de \u201cchuecos\u201d y \u201cfalsarios\u201d.<\/p>\n<p>\u201cEstos temas los utilizan para la propaganda, ya sea un partido u otro, quienes m\u00e1s est\u00e1n usando el tema migratorio y de fentanilo, son republicanos, pero no creo que les funcione porque cada vez hay m\u00e1s informaci\u00f3n en el pueblo estadounidense, y saben que estamos haciendo nosotros un esfuerzo, estamos ayudando al problema que tienen en Estados Unidos, que no lo han resuelto estos pol\u00edticos falsarios, porque pierden la vida 100 mil j\u00f3venes cada a\u00f1o, son tan chuecos que lo \u00fanico que hacen es voltear a M\u00e9xico y culparnos a nosotros, son expertos, especialistas en ver la paja en el ojo ajeno y no la viga en el propio, pol\u00edticos sin principios, sin ideales, deshonestos, oportunistas\u201d, dijo.<\/p>\n<p>\u201cNo son capaces de la autocr\u00edtica y de ir tambi\u00e9n a las causas, por qu\u00e9 tanto consumo de droga en EU \u00bfPor qu\u00e9 los j\u00f3venes en EU toman ese camino? \u00bfQu\u00e9 est\u00e1 pasando? \u00bfCu\u00e1les son las causas? \u00bfNo tienen convivencia en armon\u00eda?\u201d, puntualiz\u00f3.<\/p>\n<p>La C\u00e1mara baja de Estados Unidos, de mayor\u00eda republicana, aprob\u00f3 la semana pasada una enmienda a los presupuestos del Departamento de Estado que cortar\u00eda ciertos programas de ayuda a M\u00e9xico hasta que la Casa Blanca certifique que las autoridades mexicanas est\u00e1n colaborando para reducir el tr\u00e1fico de fentanilo.<\/p>\n<p>La propuesta tiene pocos visos de prosperar en el Senado estadounidense, ya que va ligada a un proyecto de presupuestos para el a\u00f1o 2024 al que se oponen los dem\u00f3cratas, que controlan la c\u00e1mara.<\/p>\n<p>Seg\u00fan Washington, los c\u00e1rteles mexicanos fabrican fentanilo mediante productos qu\u00edmicos comprados en China y luego trafican con \u00e9l a Estados Unidos, donde el a\u00f1o pasado murieron m\u00e1s de 70 mil personas por sobredosis de esta sustancia.<\/p>\n<p>\u201cEl otro d\u00eda, de risa, resuelven no autorizarnos 50 millones de d\u00f3lares porque seg\u00fan ellos de manera falsa, mentirosa, nosotros no estamos haciendo nada para combatir el tr\u00e1fico de drogas, cuando todos los d\u00edas (lo hacemos)!por razones humanitarias y que no queremos que fallezcan los j\u00f3venes\u201d.<\/p>\n<p>\u201cPero a ver, una sanci\u00f3n, no le vamos a autorizar 50 millones de d\u00f3lares (\u2026), si no les hemos pedido nada, nada, antes daban esos 50 millones, porque tampoco daban mucho\u201d, agreg\u00f3 el tabasque\u00f1o.<\/p>\n<p style=\"text-align: center;\"><strong>Funcionarios de Estados Unidos y Centro Am\u00e9rica<br \/>\nabordar\u00e1n la ola migrante: AMLO<\/strong><\/p>\n<p>En los pr\u00f3ximos d\u00edas se realizar\u00e1 acercamientos con funcionarios de los gobiernos de Estados Unidos y cancilleres centroamericanos para tratar, por separado, impulsar acuerdos para responder a la ola migrante que se ha registrado en los \u00faltimos d\u00edas, afirm\u00f3 el presidente L\u00f3pez Obrador.<\/p>\n<p>Destac\u00f3 que en los \u00faltimos d\u00edas se detect\u00f3 que alrededor de cuatro mil migrantes diarios cruzaban la zona de El Dari\u00e9n, en la frontera de Panam\u00e1 y Colombia, una zona muy peligrosa, asever\u00f3 el Presidente. Sin embargo, alert\u00f3 que en la frontera de M\u00e9xico con Guatemala este flujo ascendi\u00f3 a seis mil personas diarias, cifra que se increment\u00f3 a diez mil en la frontera norte, queriendo cruzar a Estados Unidos.<\/p>\n<p>Durante la ma\u00f1anera de este lunes, el primer mandatario lament\u00f3 la muerte de diez migrantes cubanos en Chiapas que contrataron un cami\u00f3n de redilas. \u201cPor eso vamos a seguir insistiendo en que se deben atender las causas de la migraci\u00f3n, los or\u00edgenes, ir al fondo, dejar la politiquer\u00eda, pensar que los derechos humanos est\u00e1n por encima de las ideolog\u00edas\u201d, dijo<\/p>\n<p>\u201cNo se puede mantener sanciones, bloqueos. Se tiene que ayudar a los pa\u00edses con m\u00e1s pobreza. Tiene que haber fraternidad universal. Es la \u00fanica forma de enfrentar problemas sociales, la migraci\u00f3n, las drogas, violencia\u201d, se\u00f1al\u00f3.<\/p>\n<p>El mandatario lament\u00f3 tambi\u00e9n el deceso de personas al desplomarse un techo de una iglesia en Ciudad Madero, Tamaulipas.<\/p>\n","protected":false},"excerpt":{"rendered":"<p>El presidente Andr\u00e9s Manuel L\u00f3pez Obrador conden\u00f3 una vez m\u00e1s la postura de pol\u00edticos estadounidenses sobre el tr\u00e1fico de fentanilo, especialmente del Partido Republicano, quienes buscan responsabilizar a M\u00e9xico de los graves <\/p>\n","protected":false},"author":3,"featured_media":597488,"comment_status":"open","ping_status":"open","sticky":false,"template":"","format":"standard","meta":{"_monsterinsights_skip_tracking":false,"_monsterinsights_sitenote_active":false,"_monsterinsights_sitenote_note":"","_monsterinsights_sitenote_category":0,"footnotes":""},"categories":[3],"tags":[43673,13932],"class_list":["post-597414","post","type-post","status-publish","format-standard","has-post-thumbnail","hentry","category-nacional","tag-nacional","tag-republicanos"],"_links":{"self":[{"href":"https:\/\/www.diarioimagen.net\/index.php?rest_route=\/wp\/v2\/posts\/597414","targetHints":{"allow":["GET"]}}],"collection":[{"href":"https:\/\/www.diarioimagen.net\/index.php?rest_route=\/wp\/v2\/posts"}],"about":[{"href":"https:\/\/www.diarioimagen.net\/index.php?rest_route=\/wp\/v2\/types\/post"}],"author":[{"embeddable":true,"href":"https:\/\/www.diarioimagen.net\/index.php?rest_route=\/wp\/v2\/users\/3"}],"replies":[{"embeddable":true,"href":"https:\/\/www.diarioimagen.net\/index.php?rest_route=%2Fwp%2Fv2%2Fcomments&post=597414"}],"version-history":[{"count":0,"href":"https:\/\/www.diarioimagen.net\/index.php?rest_route=\/wp\/v2\/posts\/597414\/revisions"}],"wp:featuredmedia":[{"embeddable":true,"href":"https:\/\/www.diarioimagen.net\/index.php?rest_route=\/wp\/v2\/media\/597488"}],"wp:attachment":[{"href":"https:\/\/www.diarioimagen.net\/index.php?rest_route=%2Fwp%2Fv2%2Fmedia&parent=597414"}],"wp:term":[{"taxonomy":"category","embeddable":true,"href":"https:\/\/www.diarioimagen.net\/index.php?rest_route=%2Fwp%2Fv2%2Fcategories&post=597414"},{"taxonomy":"post_tag","embeddable":true,"href":"https:\/\/www.diarioimagen.net\/index.php?rest_route=%2Fwp%2Fv2%2Ftags&post=597414"}],"curies":[{"name":"wp","href":"https:\/\/api.w.org\/{rel}","templated":true}]}}