{"id":597442,"date":"2023-10-03T00:08:33","date_gmt":"2023-10-03T06:08:33","guid":{"rendered":"https:\/\/www.diarioimagen.net\/?p=597442"},"modified":"2023-10-02T23:19:28","modified_gmt":"2023-10-03T05:19:28","slug":"perecen-diez-cubanas-migrantes","status":"publish","type":"post","link":"https:\/\/www.diarioimagen.net\/?p=597442","title":{"rendered":"Perecen diez cubanas migrantes"},"content":{"rendered":"<h2>Punto por punto<\/h2>\n<h5>Augusto Corro<\/h5>\n<p>&nbsp;<\/p>\n<p>Murieron diez migrantes cubanas en un accidente carretero al volcar la camioneta de redilas en que viajaban.<\/p>\n<p>El percance se registr\u00f3 el domingo a la altura del kil\u00f3metro 134 de la ruta Pijijiapan-Tonal\u00e1, en Chiapas.<\/p>\n<p>Las autoridades informaron que adem\u00e1s de las diez personas que murieron, 17 resultaron lesionadas.<\/p>\n<p>Mientras contin\u00faa sin control el flujo migratorio, miles de indocumentados se encuentran dispuestos a correr la aventura de llegar a Estados Unidos.<\/p>\n<p>Sin duda, es innumerable el n\u00famero de accidentes y riesgo que padecen los ilegales que intentan cruzar por M\u00e9xico.<\/p>\n<p>El 29 de septiembre, otra tragedia de migrantes ocurri\u00f3 en la autopista que conecta Tuxtla Guti\u00e9rrez con Coatzacoalcos.<\/p>\n<p>De acuerdo con las autoridades, el percance ocurri\u00f3 a la altura del kil\u00f3metro 111, cuando el transporte en el que viajaban los ilegales se volc\u00f3.<\/p>\n<p>El veh\u00edculo en que viajaban los ilegales se volc\u00f3 y perdieron la vida dos personas y otras 38 resultaron heridas.<\/p>\n<p>Como sucede en este tipo de desgracias, las autoridades lamentan el hecho y a los pocos d\u00edas se olvida.\u00a0 Los pol\u00edticos vuelven a sus discursos de demagogia y prometen una mayor atenci\u00f3n a los migrantes.<\/p>\n<p>Sin embargo, se multiplican los riesgos para quienes se atreven a cruzar el territorio.<\/p>\n<p>Ahora, son los traficantes de personas los que tienen que pagar en d\u00f3lares el servicio de ser llevados a la frontera de M\u00e9xico-EU.<\/p>\n<p>Esos delincuentes que se comprometen a transportar a los indocumentados, lo hacen de manera criminal.<\/p>\n<p>Suben a los migrantes en camiones y camionetas con fallas mec\u00e1nicas que sumadas a la impericia de los conductores provocan accidentes con decenas de muertos.<\/p>\n<p>El transporte es muy complicado para los migrantes, pues tambi\u00e9n utilizan los trenes de carga para llegar a su destino.<\/p>\n<p>No hay que olvidar que los indocumentados tambi\u00e9n son v\u00edctimas de la delincuencia organizada que los secuestra y los asesina.<\/p>\n<p>En la crisis migratoria, M\u00e9xico es uno de los pa\u00edses m\u00e1s afectados. Desarrolla un triste papel de servir \u00fanicamente como muro de contenci\u00f3n. Es decir que debe controlar el flujo migratorio, cada vez con mayor n\u00famero de ilegales.<\/p>\n<p>Las autoridades mexicanas son incapaces de poner orden en la crisis migratoria.<\/p>\n<p>Recientemente, en una oficina del Instituto Nacional de Migraci\u00f3n se registr\u00f3 un incendio en el que perecieron 40 indocumentados.<\/p>\n<p>Repetimos: los discursos llenos de demagogia no resolver\u00e1n el problema que afecta a millones de personas, solamente en pa\u00edses latinoamericanos.<\/p>\n<p>Los pol\u00edticos se refieren a la necesidad de invertir en la creaci\u00f3n de empresas y empleos como una medida para combatir la pobreza que golpea a los ciudadanos de pa\u00edses pobres. Esas ideas tienen su inter\u00e9s unos d\u00edas y despu\u00e9s se vuelve a lo mismo.<\/p>\n<p>Los migrantes son citados en los discursos de los pol\u00edticos en sus campa\u00f1as electoreras, sin ninguna repercusi\u00f3n.<\/p>\n<p>En M\u00e9xico, las autoridades preparan una iniciativa para frenar la migraci\u00f3n.<\/p>\n<p>El gobierno invit\u00f3 a autoridades de otros pa\u00edses a analizar el problema y proponer soluciones.<\/p>\n<p>La reuni\u00f3n se efectuar\u00e1 en estos d\u00edas. Asistir\u00e1n representantes de Guatemala, Honduras, Nicaragua, Ecuador, Venezuela, Cuba y Colombia.<\/p>\n<p>El prop\u00f3sito de M\u00e9xico es establecer un plan de acci\u00f3n conjunto, con el prop\u00f3sito de evitar que se incrementen los flujos migratorios.<\/p>\n<p>Casi todos los migrantes pasan por M\u00e9xico y \u201ctenemos que protegerlos\u201d, declararon las autoridades.<\/p>\n<p>El gobierno de M\u00e9xico se interesa porque se vaya a las causas que originan el flujo migratorio.<\/p>\n<p>Entre los problemas, como ya se\u00f1alamos l\u00edneas arriba, se encuentran la pobreza, la violencia y los fen\u00f3menos naturales.\u00a0 Miles de migrantes son obligados a abandonar sus lugares de origen por la presencia de delincuentes.<\/p>\n<p>No se ve una soluci\u00f3n efectiva y r\u00e1pida para frenar los flujos migratorios. Los indocumentados tendr\u00e1n que enfrentar solos los m\u00faltiples riesgos.<\/p>\n<p>\u00bfUsted qu\u00e9 opina amable lector?<\/p>\n<p><a href=\"mailto:augustocorro2742@gmail.com\" target=\"_blank\" rel=\"noopener\"><em>augustocorro2742@gmail.com<\/em><\/a><\/p>\n","protected":false},"excerpt":{"rendered":"<p><span style=\"color: #005497;\"><strong>Augusto Corro<\/strong><\/span><\/p>\n","protected":false},"author":3,"featured_media":0,"comment_status":"open","ping_status":"open","sticky":false,"template":"","format":"standard","meta":{"_monsterinsights_skip_tracking":false,"_monsterinsights_sitenote_active":false,"_monsterinsights_sitenote_note":"","_monsterinsights_sitenote_category":0,"footnotes":""},"categories":[157],"tags":[43686,43674,11515],"class_list":["post-597442","post","type-post","status-publish","format-standard","hentry","category-augusto-corro","tag-augusto-corro","tag-opinion","tag-punto-por-punto"],"_links":{"self":[{"href":"https:\/\/www.diarioimagen.net\/index.php?rest_route=\/wp\/v2\/posts\/597442","targetHints":{"allow":["GET"]}}],"collection":[{"href":"https:\/\/www.diarioimagen.net\/index.php?rest_route=\/wp\/v2\/posts"}],"about":[{"href":"https:\/\/www.diarioimagen.net\/index.php?rest_route=\/wp\/v2\/types\/post"}],"author":[{"embeddable":true,"href":"https:\/\/www.diarioimagen.net\/index.php?rest_route=\/wp\/v2\/users\/3"}],"replies":[{"embeddable":true,"href":"https:\/\/www.diarioimagen.net\/index.php?rest_route=%2Fwp%2Fv2%2Fcomments&post=597442"}],"version-history":[{"count":0,"href":"https:\/\/www.diarioimagen.net\/index.php?rest_route=\/wp\/v2\/posts\/597442\/revisions"}],"wp:attachment":[{"href":"https:\/\/www.diarioimagen.net\/index.php?rest_route=%2Fwp%2Fv2%2Fmedia&parent=597442"}],"wp:term":[{"taxonomy":"category","embeddable":true,"href":"https:\/\/www.diarioimagen.net\/index.php?rest_route=%2Fwp%2Fv2%2Fcategories&post=597442"},{"taxonomy":"post_tag","embeddable":true,"href":"https:\/\/www.diarioimagen.net\/index.php?rest_route=%2Fwp%2Fv2%2Ftags&post=597442"}],"curies":[{"name":"wp","href":"https:\/\/api.w.org\/{rel}","templated":true}]}}