{"id":597444,"date":"2023-10-03T00:03:52","date_gmt":"2023-10-03T06:03:52","guid":{"rendered":"https:\/\/www.diarioimagen.net\/?p=597444"},"modified":"2023-10-02T23:21:13","modified_gmt":"2023-10-03T05:21:13","slug":"2-de-octubre-no-se-olvida","status":"publish","type":"post","link":"https:\/\/www.diarioimagen.net\/?p=597444","title":{"rendered":"2 de octubre \u00bfno se olvida?"},"content":{"rendered":"<h2>Espacio Electoral<\/h2>\n<h5>Eleazar Flores<\/h5>\n<p>&nbsp;<\/p>\n<p><strong>AMLO EXCULP\u00d3 A LEA-.<\/strong> Con la declaraci\u00f3n hecha desde su p\u00falpito ma\u00f1anero ayer por la ma\u00f1ana, en el sentido de que el Ej\u00e9rcito obedece \u00f3rdenes presidenciales para actuar, en relaci\u00f3n al espinoso caso del DOS DE OCTUBRE, el mandatario Andr\u00e9s Manuel L\u00f3pez Obrador exculp\u00f3 de un microfonazo al entonces Secretario de Gobernaci\u00f3n, Luis Echeverr\u00eda \u00c1lvarez.<\/p>\n<p>Lo anterior debido a que en la mayor\u00eda del colectivo nacional qued\u00f3 la impresi\u00f3n -s\u00f3lo eso-, de que la orden al Ej\u00e9rcito para intervenir ese 2 de octubre de 1968 la dio el poderoso secretario de Gobernaci\u00f3n, Luis Echeverr\u00eda \u00c1lvarez, desde esos tiempos visible aspirante a la candidatura presidencial priista para el sexenio 1970-1976, como finalmente ocurri\u00f3.<\/p>\n<p>Ciertamente, el presidente era Gustavo D\u00edaz Ordaz en agitadas giras, en esos d\u00edas por el baj\u00edo, desde donde hizo pronunciamientos fuertes, pero tambi\u00e9n conciliatorios con la frase \u201caqu\u00ed est\u00e1 mi mano\u201d, o algo parecido, extendi\u00e9ndola, seguramente, a los universitarios inconformes.<\/p>\n<p>Esa multitudinaria manifestaci\u00f3n-marcha estudiantil universitaria, tuvo su final sangriento en los espacios de la PLAZA DE TLATELOLCO, cuando \u00bfmisteriosamente? se inicia el episodio m\u00e1s cruento cuando se aprecian llamas en el cielo, una se\u00f1al de tantas para el actuar del ej\u00e9rcito en contra de los contingentes, a esas alturas no s\u00f3lo de estudiantes, pues ya se hab\u00edan sumado padres de familia y dem\u00e1s p\u00fablico simpatizante y solidario con los j\u00f3venes.<\/p>\n<p>Al d\u00eda siguiente y hasta la fecha, surgieron y siguen surgiendo versiones dis\u00edmbolas acerca de los hechos de Tlatelolco, con \u00f3pticas de quienes fueron participantes, testigos o simples visores de esos hechos que marcaron sin la menor duda, el antes y el despu\u00e9s de la vida p\u00fablica, pol\u00edtica y universitaria de M\u00e9xico.<\/p>\n<p><strong>MINI EXPERIENCIA-.<\/strong> Como mozalbetes preparatorianos e integrantes de la entonces Federaci\u00f3n Estudiantil Universitaria de la Universidad Aut\u00f3noma del Estado de M\u00e9xico, a unos nos encomendaron, d\u00edas antes, \u201cir a M\u00e9xico\u201d a llevar apoyo a \u201clos compa\u00f1eros del DF\u201d. Esos apoyos que la FEU consegu\u00eda eran bolsas de arroz, az\u00facar y frijol. Viajamos de Toluca al entonces DF en nuestro flamante FLECHA ROJA.<\/p>\n<p>En el kil\u00f3metro 13 \u2014entronque de Constituyentes y Reforma\u2014, elementos del PUEBLO UNIFORMADO subieron al autob\u00fas, revisan y nos encuentran los V\u00cdVERES, nos los decomisan y nos regresan a Toluca.<\/p>\n<p>Otra experiencia ha sido mi relaci\u00f3n con el m\u00edtico dirigente estudiantil doctor Gilberto Guevara Niebla, especialista en EDUCACI\u00d3N, as\u00ed con may\u00fascula, tanto que fue subsecretario hasta en dos ocasiones, la \u00faltima en esta Cuarta Transformaci\u00f3n de la que sali\u00f3 tan desencantado que renunci\u00f3 al poco tiempo.<\/p>\n<p>Sin menosprecio a sus estudios de especializaci\u00f3n -incluidos los de Harvard-, me quedo con su revista tem\u00e1tica EDUCACI\u00d3N XXI, que debi\u00f3 ser de lectura obligada para docentes, pero sobre todo para autoridades del ramo.<\/p>\n<p><em><a href=\"mailto:elefa44@gmail.com\" target=\"_blank\" rel=\"noopener noreferrer\">elefa44@gmail.com<\/a><\/em><\/p>\n","protected":false},"excerpt":{"rendered":"<p><span style=\"color: #005497;\"><strong>Eleazar Flores<\/strong><\/span><\/p>\n","protected":false},"author":3,"featured_media":0,"comment_status":"open","ping_status":"open","sticky":false,"template":"","format":"standard","meta":{"_monsterinsights_skip_tracking":false,"_monsterinsights_sitenote_active":false,"_monsterinsights_sitenote_note":"","_monsterinsights_sitenote_category":0,"footnotes":""},"categories":[81743],"tags":[81744,81776,43674],"class_list":["post-597444","post","type-post","status-publish","format-standard","hentry","category-eleazar-flores","tag-eleazar-flores","tag-espacio-electoral","tag-opinion"],"_links":{"self":[{"href":"https:\/\/www.diarioimagen.net\/index.php?rest_route=\/wp\/v2\/posts\/597444","targetHints":{"allow":["GET"]}}],"collection":[{"href":"https:\/\/www.diarioimagen.net\/index.php?rest_route=\/wp\/v2\/posts"}],"about":[{"href":"https:\/\/www.diarioimagen.net\/index.php?rest_route=\/wp\/v2\/types\/post"}],"author":[{"embeddable":true,"href":"https:\/\/www.diarioimagen.net\/index.php?rest_route=\/wp\/v2\/users\/3"}],"replies":[{"embeddable":true,"href":"https:\/\/www.diarioimagen.net\/index.php?rest_route=%2Fwp%2Fv2%2Fcomments&post=597444"}],"version-history":[{"count":0,"href":"https:\/\/www.diarioimagen.net\/index.php?rest_route=\/wp\/v2\/posts\/597444\/revisions"}],"wp:attachment":[{"href":"https:\/\/www.diarioimagen.net\/index.php?rest_route=%2Fwp%2Fv2%2Fmedia&parent=597444"}],"wp:term":[{"taxonomy":"category","embeddable":true,"href":"https:\/\/www.diarioimagen.net\/index.php?rest_route=%2Fwp%2Fv2%2Fcategories&post=597444"},{"taxonomy":"post_tag","embeddable":true,"href":"https:\/\/www.diarioimagen.net\/index.php?rest_route=%2Fwp%2Fv2%2Ftags&post=597444"}],"curies":[{"name":"wp","href":"https:\/\/api.w.org\/{rel}","templated":true}]}}