{"id":597447,"date":"2023-10-03T00:10:31","date_gmt":"2023-10-03T06:10:31","guid":{"rendered":"https:\/\/www.diarioimagen.net\/?p=597447"},"modified":"2023-10-02T23:23:15","modified_gmt":"2023-10-03T05:23:15","slug":"gobernaria-claudia-le-creemos-a-lopez","status":"publish","type":"post","link":"https:\/\/www.diarioimagen.net\/?p=597447","title":{"rendered":"\u00bfGobernar\u00eda Claudia? \u00bfle creemos a L\u00f3pez?"},"content":{"rendered":"<h2>Triple Erre<\/h2>\n<h5>Francisco Reynoso<\/h5>\n<p>&nbsp;<\/p>\n<p>Quienes simpatizan con CLAUDIA SHEINBAUM sin ser lopezobradoristas, militantes de Morena o cuatrote\u00edstas, preguntan: \u00bfTendr\u00e1 la ingeniera capacidad y car\u00e1cter para echarse el pa\u00eds en la espalda y gobernar sin aceptar \u201cconsejos\u201d consignas e imposiciones de L\u00d3PEZ OBRADOR?<\/p>\n<p>Desde luego, en el supuesto de que CLAUDIA sea quien gane la contienda presidencial de 2024. Porque si X\u00d3CHITL G\u00c1LVEZ es quien llega a Palacio Nacional, ANDR\u00c9S MANUEL no tendr\u00eda a qui\u00e9n dar consejos. Por lo contrario, tendr\u00eda que pedirlos a sus abogados. El diputado federal del PRD, MIGUEL \u00c1NGEL TORRES, lo anunci\u00f3 con rotundidad: X\u00d3CHITL no se tentar\u00e1 el coraz\u00f3n para presentar tantas denuncias penales como sea necesario contra L\u00d3PEZ ni le temblar\u00e1n las corvas para refundirlo en la c\u00e1rcel.<\/p>\n<p>El poder no se comparte. El o la presidenta de la Rep\u00fablica puede tener mil consejeros y otros tantos asesores, pero las decisiones finales las debe tomar en solitario.<\/p>\n<p>En M\u00e9xico, desde siempre, los gobernantes han querido perpetuarse. Unos extendiendo sus periodos de mando y otros a trav\u00e9s de interp\u00f3sita persona. O sea, imponiendo un pelagatos con la creencia de que lo podr\u00e1n manejar como como t\u00edtere.<\/p>\n<p>Hasta el benem\u00e9rito, cuasi san BENITO, hizo cochupo y medio para permanecer en la silla presidencial. Lleg\u00f3 al poder en 1858 y lo mantuvo gracias a reelecciones autorizadas por el Congreso debido a la invasi\u00f3n francesa. Muri\u00f3 en 1872, cuando a\u00fan le restaban dos a\u00f1os para terminar el \u00faltimo cuatrienio para el que fue electo no por la mayor\u00eda del pueblo, sino por una camarilla afecta a lo que entonces se consider\u00f3 la Segunda Transformaci\u00f3n.<\/p>\n<p>Antes de Benito Ju\u00e1rez hubo muchos, no s\u00f3lo Antonio L\u00f3pez de Santa Anna, que disfrutaron las mieles del poder en varias ocasiones. VALENT\u00cdN G\u00d3MEZ FAR\u00cdAS se sent\u00f3 cuatro veces en la silla presidencial; ANASTASIO BUSTAMANTE, tres; NICOL\u00c1S BRAVO, tres; JOS\u00c9 JOAQU\u00cdN HERRERA tambi\u00e9n tres. En la \u00e9poca posrevolucionaria, ya con el mandamiento maderista de \u201csufragio efectivo, no reelecci\u00f3n\u201d, \u00c1LVARO OBREG\u00d3N se reeligi\u00f3, aunque no lleg\u00f3 a la silla presidencial porque sus \u201camigos\u201d lo asesinaron.<\/p>\n<p>Y PLUTARCO EL\u00cdAS CALLES se erigi\u00f3 como el CAUDILLO de la Revoluci\u00f3n; \u201cel presidente -dec\u00eda la vox populi- vive aqu\u00ed, quien manda vive enfrente\u201d.<\/p>\n<p>Pero PLUTARCO se equivoc\u00f3 de cabo a rabo al pensar que manejar\u00eda como t\u00edtere a L\u00c1ZARO C\u00c1RDENAS, como lo hizo con EMILIO PORTES GIL y PASCUAL ORTIZ RUBIO. El michoacano le sali\u00f3 bravo y un d\u00eda lo corri\u00f3 de M\u00e9xico. Lo exili\u00f3 en Estados Unidos.<\/p>\n<p>De entonces a la fecha, todos los presidentes han querido dejar un sucesor a modo para extender su mandato. GUSTAVO D\u00cdAZ ORDAZ hasta pidi\u00f3 perd\u00f3n a M\u00e9xico por haber llevado al poder a LUIS ECHEVERR\u00cdA. Y \u00e9ste reproch\u00f3 p\u00fablicamente a JOS\u00c9 L\u00d3PEZ PORTILLO cuando lo mand\u00f3 de embajador a Australia. Se hizo famosa una frase alusiva a esa traici\u00f3n al amigo y benefactor: \u201c\u00bfT\u00fa tambi\u00e9n Carlos?\u201d.<\/p>\n<p>Dicen algunas voces perversas que el \u00fanico Presidente que ha podido dejar un sucesor a modo es ENRIQUE PE\u00d1A NIETO. El mexiquense negoci\u00f3, traicion\u00f3 a su partido y allan\u00f3 el camino de ANDR\u00c9S MANUEL a Palacio Nacional. Y hoy goza de cabal salud, en Espa\u00f1a, disfrutando la incalculable fortuna que amas\u00f3 y que le permite cambiar de residencia con frecuencia, cambiar de autom\u00f3vil cada medio a\u00f1o y de mujer cada semana.<\/p>\n<p>Con todos esos antecedentes hist\u00f3ricos, simpatizantes de la Cuarta Transformaci\u00f3n preguntan si CLAUDIA SHEINBAUM ser\u00e1 quien gobierne o ser\u00e1 solamente ejecutora de las instrucciones de su l\u00edder pol\u00edtico y moral.<\/p>\n<p>L\u00d3PEZ OBRADOR ha dicho mil veces que al terminar su periodo presidencial se jubilar\u00e1 de la pol\u00edtica. Se ir\u00e1 a su rancho y no recibir\u00e1 a nadie, menos para tratar asuntos de pol\u00edtica.<\/p>\n<p>Pero a L\u00d3PEZ OBRADOR nadie le cree lo que dice. Es el mentiroso m\u00e1s grande que existe en la pol\u00edtica mexicana. Y vaya que hay pol\u00edticos mentirosos. De hecho, todos.<\/p>\n<p style=\"text-align: center;\"><strong>Los ni\u00f1os del crimen<\/strong><\/p>\n<p>La senadora GEOVANNA BA\u00d1UELOS DE LA TORRE, coordinadora de la bancada del PT en la C\u00e1mara alta, advierte que por lo menos 250 mil ni\u00f1os y ni\u00f1as menores de edad, en todo el pa\u00eds, est\u00e1n en riesgo de ser reclutados por los carteles del crimen organizado.<\/p>\n<p>Seg\u00fan estudios serios, los c\u00e1rteles contratan 350 menores de edad por semana.<\/p>\n<p>En la tribuna del Senado, la petista revela que actualmente m\u00e1s de 30 mil infantes, menores de 18 a\u00f1os, est\u00e1n en las filas de la delincuencia. GEOVANNA no lo dijo, pero son menores de edad los encargados de descuartizar y embolsar cad\u00e1veres. En Zacatecas, la polic\u00eda busca a una mujer, menor de edad, identificada por vecinos del municipio de Calera como responsable de las operaciones sanguinarias de un c\u00e1rtel.<\/p>\n<p>La senadora zacatecana present\u00f3 una iniciativa para reformar el C\u00f3digo Penal Federal para tipificar como delito el reclutamiento de ni\u00f1os y ni\u00f1as menores de edad.<\/p>\n<p>&nbsp;<\/p>\n<blockquote>\n<p style=\"text-align: right;\"><em><strong>La verdad es la verdad<br \/>\ny no admite otros datos<\/strong><\/em><\/p>\n<\/blockquote>\n<p>&nbsp;<\/p>\n<p><a href=\"mailto:donrunrun@yahoo.es\" target=\"_blank\" rel=\"noopener\"><em>donrunrun@yahoo.es<\/em><\/a><\/p>\n","protected":false},"excerpt":{"rendered":"<p><span style=\"color: #005497;\"><strong>Francisco Reynoso<\/strong><\/span><\/p>\n","protected":false},"author":3,"featured_media":0,"comment_status":"open","ping_status":"open","sticky":false,"template":"","format":"standard","meta":{"_monsterinsights_skip_tracking":false,"_monsterinsights_sitenote_active":false,"_monsterinsights_sitenote_note":"","_monsterinsights_sitenote_category":0,"footnotes":""},"categories":[94855],"tags":[94857,43674,94856],"class_list":["post-597447","post","type-post","status-publish","format-standard","hentry","category-francisco-reynoso","tag-francisco-reynoso","tag-opinion","tag-triple-erre"],"_links":{"self":[{"href":"https:\/\/www.diarioimagen.net\/index.php?rest_route=\/wp\/v2\/posts\/597447","targetHints":{"allow":["GET"]}}],"collection":[{"href":"https:\/\/www.diarioimagen.net\/index.php?rest_route=\/wp\/v2\/posts"}],"about":[{"href":"https:\/\/www.diarioimagen.net\/index.php?rest_route=\/wp\/v2\/types\/post"}],"author":[{"embeddable":true,"href":"https:\/\/www.diarioimagen.net\/index.php?rest_route=\/wp\/v2\/users\/3"}],"replies":[{"embeddable":true,"href":"https:\/\/www.diarioimagen.net\/index.php?rest_route=%2Fwp%2Fv2%2Fcomments&post=597447"}],"version-history":[{"count":0,"href":"https:\/\/www.diarioimagen.net\/index.php?rest_route=\/wp\/v2\/posts\/597447\/revisions"}],"wp:attachment":[{"href":"https:\/\/www.diarioimagen.net\/index.php?rest_route=%2Fwp%2Fv2%2Fmedia&parent=597447"}],"wp:term":[{"taxonomy":"category","embeddable":true,"href":"https:\/\/www.diarioimagen.net\/index.php?rest_route=%2Fwp%2Fv2%2Fcategories&post=597447"},{"taxonomy":"post_tag","embeddable":true,"href":"https:\/\/www.diarioimagen.net\/index.php?rest_route=%2Fwp%2Fv2%2Ftags&post=597447"}],"curies":[{"name":"wp","href":"https:\/\/api.w.org\/{rel}","templated":true}]}}