{"id":597671,"date":"2023-10-05T00:01:13","date_gmt":"2023-10-05T06:01:13","guid":{"rendered":"https:\/\/www.diarioimagen.net\/?p=597671"},"modified":"2023-10-05T02:37:13","modified_gmt":"2023-10-05T08:37:13","slug":"aprueban-en-el-congreso-mexiquense-iniciativa-para-proteger-reservas-ecologicas","status":"publish","type":"post","link":"https:\/\/www.diarioimagen.net\/?p=597671","title":{"rendered":"Aprueban en el Congreso mexiquense iniciativa para proteger reservas ecol\u00f3gicas"},"content":{"rendered":"<p>&nbsp;<\/p>\n<ul>\n<li><em><strong>Reconocen labor legislativa de David Parra<\/strong><\/em><\/li>\n<\/ul>\n<p><strong>\u00a0<\/strong><\/p>\n<h6>Arturo Baena<\/h6>\n<p>&nbsp;<\/p>\n<div id=\"attachment_597774\" style=\"width: 470px\" class=\"wp-caption aligncenter\"><a href=\"https:\/\/www.diarioimagen.net\/?attachment_id=597774\" rel=\"attachment wp-att-597774\"><img loading=\"lazy\" decoding=\"async\" aria-describedby=\"caption-attachment-597774\" class=\"size-full wp-image-597774\" src=\"https:\/\/www.diarioimagen.net\/wp-content\/uploads\/2023\/10\/aprueban-en-congreso.jpg\" alt=\"\" width=\"460\" height=\"270\" \/><\/a><p id=\"caption-attachment-597774\" class=\"wp-caption-text\">El diputado priista David Parra S\u00e1nchez pidi\u00f3 a la secretaria del Medio Ambiente recuperar los predios La Huerta y Lomas del R\u00edo.<\/p><\/div>\n<p>&nbsp;<\/p>\n<p><strong>Naucalpan, Estado de M\u00e9xico.\u2014<\/strong> Luego de la arbitraria detenci\u00f3n y consignaci\u00f3n de dos l\u00edderes sociales que defend\u00edan predios catalogados como reserva ecol\u00f3gica, invadidos por particulares, el diputado David Parra S\u00e1nchez subi\u00f3 ante el pleno legislativo, un punto de acuerdo para que la secretaria de Ecolog\u00eda intervenga y se evite este tipo de hechos no solo en este municipio, sino en toda la entidad mexiquense y el cual fue aprobado por unanimidad.<\/p>\n<p>El legislador Parra S\u00e1nchez agradeci\u00f3 el esfuerzo y apoyo de los diputados, Isaac Montoya (Morena), Martha Moya (PAN) y de su compa\u00f1ero de bancada, Enrique Jacob, as\u00ed como al coordinador de la fracci\u00f3n priistas, El\u00edas Rescala. Durante la presentaci\u00f3n del punto de acuerdo, asistieron l\u00edderes sociales de las colonias R\u00edo Hondo, M\u00e9xico 86, La Chacona, entre otras, mismos que aplaudieron la iniciativa del diputado David Parra para evitar da\u00f1os a reservas ecol\u00f3gicas.<\/p>\n<p>Durante su intervenci\u00f3n, el representante popular del PRI, pidi\u00f3 a la secretaria del Medio Ambiente, recuperar los predios \u201cLa Huerta\u201d y \u201cLomas del R\u00edo\u201d, debido a que ha generado diversas complicaciones de car\u00e1cter jur\u00eddico, afectando incluso a l\u00edderes que tiene un modo honesto de vivir, al ser acusadas por personal de la empresa \u201cBienes Ra\u00edces del Baj\u00edo SA de CV\u201d, de extorsi\u00f3n y pertenecer a un grupo delictivo, en acusaciones infundadas.<\/p>\n<p>Al conocer que la petici\u00f3n del diputado Parra S\u00e1nchez hab\u00eda sido aprobada por unanimidad de votos, diversos sectores de la sociedad civil, reconocieron la labor legislativa y comunitaria del diputado a quien refrendaron su apoyo total por atender puntualmente las demandas y peticiones ciudadanas.<\/p>\n","protected":false},"excerpt":{"rendered":"<p>Luego de la arbitraria detenci\u00f3n y consignaci\u00f3n de dos l\u00edderes sociales que defend\u00edan predios catalogados como reserva ecol\u00f3gica, invadidos por particulares, el diputado David Parra S\u00e1nchez subi\u00f3 ante el pleno legislativo, un punto de acuerdo para que la secretaria de Ecolog\u00eda intervenga y se evite este tipo de hechos no solo en este municipio, sino en toda la entidad mexiquense y el cual fue aprobado por unanimidad.<\/p>\n","protected":false},"author":3,"featured_media":597774,"comment_status":"open","ping_status":"open","sticky":false,"template":"","format":"standard","meta":{"_monsterinsights_skip_tracking":false,"_monsterinsights_sitenote_active":false,"_monsterinsights_sitenote_note":"","_monsterinsights_sitenote_category":0,"footnotes":""},"categories":[5],"tags":[29035,43675,970,37069,92554],"class_list":["post-597671","post","type-post","status-publish","format-standard","has-post-thumbnail","hentry","category-estado-de-mexico","tag-david-parra-sanchez","tag-estado-de-mexico","tag-naucalpan","tag-proteger","tag-reserva"],"_links":{"self":[{"href":"https:\/\/www.diarioimagen.net\/index.php?rest_route=\/wp\/v2\/posts\/597671","targetHints":{"allow":["GET"]}}],"collection":[{"href":"https:\/\/www.diarioimagen.net\/index.php?rest_route=\/wp\/v2\/posts"}],"about":[{"href":"https:\/\/www.diarioimagen.net\/index.php?rest_route=\/wp\/v2\/types\/post"}],"author":[{"embeddable":true,"href":"https:\/\/www.diarioimagen.net\/index.php?rest_route=\/wp\/v2\/users\/3"}],"replies":[{"embeddable":true,"href":"https:\/\/www.diarioimagen.net\/index.php?rest_route=%2Fwp%2Fv2%2Fcomments&post=597671"}],"version-history":[{"count":0,"href":"https:\/\/www.diarioimagen.net\/index.php?rest_route=\/wp\/v2\/posts\/597671\/revisions"}],"wp:featuredmedia":[{"embeddable":true,"href":"https:\/\/www.diarioimagen.net\/index.php?rest_route=\/wp\/v2\/media\/597774"}],"wp:attachment":[{"href":"https:\/\/www.diarioimagen.net\/index.php?rest_route=%2Fwp%2Fv2%2Fmedia&parent=597671"}],"wp:term":[{"taxonomy":"category","embeddable":true,"href":"https:\/\/www.diarioimagen.net\/index.php?rest_route=%2Fwp%2Fv2%2Fcategories&post=597671"},{"taxonomy":"post_tag","embeddable":true,"href":"https:\/\/www.diarioimagen.net\/index.php?rest_route=%2Fwp%2Fv2%2Ftags&post=597671"}],"curies":[{"name":"wp","href":"https:\/\/api.w.org\/{rel}","templated":true}]}}