{"id":597675,"date":"2023-10-05T00:04:37","date_gmt":"2023-10-05T06:04:37","guid":{"rendered":"https:\/\/www.diarioimagen.net\/?p=597675"},"modified":"2023-10-05T02:35:19","modified_gmt":"2023-10-05T08:35:19","slug":"presenta-gobierno-de-ecatepec-denuncia-contra-gruas-del-pacifico","status":"publish","type":"post","link":"https:\/\/www.diarioimagen.net\/?p=597675","title":{"rendered":"Presenta gobierno de Ecatepec denuncia contra Gr\u00faas del Pac\u00edfico"},"content":{"rendered":"<p>&nbsp;<\/p>\n<p><a href=\"https:\/\/www.diarioimagen.net\/?attachment_id=597768\" rel=\"attachment wp-att-597768\"><img loading=\"lazy\" decoding=\"async\" class=\"aligncenter size-full wp-image-597768\" src=\"https:\/\/www.diarioimagen.net\/wp-content\/uploads\/2023\/10\/presenta-gobierno.jpg\" alt=\"\" width=\"460\" height=\"270\" \/><\/a><\/p>\n<p>&nbsp;<\/p>\n<p><strong>Valle de M\u00e9xico.\u2014 <\/strong>Personal jur\u00eddico del gobierno de Ecatepec present\u00f3 una denuncia penal en contra de la empresa Gr\u00faas del Pac\u00edfico por los delitos de ataques a las v\u00edas de comunicaci\u00f3n y privaci\u00f3n ilegal de la libertad.<\/p>\n<p>Esto, luego de que operadores de dicha empresa llevaron a cabo bloqueos en diferentes vialidades del municipio y retuvieron a personal de la empresa Resguardos Mexicanos que acudi\u00f3 a atender un incidente vial registrado en la avenida revoluci\u00f3n de este municipio.<\/p>\n<p>La empresa intenta presionar a las autoridades locales para que se les permita operar en el municipio, a pesar de no contar con concesi\u00f3n para la prestaci\u00f3n del servicio.C\u00e9sar de Jes\u00fas Garc\u00eda Pacheco, director de Seguridad P\u00fablica y Tr\u00e1nsito de Ecatepec, acompa\u00f1ado de personal jur\u00eddico del ayuntamiento, acudi\u00f3 al Ministerio P\u00fablico de San Crist\u00f3bal para presentar las carpetas de investigaci\u00f3n correspondientes.<\/p>\n","protected":false},"excerpt":{"rendered":"<p>Personal jur\u00eddico del gobierno de Ecatepec present\u00f3 una denuncia penal en contra de la empresa Gr\u00faas del Pac\u00edfico por los delitos de ataques a las v\u00edas de comunicaci\u00f3n y privaci\u00f3n ilegal de la libertad.<\/p>\n","protected":false},"author":3,"featured_media":597768,"comment_status":"open","ping_status":"open","sticky":false,"template":"","format":"standard","meta":{"_monsterinsights_skip_tracking":false,"_monsterinsights_sitenote_active":false,"_monsterinsights_sitenote_note":"","_monsterinsights_sitenote_category":0,"footnotes":""},"categories":[5],"tags":[455,454,98701],"class_list":["post-597675","post","type-post","status-publish","format-standard","has-post-thumbnail","hentry","category-estado-de-mexico","tag-denuncia","tag-ecatepec","tag-gruas-del-pacifico"],"_links":{"self":[{"href":"https:\/\/www.diarioimagen.net\/index.php?rest_route=\/wp\/v2\/posts\/597675","targetHints":{"allow":["GET"]}}],"collection":[{"href":"https:\/\/www.diarioimagen.net\/index.php?rest_route=\/wp\/v2\/posts"}],"about":[{"href":"https:\/\/www.diarioimagen.net\/index.php?rest_route=\/wp\/v2\/types\/post"}],"author":[{"embeddable":true,"href":"https:\/\/www.diarioimagen.net\/index.php?rest_route=\/wp\/v2\/users\/3"}],"replies":[{"embeddable":true,"href":"https:\/\/www.diarioimagen.net\/index.php?rest_route=%2Fwp%2Fv2%2Fcomments&post=597675"}],"version-history":[{"count":0,"href":"https:\/\/www.diarioimagen.net\/index.php?rest_route=\/wp\/v2\/posts\/597675\/revisions"}],"wp:featuredmedia":[{"embeddable":true,"href":"https:\/\/www.diarioimagen.net\/index.php?rest_route=\/wp\/v2\/media\/597768"}],"wp:attachment":[{"href":"https:\/\/www.diarioimagen.net\/index.php?rest_route=%2Fwp%2Fv2%2Fmedia&parent=597675"}],"wp:term":[{"taxonomy":"category","embeddable":true,"href":"https:\/\/www.diarioimagen.net\/index.php?rest_route=%2Fwp%2Fv2%2Fcategories&post=597675"},{"taxonomy":"post_tag","embeddable":true,"href":"https:\/\/www.diarioimagen.net\/index.php?rest_route=%2Fwp%2Fv2%2Ftags&post=597675"}],"curies":[{"name":"wp","href":"https:\/\/api.w.org\/{rel}","templated":true}]}}