{"id":597691,"date":"2023-10-04T00:01:12","date_gmt":"2023-10-04T06:01:12","guid":{"rendered":"https:\/\/www.diarioimagen.net\/?p=597691"},"modified":"2023-10-05T22:17:00","modified_gmt":"2023-10-06T04:17:00","slug":"cancun-se-consolida-como-el-mejor-destino-del-caribe-en-rio-de-janeiro","status":"publish","type":"post","link":"https:\/\/www.diarioimagen.net\/?p=597691","title":{"rendered":"Canc\u00fan se consolida como el mejor destino del Caribe en R\u00edo de Janeiro"},"content":{"rendered":"<h2>De cinco estrellas<\/h2>\n<h5>Victoria Gonz\u00e1lez Prado<\/h5>\n<p>&nbsp;<\/p>\n<ul>\n<li><strong>United Airlines<em> presenta el mundo de la aviaci\u00f3n para inspirar a las ni\u00f1as <\/em><\/strong><\/li>\n<li><strong><em>La tercera edici\u00f3n de <\/em>Forward_MAD<em>, del 28 al 30 de noviembre, en Madrid<\/em><\/strong><\/li>\n<\/ul>\n<p>&nbsp;<\/p>\n<div id=\"attachment_597737\" style=\"width: 470px\" class=\"wp-caption aligncenter\"><a href=\"https:\/\/www.diarioimagen.net\/?attachment_id=597737\" rel=\"attachment wp-att-597737\"><img loading=\"lazy\" decoding=\"async\" aria-describedby=\"caption-attachment-597737\" class=\"wp-image-597737 size-full\" src=\"https:\/\/www.diarioimagen.net\/wp-content\/uploads\/2023\/10\/turismo-estrellas-1.jpg\" alt=\"\" width=\"460\" height=\"270\" \/><\/a><p id=\"caption-attachment-597737\" class=\"wp-caption-text\">Canc\u00fan, el mejor destino del Caribe.<\/p><\/div>\n<p>&nbsp;<\/p>\n<p>En el marco de la Feria de las Am\u00e9ricas 2023 celebrada en R\u00edo de Janeiro, Brasil, <strong>Javier Aranda Pedrero<\/strong>, director del Consejo de Promoci\u00f3n Tur\u00edstica de Quintana Roo, recibi\u00f3 la noticia de que Canc\u00fan fue elegido como el Mejor Destino del Caribe por la revista <em>Viagem e Turismo<\/em>.<\/p>\n<p>\u201cSi bien hemos trabajado para que nuestro destino ofrezca cada vez m\u00e1s y mejores experiencias para todos nuestros visitantes, este reconocimiento es el resultado de la confianza de los turistas y del gran trabajo de todo el sector tur\u00edstico local\u201d se\u00f1al\u00f3 <strong>Aranda Pedrero<\/strong>.<\/p>\n<p>En esta Feria, se re\u00fanen agentes de turismo, representaciones de destinos, atracciones tur\u00edsticas, espacios para eventos, hoteles, medios de comunicaci\u00f3n, agencias <em>online <\/em>y muchos otros para conocer nuevos productos, lanzamientos, establecer contactos comerciales y transformar las tendencias del sector tur\u00edstico en el mundo.<\/p>\n<p>La revista es una publicaci\u00f3n que, desde hace varios a\u00f1os premia a los destinos y prestadores de servicios que ofrecen altos est\u00e1ndares de calidad y experiencias a los turistas.<\/p>\n<p>\u201cNuestro compromiso es con la excelencia en la experiencia tur\u00edstica y el amplio portafolio de hoteles y actividades que podemos ofrecer en Canc\u00fan y nuestros otros destinos, con lo cual, buscamos atraer no s\u00f3lo reconocimientos, sino a los turistas para que conozcan todo lo que Canc\u00fan, y por supuesto Quintana Roo, tienen para ofrecer\u201d concluy\u00f3 <strong>Javier Aranda<\/strong>.<\/p>\n<p>El estado de Quintana Roo vislumbra un futuro lleno de nuevos \u00e9xitos en la industria, afianzando su posici\u00f3n como l\u00edder indiscutible en el \u00e1mbito tur\u00edstico mundial.<\/p>\n<p>\u2730\u2730\u2730\u2730\u2730 Con el prop\u00f3sito de inspirar a las ni\u00f1as a explorar carreras en la aviaci\u00f3n, <em>United Airlines,<\/em> en colaboraci\u00f3n con la Fundaci\u00f3n Ayuda y Solidaridad con las Ni\u00f1as de la Calle<strong>,<\/strong> celebr\u00f3 en el Aeropuerto Internacional de la Ciudad de M\u00e9xico (AICM) un importante evento en el que por medio del programa \u201cD\u00eda de las Ni\u00f1as en la Aviaci\u00f3n\u201d, 14 j\u00f3venes tuvieron oportunidad de sumergirse en este gran mundo y aprender sobre las numerosas profesiones que esta industria ofrece.<\/p>\n<p>El programa \u201cD\u00eda de las Ni\u00f1as en la Aviaci\u00f3n\u201d les permiti\u00f3 interactuar con mujeres que desempe\u00f1an roles fundamentales en diversas \u00e1reas de la operaci\u00f3n de <em>United Airlines<\/em>, incluyendo mantenimiento de aeronaves, operaciones en rampa, <em>catering,<\/em> carga y atenci\u00f3n al cliente.<\/p>\n<p>La iniciativa, celebrada por primera vez en la Ciudad de M\u00e9xico y por segunda vez en Am\u00e9rica Latina, es el resultado de la colaboraci\u00f3n entre la aerol\u00ednea y Mujeres en Aviaci\u00f3n Internacional (WAI),\u00a0 organizaci\u00f3n sin fines de lucro dedicada a impulsar y promover la participaci\u00f3n de mujeres en todos los aspectos de la industria de aeron\u00e1utica.<\/p>\n<p><strong>Margarita Robles<\/strong>, directora de uIMPACT para Latinoam\u00e9rica y el Caribe de la compa\u00f1\u00eda a\u00e9rea, destac\u00f3 la importancia del evento al se\u00f1alar que inspira a considerar carreras relacionadas, contribuye a derribar estereotipos de g\u00e9nero arraigados en la industria y alienta a las ni\u00f1as a perseguir sus sue\u00f1os y aspiraciones.<\/p>\n<p>Este a\u00f1o, el programa \u201cD\u00eda de las Ni\u00f1as en la Aviaci\u00f3n\u201d de <em>United Airlines<\/em> se extender\u00e1 a aeropuertos de otros pa\u00edses de Am\u00e9rica Latina, como S\u00e3o Paulo (Brasil), Bogot\u00e1 (Colombia), Quito (Ecuador), Ciudad de Panam\u00e1 (Panam\u00e1), Liberia y San Jos\u00e9, (Costa Rica)\u00a0 y Buenos Aires (Argentina).<\/p>\n<p>\u2730\u2730\u2730\u2730\u2730 La tercera edici\u00f3n de <em>Forward_MAD<\/em>, del 28 al 30 de noviembre en Madrid, Espa\u00f1a, ser\u00e1 centro del sector de viajes de alto impacto. La sede ser\u00e1 el Museo de Arte Contempor\u00e1neo y contar\u00e1 con el apoyo de la Comunidad de Madrid, la participaci\u00f3n y asistencia de profesionales internacionales de agencias de viajes, hoteles, fondos de inversi\u00f3n, medios de transporte, <em>tours<\/em> y otras actividades.<\/p>\n<p>Expertos en la industria del lujo y empresas asociadas de turismo, estilo de vida o moda analizar\u00e1n la evoluci\u00f3n de estos sectores, y el segmento de turismo y viajeros que ha evolucionado desde un terreno con fronteras definidas y poco permeables, a un concepto m\u00e1s vol\u00e1til y flexible, capaz de acomodar las necesidades y prioridades de muchos p\u00fablicos. No solo se ha adaptado a las nuevas tendencias de distintas\u00a0 generaciones, sino que la noci\u00f3n tradicional de \u201clujo\u201d se ha ampliado para dar cabida a nuevas demandas de los viajeros.<\/p>\n<p>Al igual que en ediciones anteriores, el programa combinar\u00e1 ponencias y mesas redondas, en las que se abordar\u00e1n las tendencias, retos y oportunidades en el segmento tur\u00edstico de alto valor, con oportunidades para ampliar su red profesional de contactos. Uno de los objetivos de <em>Forward_MAD\u00a0 2023<\/em> es crear y ampliar el ecosistema del turismo de lujo para impulsar y consolidar Madrid como destino en este segmento. Especial relevancia cobrar\u00e1n la artesan\u00eda y los oficios de la regi\u00f3n, imprescindibles como elemento diferenciador con respecto a otros destinos.<\/p>\n<p>Entre los ponentes confirmados est\u00e1n: <strong>Luis Mart\u00edn<\/strong>, director de Turismo de la Comunidad de Madrid; <strong>Hanna Kleber<\/strong>, presidente de <em>Kleber Group; <\/em><strong>Yuriy Horovyy<\/strong>, fundador y consejero delegado de <em>Almont Travel<\/em> (Reino Unido); <strong>Jules Schroeder<\/strong>, <em>Chief Operations Officer<\/em> de <em>Insider Expeditions<\/em> (Estados Unidos); <strong>Francisco Carvalheira<\/strong>, secretario general de Laurel (Portugal); <strong>Clara Elliott-Bauz\u00e1<\/strong>, <em>Brand Partnership Lead<\/em> de <em>TikTok; <\/em><strong>Silvia Mart\u00ednez<\/strong>, directora de Turismo de Galer\u00eda Canalejas (Madrid).<\/p>\n<p>Tambi\u00e9n, <strong>Filip Boyen<\/strong>, <em>Senior Advisor, Corinthia Hotels: <\/em><strong>Fernando Vives<\/strong>, <em>Chief Comercial Officer<\/em> de <em>NH Hoteles<\/em>; <strong>Natalia Bayona<\/strong>, directora ejecutiva de la Organizaci\u00f3n Mundial de Turismo (OMT); <strong>Maribel Rodr\u00edguez<\/strong>, SVP de Miembros, Comercial y Eventos del <em>World Travel &amp; Tourism Council<\/em> (WTTC); <strong>Chris Fradin<\/strong>, SVP de Servicios a Socios en EMEA &amp; APC, <em>Forbes Travel Guide; <\/em>\u00a0<strong>H\u00e9ctor Coronel<\/strong>, director de Turismo del Ayuntamiento de Madrid.<\/p>\n<p>El turismo ha continuado creciendo en Madrid desde la \u00faltima edici\u00f3n de <em>Forward_MAD<\/em> en octubre de 2022, en parte, por el fin de las restricciones de viajes a escala global.<\/p>\n<p>Seg\u00fan el Instituto Nacional de Estad\u00edstica (INE), cerca de 6.04 turistas internacionales visitaron la Comunidad de Madrid en 2022, a los que se sumaron cerca de 11 millones de viajes realizados por turistas espa\u00f1oles a la regi\u00f3n. De enero a julio de 2023, el volumen de turistas internacionales que visitaron la Comunidad de Madrid se increment\u00f3 casi 24 por ciento provenientes de Estados Unidos, Francia, M\u00e9xico e Italia como principales mercados emisores.<\/p>\n<p>Seg\u00fan cifras de Madrid Destino, de los 3.64 millones de viajeros que pernoctaron en hoteles de la capital espa\u00f1ola de enero a julio de este a\u00f1o, 2.33 millones eligieron hotel de cuatro estrellas y cerca de 424 mil turistas lo hicieron en hoteles de cinco estrellas, incremento de 8.9 y 7.3 por ciento con respecto a 2022.<\/p>\n<p>El segmento del turismo de lujo tiene m\u00e1s impacto en la econom\u00eda por el gasto que los viajeros hacen en los destinos que visitan. La tarifa media diaria de los hoteles en Madrid es de 139.98 euros, la de los hoteles de cuatro y cinco estrellas asciende a 202.98 euros y 280.96 euros, respectivamente. El ingreso medio por habitaci\u00f3n disponible es de 99.94 euros, mientras que en los hoteles de cuatro y cinco estrellas supera los 133 y los 172 euros.<\/p>\n<p>&nbsp;<\/p>\n<blockquote>\n<p style=\"text-align: right;\">\u201c<strong>El<\/strong> <strong>\u00e1ngel de la fama tiene sus alas hechas de papel&#8230; peri\u00f3dico\u201d.<br \/>\n<\/strong><\/p>\n<\/blockquote>\n<p>&nbsp;<\/p>\n<p><em><span class=\"Apple-converted-space\"><a href=\"mailto:victoriagprado@gmail.com\" target=\"_blank\" rel=\"noopener noreferrer\">victoriagprado@gmail.com<\/a><br \/>\nTwitter: <a href=\"https:\/\/twitter.com\/victoriagprado\" target=\"_blank\" rel=\"noopener noreferrer\">@victoriagprado<\/a><\/span><\/em><\/p>\n","protected":false},"excerpt":{"rendered":"<p>En el marco de la Feria de las Am\u00e9ricas 2023 celebrada en R\u00edo de Janeiro, Brasil, <strong>Javier Aranda Pedrero<\/strong>, director del Consejo de Promoci\u00f3n Tur\u00edstica de Quintana Roo, recibi\u00f3 la noticia de que Canc\u00fan fue elegido como el Mejor Destino del Caribe por la revista <em>Viagem e Turismo<\/em>.<\/p>\n","protected":false},"author":3,"featured_media":597737,"comment_status":"open","ping_status":"open","sticky":false,"template":"","format":"standard","meta":{"_monsterinsights_skip_tracking":false,"_monsterinsights_sitenote_active":false,"_monsterinsights_sitenote_note":"","_monsterinsights_sitenote_category":0,"footnotes":""},"categories":[11],"tags":[107,43674,106],"class_list":["post-597691","post","type-post","status-publish","format-standard","has-post-thumbnail","hentry","category-turismo","tag-de-cinco-estrellas","tag-opinion","tag-victoria-gonzalez-prado"],"_links":{"self":[{"href":"https:\/\/www.diarioimagen.net\/index.php?rest_route=\/wp\/v2\/posts\/597691","targetHints":{"allow":["GET"]}}],"collection":[{"href":"https:\/\/www.diarioimagen.net\/index.php?rest_route=\/wp\/v2\/posts"}],"about":[{"href":"https:\/\/www.diarioimagen.net\/index.php?rest_route=\/wp\/v2\/types\/post"}],"author":[{"embeddable":true,"href":"https:\/\/www.diarioimagen.net\/index.php?rest_route=\/wp\/v2\/users\/3"}],"replies":[{"embeddable":true,"href":"https:\/\/www.diarioimagen.net\/index.php?rest_route=%2Fwp%2Fv2%2Fcomments&post=597691"}],"version-history":[{"count":0,"href":"https:\/\/www.diarioimagen.net\/index.php?rest_route=\/wp\/v2\/posts\/597691\/revisions"}],"wp:featuredmedia":[{"embeddable":true,"href":"https:\/\/www.diarioimagen.net\/index.php?rest_route=\/wp\/v2\/media\/597737"}],"wp:attachment":[{"href":"https:\/\/www.diarioimagen.net\/index.php?rest_route=%2Fwp%2Fv2%2Fmedia&parent=597691"}],"wp:term":[{"taxonomy":"category","embeddable":true,"href":"https:\/\/www.diarioimagen.net\/index.php?rest_route=%2Fwp%2Fv2%2Fcategories&post=597691"},{"taxonomy":"post_tag","embeddable":true,"href":"https:\/\/www.diarioimagen.net\/index.php?rest_route=%2Fwp%2Fv2%2Ftags&post=597691"}],"curies":[{"name":"wp","href":"https:\/\/api.w.org\/{rel}","templated":true}]}}