{"id":597783,"date":"2023-10-06T00:01:00","date_gmt":"2023-10-06T06:01:00","guid":{"rendered":"https:\/\/www.diarioimagen.net\/?p=597783"},"modified":"2023-10-08T22:43:35","modified_gmt":"2023-10-09T04:43:35","slug":"un-retroceso-en-materia-migratoria-aval-de-biden-para-extender-muro-amlo","status":"publish","type":"post","link":"https:\/\/www.diarioimagen.net\/?p=597783","title":{"rendered":"Un retroceso en materia migratoria, aval de Biden para extender muro: AMLO"},"content":{"rendered":"<p>&nbsp;<\/p>\n<h3 style=\"text-align: center;\">\u201cHay fuerte presi\u00f3n de republicanos\u201d<\/h3>\n<p><em>\u00a0<\/em><\/p>\n<ul>\n<li><em><strong>Decisi\u00f3n de extender barreras no resuelve el problema, dice el presidente mexicano<\/strong><\/em><\/li>\n<\/ul>\n<p>&nbsp;<\/p>\n<div id=\"attachment_597870\" style=\"width: 470px\" class=\"wp-caption aligncenter\"><a href=\"https:\/\/www.diarioimagen.net\/?attachment_id=597870\" rel=\"attachment wp-att-597870\"><img loading=\"lazy\" decoding=\"async\" aria-describedby=\"caption-attachment-597870\" class=\"size-full wp-image-597870\" src=\"https:\/\/www.diarioimagen.net\/wp-content\/uploads\/2023\/10\/amlo-2.jpg\" alt=\"\" width=\"460\" height=\"270\" \/><\/a><p id=\"caption-attachment-597870\" class=\"wp-caption-text\">Andr\u00e9s Manuel L\u00f3pez Obrador calific\u00f3 el aval de Joe Biden para extender el muro fronterizo en Texas como un retroceso en las medidas para enfrentar el problema migratorio.<\/p><\/div>\n<p>&nbsp;<\/p>\n<p>El presidente Andr\u00e9s Manuel L\u00f3pez Obrador se\u00f1al\u00f3 que el aval que otorg\u00f3 el mandatario estadunidense Joe Biden para que se construya m\u00e1s muro en Texas representa un retroceso en las medidas para enfrentar el problema migratorio.<\/p>\n<p>No obstante, consider\u00f3 que la decisi\u00f3n de Biden obedeci\u00f3 a las fuertes presiones del Partido Republicano, enfatizando en que es necesario atender las causas que originan la migraci\u00f3n apoyando a los paises de Centroam\u00e9rica y el Caribe que enfrentan una coyuntura compleja.<\/p>\n<p>Se\u00f1al\u00f3 que esta decisi\u00f3n de Biden es contraria a la pol\u00edtica que hab\u00eda seguido, pues hasta ahora es el \u00fanico presidente de los \u00faltimos que ha tenido Estados Unidos que no ha construido muro. A pesar del anuncio, L\u00f3pez Obrador afirm\u00f3 que los republicanos est\u00e1n actuando de manera muy irresponsable \u00a0y presionando muy fuerte al presidente Biden \u201cque siempre va a contar con nuestro apoyo\u201d, pero esa decisi\u00f3n de construir muro no resuelve el problema.<\/p>\n<p>\u201cEntiendo que hay fuertes presiones de grupos pol\u00edticos de extrema derecha sobre todo que quieren aprovechar el fen\u00f3meno migratorio, el consumo de las drogas\u00a0 por cuestiones electorales . Hay mucha politiquer\u00eda cuando se acercan las elecciones y los del partido republicano, no todos. Pero si un sector, legisladores est\u00e1n en una actitud de mucha intolerancia, muy insensatos, poco responsables\u201d.<\/p>\n<p>Acus\u00f3 a los legisladores republicanos de maquiav\u00e9licos, pues asumen que el fin justifica los medios, por eso presionan y fueron capaces de destituir al presidente de la c\u00e1mara de Diputados de su propio partido porque lo sintieron conciliador y \u201cestos quieren la confrontaci\u00f3n. Esos extremistas legisladores del partido republicano no ayudan a su pa\u00eds. Lo destituyeron porque quer\u00edan que se parara el gobierno de Estados Unidos, provocando una crisis, a quien le afecta. Al pueblo estadounidense y posiblemente a nosotros y otros pueblos, por su sectarismo, fanatismo, sus ambiciones politiqueras\u201d.<\/p>\n<p>En su desempe\u00f1o ni siquiera se puede decir que sea porque no est\u00e1n pensando en el bienestar del pueblo estadounidense sino su horizonte es ver c\u00f3mo se encaraman en sus cargos, como logran reelegirse, como ganar la Presidencia de la Rep\u00fablica. \u201c\u00bfQu\u00e9 dec\u00eda Maquiavelo en el medioevo? El fin justifica los medios. La pol\u00edtica es un imperativo \u00e9tico, est\u00e1n actuando de manera muy irresponsable\u201d.<\/p>\n<p style=\"text-align: center;\"><strong>Acuerdo con trabajadores de Notimex para su liquidaci\u00f3n<\/strong><\/p>\n<p>El presidente L\u00f3pez Obrador confirm\u00f3 que ya se lleg\u00f3 a un acuerdo con los trabajadores de la agencia Notimex y que se les va a liquidar a todos, desde sindicalizados hasta personal de confianza, aunque dijo que desconoce el monto que se les entregar\u00e1 a cada uno.<\/p>\n<p>\u201cNo conozco los detalles, pero s\u00e9 que ya se lleg\u00f3 a un acuerdo para atender a todos los trabajadores de conformidad con la ley. Tanto a los trabajadores sindicalizados como de confianza se les va a liquidar, no conozco el monto que va a entregarse a cada trabajador, pero ya est\u00e1 autorizado el presupuesto y es un acuerdo entre las partes, se logr\u00f3 despu\u00e9s de mucho tiempo el consenso\u201d, coment\u00f3.<\/p>\n","protected":false},"excerpt":{"rendered":"<p>El presidente Andr\u00e9s Manuel L\u00f3pez Obrador se\u00f1al\u00f3 que el aval que otorg\u00f3 el mandatario estadunidense Joe Biden para que se construya m\u00e1s muro en Texas representa un retroceso en las medidas para enfrentar el problema migratorio.<\/p>\n","protected":false},"author":3,"featured_media":597870,"comment_status":"open","ping_status":"open","sticky":false,"template":"","format":"standard","meta":{"_monsterinsights_skip_tracking":false,"_monsterinsights_sitenote_active":false,"_monsterinsights_sitenote_note":"","_monsterinsights_sitenote_category":0,"footnotes":""},"categories":[3],"tags":[2545,22459,52225],"class_list":["post-597783","post","type-post","status-publish","format-standard","has-post-thumbnail","hentry","category-nacional","tag-amlo","tag-joe-biden","tag-muro-fronterizo"],"_links":{"self":[{"href":"https:\/\/www.diarioimagen.net\/index.php?rest_route=\/wp\/v2\/posts\/597783","targetHints":{"allow":["GET"]}}],"collection":[{"href":"https:\/\/www.diarioimagen.net\/index.php?rest_route=\/wp\/v2\/posts"}],"about":[{"href":"https:\/\/www.diarioimagen.net\/index.php?rest_route=\/wp\/v2\/types\/post"}],"author":[{"embeddable":true,"href":"https:\/\/www.diarioimagen.net\/index.php?rest_route=\/wp\/v2\/users\/3"}],"replies":[{"embeddable":true,"href":"https:\/\/www.diarioimagen.net\/index.php?rest_route=%2Fwp%2Fv2%2Fcomments&post=597783"}],"version-history":[{"count":0,"href":"https:\/\/www.diarioimagen.net\/index.php?rest_route=\/wp\/v2\/posts\/597783\/revisions"}],"wp:featuredmedia":[{"embeddable":true,"href":"https:\/\/www.diarioimagen.net\/index.php?rest_route=\/wp\/v2\/media\/597870"}],"wp:attachment":[{"href":"https:\/\/www.diarioimagen.net\/index.php?rest_route=%2Fwp%2Fv2%2Fmedia&parent=597783"}],"wp:term":[{"taxonomy":"category","embeddable":true,"href":"https:\/\/www.diarioimagen.net\/index.php?rest_route=%2Fwp%2Fv2%2Fcategories&post=597783"},{"taxonomy":"post_tag","embeddable":true,"href":"https:\/\/www.diarioimagen.net\/index.php?rest_route=%2Fwp%2Fv2%2Ftags&post=597783"}],"curies":[{"name":"wp","href":"https:\/\/api.w.org\/{rel}","templated":true}]}}