{"id":597798,"date":"2023-10-06T00:04:33","date_gmt":"2023-10-06T06:04:33","guid":{"rendered":"https:\/\/www.diarioimagen.net\/?p=597798"},"modified":"2023-10-06T00:53:52","modified_gmt":"2023-10-06T06:53:52","slug":"inician-mas-obras-publicas-en-cuautitlan-izcalli","status":"publish","type":"post","link":"https:\/\/www.diarioimagen.net\/?p=597798","title":{"rendered":"Inician m\u00e1s obras p\u00fablicas en Cuautitl\u00e1n Izcalli"},"content":{"rendered":"<p>&nbsp;<\/p>\n<p><a href=\"https:\/\/www.diarioimagen.net\/?attachment_id=597896\" rel=\"attachment wp-att-597896\"><img loading=\"lazy\" decoding=\"async\" class=\"aligncenter size-full wp-image-597896\" src=\"https:\/\/www.diarioimagen.net\/wp-content\/uploads\/2023\/10\/inician-mas-obras.jpg\" alt=\"\" width=\"460\" height=\"270\" \/><\/a><\/p>\n<p>&nbsp;<\/p>\n<p><strong>Cuautitl\u00e1n Izcalli, Estado de M\u00e9xico.\u2014 <\/strong>A fin de dotar de mejores vialidades y espacios dignos para las y los izcallenses, la presidenta municipal Karla Fiesco Garc\u00eda, en compa\u00f1\u00eda de autoridades auxiliares y municipales dieron el arranque de las obras Construcci\u00f3n de barda y rehabilitaci\u00f3n de las instalaciones en el Centro de Salud Xhala, as\u00ed como de la rehabilitaci\u00f3n de calle Mariano Matamoros en el pueblo San Sebasti\u00e1n Xhala, donde tambi\u00e9n se llev\u00f3 a cabo el D\u00eda Ciudadano.<\/p>\n<p>La alcaldesa destac\u00f3 su compromiso en brindar m\u00e1s servicios y obras de calidad a San Sebasti\u00e1n Xhala. \u201cNuestro objetivo es que ustedes tengan un entorno m\u00e1s seguro y pr\u00f3spero, seguiremos trabajando en proyectos que mejoren la infraestructura y la calidad de vida de las familias\u201d, dijo.<\/p>\n<p>Con una inversi\u00f3n de 7 millones, 771 mil 834.06 pesos se llevar\u00e1 a cabo la construcci\u00f3n de barda perimetral de reja de acero, la rehabilitaci\u00f3n de n\u00facleos sanitarios, pintura e impermeabilizaci\u00f3n, as\u00ed como instalaci\u00f3n el\u00e9ctrica e hidr\u00e1ulica en el Centro de Salud Xhala,de igual forma, se colocar\u00e1 mezcla asf\u00e1ltica de 7cm de espesor en 4,853.80 m2 en la calle Mariano Matamoros. Estos trabajos beneficiar\u00e1n a m\u00e1s de cinco mil 700 habitantes.<\/p>\n","protected":false},"excerpt":{"rendered":"<p>A fin de dotar de mejores vialidades y espacios dignos para las y los izcallenses, la presidenta municipal Karla Fiesco Garc\u00eda, en compa\u00f1\u00eda de autoridades auxiliares y municipales dieron el arranque de las obras Construcci\u00f3n de barda y rehabilitaci\u00f3n de las instalaciones en el Centro de Salud Xhala, as\u00ed como de la rehabilitaci\u00f3n de calle Mariano Matamoros en el pueblo San Sebasti\u00e1n Xhala, donde tambi\u00e9n se llev\u00f3 a cabo el D\u00eda Ciudadano.<\/p>\n","protected":false},"author":3,"featured_media":597896,"comment_status":"open","ping_status":"open","sticky":false,"template":"","format":"standard","meta":{"_monsterinsights_skip_tracking":false,"_monsterinsights_sitenote_active":false,"_monsterinsights_sitenote_note":"","_monsterinsights_sitenote_category":0,"footnotes":""},"categories":[5],"tags":[971,43675,13417],"class_list":["post-597798","post","type-post","status-publish","format-standard","has-post-thumbnail","hentry","category-estado-de-mexico","tag-cuautitlan-izcalli","tag-estado-de-mexico","tag-obras"],"_links":{"self":[{"href":"https:\/\/www.diarioimagen.net\/index.php?rest_route=\/wp\/v2\/posts\/597798","targetHints":{"allow":["GET"]}}],"collection":[{"href":"https:\/\/www.diarioimagen.net\/index.php?rest_route=\/wp\/v2\/posts"}],"about":[{"href":"https:\/\/www.diarioimagen.net\/index.php?rest_route=\/wp\/v2\/types\/post"}],"author":[{"embeddable":true,"href":"https:\/\/www.diarioimagen.net\/index.php?rest_route=\/wp\/v2\/users\/3"}],"replies":[{"embeddable":true,"href":"https:\/\/www.diarioimagen.net\/index.php?rest_route=%2Fwp%2Fv2%2Fcomments&post=597798"}],"version-history":[{"count":0,"href":"https:\/\/www.diarioimagen.net\/index.php?rest_route=\/wp\/v2\/posts\/597798\/revisions"}],"wp:featuredmedia":[{"embeddable":true,"href":"https:\/\/www.diarioimagen.net\/index.php?rest_route=\/wp\/v2\/media\/597896"}],"wp:attachment":[{"href":"https:\/\/www.diarioimagen.net\/index.php?rest_route=%2Fwp%2Fv2%2Fmedia&parent=597798"}],"wp:term":[{"taxonomy":"category","embeddable":true,"href":"https:\/\/www.diarioimagen.net\/index.php?rest_route=%2Fwp%2Fv2%2Fcategories&post=597798"},{"taxonomy":"post_tag","embeddable":true,"href":"https:\/\/www.diarioimagen.net\/index.php?rest_route=%2Fwp%2Fv2%2Ftags&post=597798"}],"curies":[{"name":"wp","href":"https:\/\/api.w.org\/{rel}","templated":true}]}}