{"id":597800,"date":"2023-10-06T00:01:46","date_gmt":"2023-10-06T06:01:46","guid":{"rendered":"https:\/\/www.diarioimagen.net\/?p=597800"},"modified":"2023-10-06T00:55:36","modified_gmt":"2023-10-06T06:55:36","slug":"descubren-una-toma-clandestina-de-agua-en-cuautitlan-izcalli-lider-de-acme-niega-estar-involucrado","status":"publish","type":"post","link":"https:\/\/www.diarioimagen.net\/?p=597800","title":{"rendered":"Descubren una toma clandestina de agua en Cuautitl\u00e1n Izcalli; l\u00edder de ACME niega estar involucrado"},"content":{"rendered":"<p>&nbsp;<\/p>\n<ul>\n<li><strong><em>Protestan vecinos por escasez del l\u00edquido<\/em><\/strong><\/li>\n<\/ul>\n<p>&nbsp;<\/p>\n<div id=\"attachment_597902\" style=\"width: 470px\" class=\"wp-caption aligncenter\"><a href=\"https:\/\/www.diarioimagen.net\/?attachment_id=597902\" rel=\"attachment wp-att-597902\"><img loading=\"lazy\" decoding=\"async\" aria-describedby=\"caption-attachment-597902\" class=\"size-full wp-image-597902\" src=\"https:\/\/www.diarioimagen.net\/wp-content\/uploads\/2023\/10\/descubren-toma.jpg\" alt=\"\" width=\"460\" height=\"270\" \/><\/a><p id=\"caption-attachment-597902\" class=\"wp-caption-text\">Vecinos de la colonia Atlanta, Primera Secci\u00f3n en Cuautitl\u00e1n Izcalli, tomaron las calles ante la falta del agua en sus hogares.<\/p><\/div>\n<p>&nbsp;<\/p>\n<p><strong>Cuautitl\u00e1n Izcalli, Estado de M\u00e9xico.\u2014<\/strong> Luego de que el sistema de agua municipal descubriera una conexi\u00f3n clandestina, por la que una empresa de pipas sustra\u00eda il\u00edcitamente agua potable de la red municipal, Jafet Sainz, l\u00edder de ACME, aclar\u00f3 que dicha organizaci\u00f3n nada tiene que ver con el desabasto de agua en la municipalidad.<\/p>\n<p>As\u00ed qued\u00f3 de manifiesto, luego de una protesta vecinal de habitantes de la colonia Atlanta, Primera Secci\u00f3n en Cuautitl\u00e1n Izcalli, en la que cansados de la falta del agua en sus hogares, la comunidad tom\u00f3 las calles y bloquearon la avenida Primero de Mayo en esta localidad.<\/p>\n<p>Los molestos vecinos culpaban a ACME (organizaci\u00f3n que preside Jafet Sainz) de que ante la falta del vital l\u00edquido las pipas propiedad de Carlos S\u00e1nchez lucraban con el costo del agua. Fue entonces que el que propio Jafet Sainz se present\u00f3 en el lugar del bloqueo y aclar\u00f3 de frente a Carlos S\u00e1nchez que ni \u00e9l y su empresa estaban afiliados a ACME, organizaci\u00f3n que nada ten\u00eda que ver en este asunto e incluso evidenci\u00f3 la existencia de un pozo y tomas clandestinas que surt\u00edan las pipas de ese se\u00f1or. Despu\u00e9s de varias horas, llegaron funcionarios del \u00e1rea de gobierno y despu\u00e9s se present\u00f3 el director del organismo descentralizado municipal Operagua, Alberto Vald\u00e9s Rodr\u00edguez, quien pidi\u00f3 al propietario de la empresa cuestionada revisar las instalaciones y la documentaci\u00f3n que aseguraba tener para sustraer y comercializar el agua potable.<\/p>\n<p>Tras varios minutos, sali\u00f3 la comitiva y sin soluci\u00f3n para los vecinos solicitaron la intervenci\u00f3n de la polic\u00eda municipal que detuvo al se\u00f1or Carlos S\u00e1nchez para presentarlo ante el Ministerio P\u00fablico e iniciar la averiguaci\u00f3n correspondiente; adem\u00e1s de exigir al director de Operagua que clausurara el sitio donde aseguran que m\u00e1s de 120 pipas son llenadas diariamente con el agua que se roba esa empresa.<\/p>\n","protected":false},"excerpt":{"rendered":"<p>Luego de que el sistema de agua municipal descubriera una conexi\u00f3n clandestina, por la que una empresa de pipas sustra\u00eda il\u00edcitamente agua potable de la red municipal, Jafet Sainz, l\u00edder de ACME, aclar\u00f3 que dicha organizaci\u00f3n nada tiene que ver con el desabasto de agua en la municipalidad.<\/p>\n","protected":false},"author":3,"featured_media":597902,"comment_status":"open","ping_status":"open","sticky":false,"template":"","format":"standard","meta":{"_monsterinsights_skip_tracking":false,"_monsterinsights_sitenote_active":false,"_monsterinsights_sitenote_note":"","_monsterinsights_sitenote_category":0,"footnotes":""},"categories":[5],"tags":[95121,971,43675,98706],"class_list":["post-597800","post","type-post","status-publish","format-standard","has-post-thumbnail","hentry","category-estado-de-mexico","tag-acme","tag-cuautitlan-izcalli","tag-estado-de-mexico","tag-involucfrado"],"_links":{"self":[{"href":"https:\/\/www.diarioimagen.net\/index.php?rest_route=\/wp\/v2\/posts\/597800","targetHints":{"allow":["GET"]}}],"collection":[{"href":"https:\/\/www.diarioimagen.net\/index.php?rest_route=\/wp\/v2\/posts"}],"about":[{"href":"https:\/\/www.diarioimagen.net\/index.php?rest_route=\/wp\/v2\/types\/post"}],"author":[{"embeddable":true,"href":"https:\/\/www.diarioimagen.net\/index.php?rest_route=\/wp\/v2\/users\/3"}],"replies":[{"embeddable":true,"href":"https:\/\/www.diarioimagen.net\/index.php?rest_route=%2Fwp%2Fv2%2Fcomments&post=597800"}],"version-history":[{"count":0,"href":"https:\/\/www.diarioimagen.net\/index.php?rest_route=\/wp\/v2\/posts\/597800\/revisions"}],"wp:featuredmedia":[{"embeddable":true,"href":"https:\/\/www.diarioimagen.net\/index.php?rest_route=\/wp\/v2\/media\/597902"}],"wp:attachment":[{"href":"https:\/\/www.diarioimagen.net\/index.php?rest_route=%2Fwp%2Fv2%2Fmedia&parent=597800"}],"wp:term":[{"taxonomy":"category","embeddable":true,"href":"https:\/\/www.diarioimagen.net\/index.php?rest_route=%2Fwp%2Fv2%2Fcategories&post=597800"},{"taxonomy":"post_tag","embeddable":true,"href":"https:\/\/www.diarioimagen.net\/index.php?rest_route=%2Fwp%2Fv2%2Ftags&post=597800"}],"curies":[{"name":"wp","href":"https:\/\/api.w.org\/{rel}","templated":true}]}}