{"id":597810,"date":"2023-10-06T00:02:56","date_gmt":"2023-10-06T06:02:56","guid":{"rendered":"https:\/\/www.diarioimagen.net\/?p=597810"},"modified":"2023-10-08T22:45:58","modified_gmt":"2023-10-09T04:45:58","slug":"fentanilo-migracion-y-contrabando-de-armas-prioridad-bilateral","status":"publish","type":"post","link":"https:\/\/www.diarioimagen.net\/?p=597810","title":{"rendered":"Fentanilo, migraci\u00f3n y contrabando de armas, prioridad bilateral"},"content":{"rendered":"<p>&nbsp;<\/p>\n<ul>\n<li><strong><em>Reuni\u00f3n de alto nivel M\u00e9xico-Estados Unidos<br \/>\n<\/em><\/strong><\/li>\n<\/ul>\n<p>&nbsp;<\/p>\n<div id=\"attachment_597878\" style=\"width: 470px\" class=\"wp-caption aligncenter\"><a href=\"https:\/\/www.diarioimagen.net\/?attachment_id=597878\" rel=\"attachment wp-att-597878\"><img loading=\"lazy\" decoding=\"async\" aria-describedby=\"caption-attachment-597878\" class=\"size-full wp-image-597878\" src=\"https:\/\/www.diarioimagen.net\/wp-content\/uploads\/2023\/10\/REUNION-ALTO-NIVEL.jpg\" alt=\"\" width=\"460\" height=\"270\" \/><\/a><p id=\"caption-attachment-597878\" class=\"wp-caption-text\">Delegaciones de M\u00e9xico y Estados Unidos participaron en la Reuni\u00f3n de Alto Nivel en Materia de Seguridad M\u00e9xico Estados Unidos, en Palacio Nacional .<\/p><\/div>\n<p>&nbsp;<\/p>\n<p>Se llev\u00f3 a cabo la Reuni\u00f3n de Alto Nivel en Materia de Seguridad M\u00e9xico Estados Unidos en Palacio Nacional, con la la coincidencia de las delegaciones de M\u00e9xico y Estados Unidos, de que las prioridades en la agenda bilateral en materia de seguridad es combatir el tr\u00e1fico il\u00edcito de drogas sint\u00e9ticas, en especial el fentanilo, que ha provocado una \u201ccrisis de salud p\u00fablica\u201d en la Uni\u00f3n Americana y contener el contrabando de armas a M\u00e9xico.<\/p>\n<p>El secretario de Estado Antony Blinken sostuvo que aun cuando ha habido muchos progresos en el combate al tr\u00e1fico de drogas sint\u00e9ticas y armas en la frontera com\u00fan, es necesario redoblar los esfuerzos para abatir el paso il\u00edcito de ambas. \u201ces necesario llevar a la justicia a las redes delictivas que se benefician de la violencia\u201d.<\/p>\n<p>El fiscal General de Estados Unidos Gerry Garland agradeci\u00f3 expresamente la reciente extradici\u00f3n de Ovidio Gumz\u00e1n, la cual calific\u00f3 de un \u201cs\u00edmbolo poderoso\u201d de la colaboraci\u00f3n bilateral. Reconoci\u00f3 que en M\u00e9xico las fuerzas armadas y corporaciones de seguridad han sufrido bajas en la lucha contra el narcotr\u00e1fico, por lo que reconoci\u00f3 su sacrificio.<\/p>\n<p>Por su parte la secretaria de Seguridad y Protecci\u00f3n Ciudadana, Rosa Icela Rodr\u00edguez comparti\u00f3 la visi\u00f3n de la necesidad de enfrentar conjuntamente este tr\u00e1fico de il\u00edcito enfatizando en que debe promoverse sobre la base del respeto a las soberan\u00edas de ambos pa\u00edses. Subray\u00f3 que solo mediante la coordinaci\u00f3n bilateral se podr\u00e1n alcanzar resultados concretos.<\/p>\n<p>Tras subrayar que M\u00e9xico colabora a contener el tr\u00e1fico de drogas sint\u00e9ticas sobre la base de una posici\u00f3n humanista destac\u00f3 que \u201cEstados Unidos tiene un complicado problema de salud p\u00fablica con el consumo de fentanilo. M\u00e9xico enfrenta el problema de la violencia por la disputa de grupos criminales cuyo dinero les permite abastecerse de armas en la frontera. Son c\u00edrculos viciosos de las que podemos salir si trabajamos conjuntamente.<\/p>\n<p>Primera oradora en el encuentro, la secretaria de Relaciones Exteriores, Alicia B\u00e1rcena enfatiz\u00f3 en la postura de M\u00e9xico de solicitar un reforzamiento de las acciones para controlar el contrabando de armas en la frontera hacia territorio nacional. Mencion\u00f3 que M\u00e9xico ha reforzado la revisi\u00f3n en sus puntos de entrada con nueva tecnolog\u00eda no intrusiva que permite mejorar el control de mercanc\u00edas il\u00edcitas.<\/p>\n<p>Por su parte, el secretario de Seguridad Nacional de Estados Unidos Alejandro Mayorkas asever\u00f3 que ambos pa\u00edses est\u00e1n adoptando medidas concretas para mejorar el combate al tr\u00e1fico il\u00edcito de armas y drogas.<\/p>\n<p>A su vez, el Fiscal General de la Rep\u00fablica, Alejandro Gertz Manero se\u00f1al\u00f3 que es complejo enfrentar las bandas que sistem\u00e1ticamente se dedican a violar la ley.- record\u00f3 que han trabajado con el secretario de Seguridad Nacional para enfrentar el grave problema de trafico de migrantes sobre la base del respeto a las soberan\u00edas nacionales.<\/p>\n","protected":false},"excerpt":{"rendered":"<p>Se llev\u00f3 a cabo la Reuni\u00f3n de Alto Nivel en Materia de Seguridad M\u00e9xico Estados Unidos en Palacio Nacional, con la la coincidencia de las delegaciones de M\u00e9xico y Estados Unidos, de que las prioridades en la agenda bilateral en materia de seguridad es combatir el tr\u00e1fico il\u00edcito de drogas sint\u00e9ticas, en especial el fentanilo, que ha provocado una \u201ccrisis de salud p\u00fablica\u201d en la Uni\u00f3n Americana y contener el contrabando de armas a M\u00e9xico.<\/p>\n","protected":false},"author":3,"featured_media":597878,"comment_status":"open","ping_status":"open","sticky":false,"template":"","format":"standard","meta":{"_monsterinsights_skip_tracking":false,"_monsterinsights_sitenote_active":false,"_monsterinsights_sitenote_note":"","_monsterinsights_sitenote_category":0,"footnotes":""},"categories":[17,3],"tags":[98707,95040,41588,22371],"class_list":["post-597810","post","type-post","status-publish","format-standard","has-post-thumbnail","hentry","category-especiales","category-nacional","tag-bilaterla","tag-contrabando","tag-prioridad","tag-reunion"],"_links":{"self":[{"href":"https:\/\/www.diarioimagen.net\/index.php?rest_route=\/wp\/v2\/posts\/597810","targetHints":{"allow":["GET"]}}],"collection":[{"href":"https:\/\/www.diarioimagen.net\/index.php?rest_route=\/wp\/v2\/posts"}],"about":[{"href":"https:\/\/www.diarioimagen.net\/index.php?rest_route=\/wp\/v2\/types\/post"}],"author":[{"embeddable":true,"href":"https:\/\/www.diarioimagen.net\/index.php?rest_route=\/wp\/v2\/users\/3"}],"replies":[{"embeddable":true,"href":"https:\/\/www.diarioimagen.net\/index.php?rest_route=%2Fwp%2Fv2%2Fcomments&post=597810"}],"version-history":[{"count":0,"href":"https:\/\/www.diarioimagen.net\/index.php?rest_route=\/wp\/v2\/posts\/597810\/revisions"}],"wp:featuredmedia":[{"embeddable":true,"href":"https:\/\/www.diarioimagen.net\/index.php?rest_route=\/wp\/v2\/media\/597878"}],"wp:attachment":[{"href":"https:\/\/www.diarioimagen.net\/index.php?rest_route=%2Fwp%2Fv2%2Fmedia&parent=597810"}],"wp:term":[{"taxonomy":"category","embeddable":true,"href":"https:\/\/www.diarioimagen.net\/index.php?rest_route=%2Fwp%2Fv2%2Fcategories&post=597810"},{"taxonomy":"post_tag","embeddable":true,"href":"https:\/\/www.diarioimagen.net\/index.php?rest_route=%2Fwp%2Fv2%2Ftags&post=597810"}],"curies":[{"name":"wp","href":"https:\/\/api.w.org\/{rel}","templated":true}]}}