{"id":597819,"date":"2023-10-06T00:00:07","date_gmt":"2023-10-06T06:00:07","guid":{"rendered":"https:\/\/www.diarioimagen.net\/?p=597819"},"modified":"2023-10-05T22:21:03","modified_gmt":"2023-10-06T04:21:03","slug":"edicion-29-del-encuentro-mariano-diocesano-en-cancun","status":"publish","type":"post","link":"https:\/\/www.diarioimagen.net\/?p=597819","title":{"rendered":"Edici\u00f3n 29 del Encuentro Mariano Diocesano, en Canc\u00fan"},"content":{"rendered":"<h2>Hora 14<\/h2>\n<h5>Mauricio Conde Olivares<\/h5>\n<p>&nbsp;<\/p>\n<p>SHA Wellness Clinic abri\u00f3 sus puertas en 2008, fruto de una experiencia de salud\u00a0\u00a0 transformadora de Alfredo Bataller Parietti, su fundador, que recuper\u00f3 su calidad de vida cambiando las claves de su alimentaci\u00f3n, y combinando las terapias naturales con los \u00faltimos avances de la medicina occidental.<\/p>\n<p>En sus 15 a\u00f1os de vida SHA ha desarrollado desde Espa\u00f1a un m\u00e9todo integrativo que han probado m\u00e1s de 65 mil personas.<\/p>\n<p>Actualmente continua su plan de expansi\u00f3n internacional a trav\u00e9s de la apertura de SHA Wellness Clinic en Me\u0301xico en enero de 2024, proyecto que por su envergadura, exclusividad e innovacio\u0301n y oferta de servicios cli\u0301nicos y wellness, y dicen que se convertir\u00e1 en el principal punto de referencia del sector de la salud y el bienestar en el continente americano.<\/p>\n<p>Le explico esta primicia para Quintana Roo: entre los proyectos de Luxury Hospitality de AB Living Group en M\u00e9xico, destaca The St. Regis Costa Mujeres y Almare by Luxury Collection ambos hoteles con oferta de exclusivas Residencias que est\u00e1n ya a la venta para quienes deseen vivir con el m\u00e1ximo confort, amenidades y servicio personalizado que ofrecen estas distinguidas marcas de renombre internacional.<\/p>\n<p>El principal proyecto para M\u00e9xico es la expansi\u00f3n de SHA Wellness Clinic al Continente Americano con la pr\u00f3xima apertura de SHA Wellness Clinic M\u00e9xico.\u00a0 Tambi\u00e9n les compartimos que en temas relativos a negocios, este grupo colabora con el despacho de comunicaci\u00f3n Spinto<strong>,<\/strong> socio y aliado estrat\u00e9gico de Proyecta Lab.<\/p>\n<p>Habiendo mejorado la salud y bienestar de cientos de personas alrededor del mundo, entre ellas una larga lista de personalidades, familias reales y Jefes de Estado, y habiendo recibido cerca de un centenar de reconocimientos por parte de las principales instituciones internacionales referentes en la materia, SHA asume ahora el reto de replicar su concepto en M\u00e9xico.<\/p>\n<p>Concretamente Costa Mujeres, es la localizaci\u00f3n elegida para la apertura prevista en el pa\u00eds en enero del 2024, buscando atender tanto al mercado norteamericano como latinoamericano desde esta ubicaci\u00f3n estrat\u00e9gica a nivel geogr\u00e1fico.<\/p>\n<p>SHA Wellness Clinic ofrece diversos programas de salud personalizados que se adaptan a las necesidades y objetivos de bienestar de cada persona. Los programas de salud se adaptan cuidadosamente a cada hu\u00e9sped a su llegada, siempre tras una experta evaluaci\u00f3n m\u00e9dica y terap\u00e9utica.<\/p>\n<p>En otro orden, le comento que en Canc\u00fan el comit\u00e9 organizador del Encuentro Mariano Diocesano anunci\u00f3 que bajo el tema \u201cMar\u00eda Cauce de la Luz\u201d, se llevar\u00e1 a cabo la edici\u00f3n 29 de este esperado evento.<\/p>\n<p>El objetivo del Encuentro Mariano es fortalecer la fe cat\u00f3lica y compartir, de manera profesional y amigable, a trav\u00e9s del testimonio y experiencia de reconocidos conferencistas, interesantes t\u00f3picos con instrucci\u00f3n catequ\u00e9tica, con un estilo motivador, reflexivo, esperanzador e inspirado en la Virgen Mar\u00eda.<\/p>\n<p>La vig\u00e9sima novena edici\u00f3n del Encuentro Mariano se realizar\u00e1 el s\u00e1bado 14 de octubre, en el Canc\u00fan Center, en la zona hotelera, a partir de las 10 a.m. y tendr\u00e1 un costo de $100.00 pesos por persona.<\/p>\n<p>En tanto, al encabezar ayer la segunda edici\u00f3n del encuentro interinstitucional \u201cSomos tu red de apoyo Quintana Roo\u201d como parte de las acciones para combatir y erradicar la violencia contra las mujeres, la gobernadora Mara Lezama Espinosa reiter\u00f3 que en este gobierno humanista y progresista las mujeres son prioridad.<\/p>\n<p>En este encuentro Fabiola Alan\u00eds S\u00e1mano, titular de la Comisi\u00f3n Nacional para Prevenir y Erradicar la Violencia contra las Mujeres (CONAVIM) reconoci\u00f3 que en un a\u00f1o se observa un Quintana Roo diferente, en donde los datos de la Encuesta Nacional de Ingresos y Egresos de los Hogares colocan a la entidad en la posici\u00f3n 10 como las mejores en donde se ha incrementado sustancialmente el ingreso de las familias.<\/p>\n<p>Destac\u00f3 que esto es resultado de un a\u00f1o de trabajo de Mara Lezama, porque adem\u00e1s de los programas federales que impulsa el presidente Andr\u00e9s Manuel L\u00f3pez Obrador, la Gobernadora ha puesto a andar acciones directas para apoyar a las mujeres con un padr\u00f3n cercano a 90 mil beneficiarias con recursos estatales.<\/p>\n<p>\u201cY eso les est\u00e1 permitiendo garantizar y promover la autonom\u00eda econ\u00f3mica que requieren para salir de los c\u00edrculos de la violencia\u201d asegur\u00f3.<\/p>\n<p>Tambi\u00e9n mencion\u00f3 que Mara Lezama es un referente nacional en la forma de c\u00f3mo se trabaja para avanzar en sociedad, promoviendo mejores condiciones de igualdad y de equidad entre hombres y mujeres, como \u201cSomos tu red de apoyo Quintana Roo\u201d en el que todas las instituciones hacen la parte que les corresponde para atender a las mujeres y sacarlas del c\u00edrculo vicioso de las violencias.<\/p>\n<p>Durante el mensaje dirigido a todas y todos quienes integran esta red de apoyo, la gobernadora Mara Lezama precis\u00f3 que en Quintana Roo la erradicaci\u00f3n de la violencia contra ni\u00f1as, adolescentes y mujeres es un asunto de Estado. \u201cPor eso estamos aqu\u00ed, porque en la atenci\u00f3n de este problema p\u00fablico no hay lugar para sectarismos, ideolog\u00edas o diferencias partidistas. Aqu\u00ed todas y todos jalamos parejo y avanzamos en la misma direcci\u00f3n\u201d, precis\u00f3.<\/p>\n<p>\u201cEn el trayecto hacia un Quintana Roo libre de violencia de g\u00e9nero tenemos el rumbo claro\u201d a\u00f1adi\u00f3 la Gobernadora al explicar que en todos los foros, en todas las ocasiones, en todos los eventos, donde sea, habla de la necesidad de salir del c\u00edrculo de la violencia, de alzar la voz, de denunciar porque en este gobierno s\u00ed se escucha a las mujeres y hay espacios para su atenci\u00f3n.<\/p>\n<p>\u201cEl Nuevo Acuerdo por el Bienestar y Desarrollo de Quintana Roo es el mapa de navegaci\u00f3n. Ah\u00ed est\u00e1n perfectamente marcadas las coordenadas para alcanzar la autonom\u00eda plena de las mujeres\u201d a\u00f1adi\u00f3.<\/p>\n<p>Ahora le informo que con un enfoque integral en mejorar la ciudad con visi\u00f3n ecol\u00f3gica, el celebrarse la Quincuag\u00e9sima Sesi\u00f3n Ordinaria, encabezada por la Presidenta Municipal, Ana Paty Peralta, el Cabildo de Benito Ju\u00e1rez aprob\u00f3 por unanimidad celebrar diferentes acuerdos para mejorar el reciclaje de residuos s\u00f3lidos, cuidar el Parque de la Equidad, promover la creaci\u00f3n de huertos urbanos y evitar la contaminaci\u00f3n auditiva en la ciudad.<\/p>\n<p>A fin de realizar en conjunto entre el Ayuntamiento de Benito Ju\u00e1rez y el Gobierno del Estado el mantenimiento y limpieza de las \u00e1reas verdes dentro del Parque de la Equidad, el cuerpo cabildar vot\u00f3 por unanimidad suscribir un Convenio de Colaboraci\u00f3n con la Agencia de Proyectos Estrat\u00e9gicos de Quintana Roo (AGEPRO), en el que se indica que la instancia estatal proporcionar\u00e1 el equipo, herramientas e insumos como consumibles y fertilizantes.<\/p>\n<p>Por otro lado, para fortalecer el acopio de residuos s\u00f3lidos reciclables en la ciudad, la Presidenta Municipal respald\u00f3 la celebraci\u00f3n de dos convenios de colaboraci\u00f3n y coordinaci\u00f3n que acept\u00f3 de forma un\u00e1nime el Cabildo, siendo el primero con la empresa \u201cReciclajes Electr\u00f3nicos del Sur, S.A. de C.V.\u201d, que recibir\u00e1 el material acopiado en el Primer Punto Fijo del Programa \u201cReciclat\u00f3n\u201d en el Parque de la Equidad, ubicado en la Avenida Canc\u00fan, entre calle Pehalt\u00fan y Porto Alegre; y el segundo de ellos, con \u201cServicios de Mantenimiento Ecol\u00f3gico del Caribe, S.A. de C.V.\u201d, quien har\u00e1 el acopio de los reutilizables valorizables y de manejo especial que se generen en las oficinas municipales.<\/p>\n<p>Para continuar con esos objetivos de garantizar el uso racional de los recursos naturales, la preservaci\u00f3n del equilibrio ecol\u00f3gico y restauraci\u00f3n del medio ambiente, el Cabildo vot\u00f3 por unanimidad reformas al Reglamento de Acci\u00f3n Clim\u00e1tica y Protecci\u00f3n Ambiental de Benito Ju\u00e1rez, para fomentar la creaci\u00f3n de huertos urbanos y arborizaci\u00f3n en toda la ciudad con la participaci\u00f3n de la poblaci\u00f3n y el acompa\u00f1amiento de las autoridades municipales.<\/p>\n<p>En suma, se har\u00e1n modificaciones a diferentes reglamentos en materia ambiental para modificar la denominaci\u00f3n de Patronato del Bienestar Animal a Patronato de Protecci\u00f3n al Ambiente, cuya finalidad es auxiliar la obtenci\u00f3n de recursos econ\u00f3micos extraordinarios o en especie que permitan a la direcci\u00f3n general de Ecolog\u00eda cumplir, promover y vigilar el acatamiento de las disposiciones en materia de equilibrio ecol\u00f3gico, cambio clim\u00e1tico, protecci\u00f3n ambiental, arbolado urbano, as\u00ed como protecci\u00f3n y bienestar animal.<\/p>\n<p>A fin de regular el ruido que se genera en casas, condominios, \u00e1reas p\u00fablicas o de uso com\u00fan, de conformidad con las normas oficiales mexicanas, los regidores votaron por unanimidad diversas disposiciones de los reglamentos de Acci\u00f3n Clim\u00e1tica y Protecci\u00f3n Ambiental, y de Justicia C\u00edvica, a lo que la Presidenta Municipal coment\u00f3 que se tendr\u00e1n que hacer las inspecciones necesarias para su cumplimiento.<\/p>\n<p>\u201cEste es un trabajo coordinado entre la direcci\u00f3n de Ecolog\u00eda y viene de una petici\u00f3n ciudadana en las Jornadas de Atenci\u00f3n Ciudadana \u00b4\u00a1Canc\u00fan nos une!\u00b4, en las cuales hemos llegado a tener varios reclamos de vecinas y vecinos por exceso de ruido y el objetivo es que primero haya una conciliaci\u00f3n a trav\u00e9s del nuevo modelo de justicia c\u00edvica\u201d, afirm\u00f3 la Presidenta Municipal.<\/p>\n<p>En otro tema, por unanimidad se modificar\u00e1n las Reglas de Operaci\u00f3n para la aplicaci\u00f3n de los Recursos P\u00fablicos que se generen por concepto del Derecho de Saneamiento Ambiental de Benito Ju\u00e1rez, relativo al quorum requerido para que el Comit\u00e9 T\u00e9cnico sesione v\u00e1lidamente cuando se encuentre presente la mitad m\u00e1s uno de sus integrantes y cuando al menos uno de ellos, sea su presidente o el suplente; empero, lo anterior ser\u00e1 motivo de otro an\u00e1lisis en posterior entrega de <strong><em>Hora 14<\/em><\/strong>.<\/p>\n<p><u><em><a href=\"mailto:%20mauricio_conde@msn.com\" target=\"_blank\" rel=\"noopener noreferrer\">mauricioconde59@outlook.com<\/a><\/em><\/u><\/p>\n","protected":false},"excerpt":{"rendered":"<p><span style=\"color: #005497;\"><strong>Mauricio Conde Olivares<\/strong><\/span><\/p>\n","protected":false},"author":3,"featured_media":0,"comment_status":"open","ping_status":"open","sticky":false,"template":"","format":"standard","meta":{"_monsterinsights_skip_tracking":false,"_monsterinsights_sitenote_active":false,"_monsterinsights_sitenote_note":"","_monsterinsights_sitenote_category":0,"footnotes":""},"categories":[35889],"tags":[43712,43674,44860],"class_list":["post-597819","post","type-post","status-publish","format-standard","hentry","category-mauricio-conde-olivares","tag-mauricio-conde-olivares","tag-opinion","tag-hora-14"],"_links":{"self":[{"href":"https:\/\/www.diarioimagen.net\/index.php?rest_route=\/wp\/v2\/posts\/597819","targetHints":{"allow":["GET"]}}],"collection":[{"href":"https:\/\/www.diarioimagen.net\/index.php?rest_route=\/wp\/v2\/posts"}],"about":[{"href":"https:\/\/www.diarioimagen.net\/index.php?rest_route=\/wp\/v2\/types\/post"}],"author":[{"embeddable":true,"href":"https:\/\/www.diarioimagen.net\/index.php?rest_route=\/wp\/v2\/users\/3"}],"replies":[{"embeddable":true,"href":"https:\/\/www.diarioimagen.net\/index.php?rest_route=%2Fwp%2Fv2%2Fcomments&post=597819"}],"version-history":[{"count":0,"href":"https:\/\/www.diarioimagen.net\/index.php?rest_route=\/wp\/v2\/posts\/597819\/revisions"}],"wp:attachment":[{"href":"https:\/\/www.diarioimagen.net\/index.php?rest_route=%2Fwp%2Fv2%2Fmedia&parent=597819"}],"wp:term":[{"taxonomy":"category","embeddable":true,"href":"https:\/\/www.diarioimagen.net\/index.php?rest_route=%2Fwp%2Fv2%2Fcategories&post=597819"},{"taxonomy":"post_tag","embeddable":true,"href":"https:\/\/www.diarioimagen.net\/index.php?rest_route=%2Fwp%2Fv2%2Ftags&post=597819"}],"curies":[{"name":"wp","href":"https:\/\/api.w.org\/{rel}","templated":true}]}}